{"id":10253,"date":"2022-01-20T19:35:46","date_gmt":"2022-01-20T19:35:46","guid":{"rendered":"https:\/\/conadi.gob.gt\/web\/?p=10253"},"modified":"2022-01-20T19:35:46","modified_gmt":"2022-01-20T19:35:46","slug":"mesa-tematica-de-personas-con-discapacidad-se-reactivara","status":"publish","type":"post","link":"https:\/\/conadi.gob.gt\/web\/mesa-tematica-de-personas-con-discapacidad-se-reactivara\/","title":{"rendered":"Mesa Tem\u00e1tica de Personas con Discapacidad se Reactivar\u00e1"},"content":{"rendered":"\n<p>La reactivaci\u00f3n de la Mesa Tem\u00e1tica de Personas con Discapacidad y la implementaci\u00f3n de las pol\u00edticas p\u00fablicas vinculadas al Gabinete Espec\u00edfico de Desarrollo Social (GEDS) fue el tema abordado en la reuni\u00f3n donde particip\u00f3 Clarivel Castillo, presidenta del CONADI y Sergio Gonzales y Mar\u00eda Iveth Lemus del Equipo T\u00e9cnico de la Direcci\u00f3n de Monitoreo y Evaluaci\u00f3n del Viceministerio de Desarrollo y Evaluaci\u00f3n del Ministerio de Desarrollo y Pilar Chuc Mellado, de la Unidad de G\u00e9nero de referida instituci\u00f3n. <\/p>\n\n\n\n<p>La mesa tem\u00e1tica se reactivar\u00e1 en el 2022, tomando en cuenta la importancia de impulsar el avance del cumplimiento de derechos en beneficio de la poblaci\u00f3n con discapacidad.<\/p>\n\n\n\n<p><\/p>\n\n\n\n<figure class=\"wp-block-image size-large\"><img loading=\"lazy\" decoding=\"async\" width=\"1024\" height=\"682\" src=\"https:\/\/conadi.gob.gt\/web\/wp-content\/uploads\/2022\/01\/Reunion-con-Gets-1024x682.jpg\" alt=\"\" class=\"wp-image-10254\" srcset=\"https:\/\/conadi.gob.gt\/web\/wp-content\/uploads\/2022\/01\/Reunion-con-Gets-1024x682.jpg 1024w, https:\/\/conadi.gob.gt\/web\/wp-content\/uploads\/2022\/01\/Reunion-con-Gets-300x200.jpg 300w, https:\/\/conadi.gob.gt\/web\/wp-content\/uploads\/2022\/01\/Reunion-con-Gets-768x512.jpg 768w, https:\/\/conadi.gob.gt\/web\/wp-content\/uploads\/2022\/01\/Reunion-con-Gets.jpg 1280w\" sizes=\"auto, (max-width: 1024px) 100vw, 1024px\" \/><figcaption>Presidenta del CONADI, Clarivel Castillo se re\u00fane con representantes del Ministerio de Desarrollo Social (MIDES)<\/figcaption><\/figure>\n","protected":false},"excerpt":{"rendered":"<p>La reactivaci\u00f3n de la Mesa Tem\u00e1tica de Personas con Discapacidad y la implementaci\u00f3n de las pol\u00edticas p\u00fablicas vinculadas al Gabinete Espec\u00edfico de Desarrollo Social (GEDS) fue el tema abordado en la reuni\u00f3n donde particip\u00f3 Clarivel Castillo, presidenta del CONADI y Sergio Gonzales y Mar\u00eda Iveth Lemus del Equipo T\u00e9cnico de la Direcci\u00f3n de Monitoreo y &hellip; <\/p>\n<p class=\"link-more\"><a href=\"https:\/\/conadi.gob.gt\/web\/mesa-tematica-de-personas-con-discapacidad-se-reactivara\/\" class=\"more-link\">Leer m\u00e1s<span class=\"screen-reader-text\"> \u00abMesa Tem\u00e1tica de Personas con Discapacidad se Reactivar\u00e1\u00bb<\/span><\/a><\/p>\n","protected":false},"author":12,"featured_media":10255,"comment_status":"closed","ping_status":"closed","sticky":false,"template":"","format":"standard","meta":{"footnotes":""},"categories":[3],"tags":[],"class_list":["post-10253","post","type-post","status-publish","format-standard","has-post-thumbnail","hentry","category-noticias"],"_links":{"self":[{"href":"https:\/\/conadi.gob.gt\/web\/wp-json\/wp\/v2\/posts\/10253","targetHints":{"allow":["GET"]}}],"collection":[{"href":"https:\/\/conadi.gob.gt\/web\/wp-json\/wp\/v2\/posts"}],"about":[{"href":"https:\/\/conadi.gob.gt\/web\/wp-json\/wp\/v2\/types\/post"}],"author":[{"embeddable":true,"href":"https:\/\/conadi.gob.gt\/web\/wp-json\/wp\/v2\/users\/12"}],"replies":[{"embeddable":true,"href":"https:\/\/conadi.gob.gt\/web\/wp-json\/wp\/v2\/comments?post=10253"}],"version-history":[{"count":1,"href":"https:\/\/conadi.gob.gt\/web\/wp-json\/wp\/v2\/posts\/10253\/revisions"}],"predecessor-version":[{"id":10256,"href":"https:\/\/conadi.gob.gt\/web\/wp-json\/wp\/v2\/posts\/10253\/revisions\/10256"}],"wp:featuredmedia":[{"embeddable":true,"href":"https:\/\/conadi.gob.gt\/web\/wp-json\/wp\/v2\/media\/10255"}],"wp:attachment":[{"href":"https:\/\/conadi.gob.gt\/web\/wp-json\/wp\/v2\/media?parent=10253"}],"wp:term":[{"taxonomy":"category","embeddable":true,"href":"https:\/\/conadi.gob.gt\/web\/wp-json\/wp\/v2\/categories?post=10253"},{"taxonomy":"post_tag","embeddable":true,"href":"https:\/\/conadi.gob.gt\/web\/wp-json\/wp\/v2\/tags?post=10253"}],"curies":[{"name":"wp","href":"https:\/\/api.w.org\/{rel}","templated":true}]}}