{"id":10333,"date":"2022-02-08T14:09:50","date_gmt":"2022-02-08T14:09:50","guid":{"rendered":"https:\/\/conadi.gob.gt\/web\/?p=10333"},"modified":"2022-02-08T14:09:50","modified_gmt":"2022-02-08T14:09:50","slug":"se-establece-comision-sobre-discapacidad-en-el-legislativo","status":"publish","type":"post","link":"https:\/\/conadi.gob.gt\/web\/se-establece-comision-sobre-discapacidad-en-el-legislativo\/","title":{"rendered":"SE ESTABLECE COMISI\u00d3N SOBRE DISCAPACIDAD EN EL LEGISLATIVO"},"content":{"rendered":"\n<p>La estrategia a desarrollar en la Comisi\u00f3n de Asuntos de Discapacidad del Congreso de la Rep\u00fablica, fue el tema abordado por el diputado Juan Carlos Rivera, presidente de referida sala legislativa y Clarivel Castillo, presidenta del Consejo Nacional para la Atenci\u00f3n de las Personas con Discapacidad (CONADI) durante su primer encuentro.<\/p>\n\n\n\n<p><br \/>La comisi\u00f3n ya cuenta con la integraci\u00f3n de 11 diputados de diferentes bancadas, quedando conformada de la siguiente manera: Juan Carlos Rivera Estevez, presidente; Lesly Valenzuela, vicepresidente; Aldo D\u00e1vila, secretario. Adem\u00e1s los diputados, Edwin Lux, Carlos Barreda, Mariano Soch, Manuel De Jes\u00fas Rivera, Vicenta Jer\u00f3nimo, Sergio Matta, Marvin Samayoa, Mario Taracena.<\/p>\n\n\n\n<p><\/p>\n\n\n\n<figure class=\"wp-block-image size-full\"><img loading=\"lazy\" decoding=\"async\" width=\"497\" height=\"533\" src=\"https:\/\/conadi.gob.gt\/web\/wp-content\/uploads\/2022\/02\/COMISION-1.jpg\" alt=\"\" class=\"wp-image-10334\" srcset=\"https:\/\/conadi.gob.gt\/web\/wp-content\/uploads\/2022\/02\/COMISION-1.jpg 497w, https:\/\/conadi.gob.gt\/web\/wp-content\/uploads\/2022\/02\/COMISION-1-280x300.jpg 280w\" sizes=\"auto, (max-width: 497px) 100vw, 497px\" \/><\/figure>\n","protected":false},"excerpt":{"rendered":"<p>La estrategia a desarrollar en la Comisi\u00f3n de Asuntos de Discapacidad del Congreso de la Rep\u00fablica, fue el tema abordado por el diputado Juan Carlos Rivera, presidente de referida sala legislativa y Clarivel Castillo, presidenta del Consejo Nacional para la Atenci\u00f3n de las Personas con Discapacidad (CONADI) durante su primer encuentro. La comisi\u00f3n ya cuenta &hellip; <\/p>\n<p class=\"link-more\"><a href=\"https:\/\/conadi.gob.gt\/web\/se-establece-comision-sobre-discapacidad-en-el-legislativo\/\" class=\"more-link\">Leer m\u00e1s<span class=\"screen-reader-text\"> \u00abSE ESTABLECE COMISI\u00d3N SOBRE DISCAPACIDAD EN EL LEGISLATIVO\u00bb<\/span><\/a><\/p>\n","protected":false},"author":12,"featured_media":10336,"comment_status":"closed","ping_status":"closed","sticky":false,"template":"","format":"standard","meta":{"footnotes":""},"categories":[3],"tags":[],"class_list":["post-10333","post","type-post","status-publish","format-standard","has-post-thumbnail","hentry","category-noticias"],"_links":{"self":[{"href":"https:\/\/conadi.gob.gt\/web\/wp-json\/wp\/v2\/posts\/10333","targetHints":{"allow":["GET"]}}],"collection":[{"href":"https:\/\/conadi.gob.gt\/web\/wp-json\/wp\/v2\/posts"}],"about":[{"href":"https:\/\/conadi.gob.gt\/web\/wp-json\/wp\/v2\/types\/post"}],"author":[{"embeddable":true,"href":"https:\/\/conadi.gob.gt\/web\/wp-json\/wp\/v2\/users\/12"}],"replies":[{"embeddable":true,"href":"https:\/\/conadi.gob.gt\/web\/wp-json\/wp\/v2\/comments?post=10333"}],"version-history":[{"count":1,"href":"https:\/\/conadi.gob.gt\/web\/wp-json\/wp\/v2\/posts\/10333\/revisions"}],"predecessor-version":[{"id":10337,"href":"https:\/\/conadi.gob.gt\/web\/wp-json\/wp\/v2\/posts\/10333\/revisions\/10337"}],"wp:featuredmedia":[{"embeddable":true,"href":"https:\/\/conadi.gob.gt\/web\/wp-json\/wp\/v2\/media\/10336"}],"wp:attachment":[{"href":"https:\/\/conadi.gob.gt\/web\/wp-json\/wp\/v2\/media?parent=10333"}],"wp:term":[{"taxonomy":"category","embeddable":true,"href":"https:\/\/conadi.gob.gt\/web\/wp-json\/wp\/v2\/categories?post=10333"},{"taxonomy":"post_tag","embeddable":true,"href":"https:\/\/conadi.gob.gt\/web\/wp-json\/wp\/v2\/tags?post=10333"}],"curies":[{"name":"wp","href":"https:\/\/api.w.org\/{rel}","templated":true}]}}