{"id":10350,"date":"2022-02-11T22:23:50","date_gmt":"2022-02-11T22:23:50","guid":{"rendered":"https:\/\/conadi.gob.gt\/web\/?p=10350"},"modified":"2022-02-11T22:33:29","modified_gmt":"2022-02-11T22:33:29","slug":"suscriben-convenio-interinstitucional-caipd","status":"publish","type":"post","link":"https:\/\/conadi.gob.gt\/web\/suscriben-convenio-interinstitucional-caipd\/","title":{"rendered":"Suscriben convenio interinstitucional CAIPD"},"content":{"rendered":"\n<p>El convenio interinstitucional del Centro de Atenci\u00f3n Integral para Personas con Discapacidad (CAIPD) fue suscrito el 11 de febrero de 2022 en el Patio de la Paz del Palacio Nacional de la Cultura. El documento fue firmado por \u00c1lvaro D\u00edaz Vel\u00e1squez, titular de la Secretaria de la Coordinaci\u00f3n Ejecutiva de la Presidencia; Gilberto L\u00f3pez, alcalde de San Jer\u00f3nimo, Baja Verapaz; Clarivel Castillo, presidenta del CONADI, estas instituciones estar\u00e1n al frente de referido centro.<\/p>\n\n\n\n<p>Asimismo, el presidente de la rep\u00fablica, Alejandro Giammattei firm\u00f3 como testigo de honor y las autoridades de instituciones de gobierno tambi\u00e9n emitieron su r\u00fabrica, debido a que desarrollar\u00e1n programas en el CAIP.<\/p>\n\n\n\n<p>Este nuevo centro brindar\u00e1 apoyo a las personas con discapacidad en departamentos del norte del pa\u00eds. Las instituciones involucradas desarrollar\u00e1n programas de terapia, rehabilitaciones, fisioterapia, hidroterapia, psicolog\u00eda, terapia del lenguaje, educaci\u00f3n especial con enfoque de derechos humanos.<\/p>\n\n\n\n<p><\/p>\n\n\n\n<p><\/p>\n\n\n\n<figure class=\"wp-block-image size-large\"><img loading=\"lazy\" decoding=\"async\" width=\"1024\" height=\"682\" src=\"https:\/\/conadi.gob.gt\/web\/wp-content\/uploads\/2022\/02\/7e99579c-e627-44b4-b86f-49333d3af72b-1024x682.jpg\" alt=\"Firma de convenio interinstitucional CAIPD\" class=\"wp-image-10351\" srcset=\"https:\/\/conadi.gob.gt\/web\/wp-content\/uploads\/2022\/02\/7e99579c-e627-44b4-b86f-49333d3af72b-1024x682.jpg 1024w, https:\/\/conadi.gob.gt\/web\/wp-content\/uploads\/2022\/02\/7e99579c-e627-44b4-b86f-49333d3af72b-300x200.jpg 300w, https:\/\/conadi.gob.gt\/web\/wp-content\/uploads\/2022\/02\/7e99579c-e627-44b4-b86f-49333d3af72b-768x512.jpg 768w, https:\/\/conadi.gob.gt\/web\/wp-content\/uploads\/2022\/02\/7e99579c-e627-44b4-b86f-49333d3af72b.jpg 1280w\" sizes=\"auto, (max-width: 1024px) 100vw, 1024px\" \/><figcaption>Firma de Convenio Interinstitucional CAIPD<\/figcaption><\/figure>\n","protected":false},"excerpt":{"rendered":"<p>El convenio interinstitucional del Centro de Atenci\u00f3n Integral para Personas con Discapacidad (CAIPD) fue suscrito el 11 de febrero de 2022 en el Patio de la Paz del Palacio Nacional de la Cultura. El documento fue firmado por \u00c1lvaro D\u00edaz Vel\u00e1squez, titular de la Secretaria de la Coordinaci\u00f3n Ejecutiva de la Presidencia; Gilberto L\u00f3pez, alcalde &hellip; <\/p>\n<p class=\"link-more\"><a href=\"https:\/\/conadi.gob.gt\/web\/suscriben-convenio-interinstitucional-caipd\/\" class=\"more-link\">Leer m\u00e1s<span class=\"screen-reader-text\"> \u00abSuscriben convenio interinstitucional CAIPD\u00bb<\/span><\/a><\/p>\n","protected":false},"author":12,"featured_media":10353,"comment_status":"closed","ping_status":"closed","sticky":false,"template":"","format":"standard","meta":{"footnotes":""},"categories":[3],"tags":[],"class_list":["post-10350","post","type-post","status-publish","format-standard","has-post-thumbnail","hentry","category-noticias"],"_links":{"self":[{"href":"https:\/\/conadi.gob.gt\/web\/wp-json\/wp\/v2\/posts\/10350","targetHints":{"allow":["GET"]}}],"collection":[{"href":"https:\/\/conadi.gob.gt\/web\/wp-json\/wp\/v2\/posts"}],"about":[{"href":"https:\/\/conadi.gob.gt\/web\/wp-json\/wp\/v2\/types\/post"}],"author":[{"embeddable":true,"href":"https:\/\/conadi.gob.gt\/web\/wp-json\/wp\/v2\/users\/12"}],"replies":[{"embeddable":true,"href":"https:\/\/conadi.gob.gt\/web\/wp-json\/wp\/v2\/comments?post=10350"}],"version-history":[{"count":5,"href":"https:\/\/conadi.gob.gt\/web\/wp-json\/wp\/v2\/posts\/10350\/revisions"}],"predecessor-version":[{"id":10357,"href":"https:\/\/conadi.gob.gt\/web\/wp-json\/wp\/v2\/posts\/10350\/revisions\/10357"}],"wp:featuredmedia":[{"embeddable":true,"href":"https:\/\/conadi.gob.gt\/web\/wp-json\/wp\/v2\/media\/10353"}],"wp:attachment":[{"href":"https:\/\/conadi.gob.gt\/web\/wp-json\/wp\/v2\/media?parent=10350"}],"wp:term":[{"taxonomy":"category","embeddable":true,"href":"https:\/\/conadi.gob.gt\/web\/wp-json\/wp\/v2\/categories?post=10350"},{"taxonomy":"post_tag","embeddable":true,"href":"https:\/\/conadi.gob.gt\/web\/wp-json\/wp\/v2\/tags?post=10350"}],"curies":[{"name":"wp","href":"https:\/\/api.w.org\/{rel}","templated":true}]}}