{"id":10379,"date":"2022-02-17T22:09:14","date_gmt":"2022-02-17T22:09:14","guid":{"rendered":"https:\/\/conadi.gob.gt\/web\/?p=10379"},"modified":"2022-02-17T22:09:14","modified_gmt":"2022-02-17T22:09:14","slug":"autoridades-del-conadi-promueven-la-inclusion-de-iniciativas-de-ley-sobre-discapacidad-en-agenda-parlamentaria","status":"publish","type":"post","link":"https:\/\/conadi.gob.gt\/web\/autoridades-del-conadi-promueven-la-inclusion-de-iniciativas-de-ley-sobre-discapacidad-en-agenda-parlamentaria\/","title":{"rendered":"Autoridades del CONADI promueven la inclusi\u00f3n de iniciativas de ley sobre discapacidad en agenda parlamentaria"},"content":{"rendered":"\n<p>En conferencia de prensa autoridades del Consejo Nacional para la Atenci\u00f3n de las Personas con Discapacidad (CONADI) y diputados que integran la Comisi\u00f3n de Asuntos Sobre Discapacidad del Congreso de la Rep\u00fablica, se pronunciaron sobre las iniciativas de ley con enfoque de discapacidad que dar\u00e1n seguimiento durante el 2022. En el pronunciamiento, Clarivel Castillo, presidenta del CONADI, argument\u00f3 que dentro de la ruta de trabajo que promueve el Consejo, se encuentra el seguimiento a las iniciativas de ley que buscan el cumplimiento de derechos de las personas con discapacidad, poblaci\u00f3n que en Guatemala asciende a 1 mill\u00f3n 600 mil habitantes. <\/p>\n\n\n\n<p>En tanto, los diputado Juan Carlos Rivera Est\u00e9vez, presidente de la sala de trabajo en referencia y el diputado Aldo D\u00e1vila, manifestaron que promover\u00e1n ante jefes de bloques el avance de las iniciativas de ley y sean incluidas en la agenda legislativa.Entre las iniciativas m\u00e1s recientes se encuentran: Clasificador Tem\u00e1tico con Enfoque de Discapacidad, que tiene el prop\u00f3sito de facilitar el seguimiento de la ejecuci\u00f3n de recursos financieros en las instituciones de gobierno a trav\u00e9s de un clasificador tem\u00e1tico, identificando acciones realizadas en beneficio de las personas con discapacidad. <\/p>\n\n\n\n<p>Asimismo, debe darse continuidad al an\u00e1lisis y discusi\u00f3n de la iniciativa de la Certificaci\u00f3n de la Discapacidad con representantes de las instituciones involucradas en el proyecto e incidir en el avance de la iniciativa de ley de Fomento al Empleo, Trabajo y Emprendimiento para Personas con Discapacidad, que tiene la finalidad de alcanzar la igualdad de oportunidades dentro de la actividad productiva. Los temas referidos son parte de las acciones prioritarias en beneficio de este importante sector y tiene el prop\u00f3sito de iniciar con la armonizaci\u00f3n del marco normativo nacional con la Convenci\u00f3n de Naciones Unidas Sobre los Derechos de las Personas con Discapacidad, instrumento adoptado por el Estado de Guatemala en el 2008. Para ello, los parlamentarios han iniciado a trabajar de manera coordinada con el Consejo Nacional para la Atenci\u00f3n de las Personas con Discapacidad (Conadi) y organizaciones de personas con discapacidad.<\/p>\n\n\n\n<p><\/p>\n\n\n\n<figure class=\"wp-block-image size-full\"><img loading=\"lazy\" decoding=\"async\" width=\"802\" height=\"802\" src=\"https:\/\/conadi.gob.gt\/web\/wp-content\/uploads\/2022\/02\/Collage-Comision-Disca.jpg\" alt=\"Conadi y Comisi\u00f3n de Asuntos Sobre Discapacidad se re\u00fanen para conocer iniciativas de ley sobre discapacidad a dar seguimiento\" class=\"wp-image-10380\" srcset=\"https:\/\/conadi.gob.gt\/web\/wp-content\/uploads\/2022\/02\/Collage-Comision-Disca.jpg 802w, https:\/\/conadi.gob.gt\/web\/wp-content\/uploads\/2022\/02\/Collage-Comision-Disca-300x300.jpg 300w, https:\/\/conadi.gob.gt\/web\/wp-content\/uploads\/2022\/02\/Collage-Comision-Disca-150x150.jpg 150w, https:\/\/conadi.gob.gt\/web\/wp-content\/uploads\/2022\/02\/Collage-Comision-Disca-768x768.jpg 768w\" sizes=\"auto, (max-width: 802px) 100vw, 802px\" \/><figcaption>Autoridades del CONADI y diputados de la Comisi\u00f3n de Asuntos sobre Discapacidad se re\u00fanen para conocer iniciativas de ley con enfoque de discapacidad a dar seguimiento en el Congreso de la Rep\u00fablica.<\/figcaption><\/figure>\n","protected":false},"excerpt":{"rendered":"<p>En conferencia de prensa autoridades del Consejo Nacional para la Atenci\u00f3n de las Personas con Discapacidad (CONADI) y diputados que integran la Comisi\u00f3n de Asuntos Sobre Discapacidad del Congreso de la Rep\u00fablica, se pronunciaron sobre las iniciativas de ley con enfoque de discapacidad que dar\u00e1n seguimiento durante el 2022. En el pronunciamiento, Clarivel Castillo, presidenta &hellip; <\/p>\n<p class=\"link-more\"><a href=\"https:\/\/conadi.gob.gt\/web\/autoridades-del-conadi-promueven-la-inclusion-de-iniciativas-de-ley-sobre-discapacidad-en-agenda-parlamentaria\/\" class=\"more-link\">Leer m\u00e1s<span class=\"screen-reader-text\"> \u00abAutoridades del CONADI promueven la inclusi\u00f3n de iniciativas de ley sobre discapacidad en agenda parlamentaria\u00bb<\/span><\/a><\/p>\n","protected":false},"author":12,"featured_media":10381,"comment_status":"closed","ping_status":"closed","sticky":false,"template":"","format":"standard","meta":{"footnotes":""},"categories":[3],"tags":[],"class_list":["post-10379","post","type-post","status-publish","format-standard","has-post-thumbnail","hentry","category-noticias"],"_links":{"self":[{"href":"https:\/\/conadi.gob.gt\/web\/wp-json\/wp\/v2\/posts\/10379","targetHints":{"allow":["GET"]}}],"collection":[{"href":"https:\/\/conadi.gob.gt\/web\/wp-json\/wp\/v2\/posts"}],"about":[{"href":"https:\/\/conadi.gob.gt\/web\/wp-json\/wp\/v2\/types\/post"}],"author":[{"embeddable":true,"href":"https:\/\/conadi.gob.gt\/web\/wp-json\/wp\/v2\/users\/12"}],"replies":[{"embeddable":true,"href":"https:\/\/conadi.gob.gt\/web\/wp-json\/wp\/v2\/comments?post=10379"}],"version-history":[{"count":1,"href":"https:\/\/conadi.gob.gt\/web\/wp-json\/wp\/v2\/posts\/10379\/revisions"}],"predecessor-version":[{"id":10382,"href":"https:\/\/conadi.gob.gt\/web\/wp-json\/wp\/v2\/posts\/10379\/revisions\/10382"}],"wp:featuredmedia":[{"embeddable":true,"href":"https:\/\/conadi.gob.gt\/web\/wp-json\/wp\/v2\/media\/10381"}],"wp:attachment":[{"href":"https:\/\/conadi.gob.gt\/web\/wp-json\/wp\/v2\/media?parent=10379"}],"wp:term":[{"taxonomy":"category","embeddable":true,"href":"https:\/\/conadi.gob.gt\/web\/wp-json\/wp\/v2\/categories?post=10379"},{"taxonomy":"post_tag","embeddable":true,"href":"https:\/\/conadi.gob.gt\/web\/wp-json\/wp\/v2\/tags?post=10379"}],"curies":[{"name":"wp","href":"https:\/\/api.w.org\/{rel}","templated":true}]}}