{"id":10447,"date":"2022-02-23T20:42:14","date_gmt":"2022-02-23T20:42:14","guid":{"rendered":"https:\/\/conadi.gob.gt\/web\/?p=10447"},"modified":"2022-10-25T18:19:49","modified_gmt":"2022-10-25T18:19:49","slug":"inciso-1-estructura-organica-2","status":"publish","type":"post","link":"https:\/\/conadi.gob.gt\/web\/inciso-1-estructura-organica-2\/","title":{"rendered":"INCISO 1 ESTRUCTURA ORGANICA"},"content":{"rendered":"\n<div class=\"wp-block-group is-layout-flow wp-block-group-is-layout-flow\">\n<figure class=\"wp-block-table\"><table class=\"has-fixed-layout\"><tbody><tr><td><a href=\"https:\/\/conadi.gob.gt\/web\/wp-content\/uploads\/2019\/06\/Organigrama-General-y-por-Direcciones.pdf\">Organigrama General y por Direcciones<\/a><\/td><td><a href=\"https:\/\/conadi.gob.gt\/web\/wp-content\/uploads\/2019\/06\/Funciones-de-las-Dependencias.pdf\">Funciones de las Dependencias<\/a><\/td><\/tr><tr><td><a href=\"https:\/\/conadi.gob.gt\/web\/wp-content\/uploads\/2019\/10\/REGLAMENTO-ORGANICO-CONADI-1.pdf\">Reglamento Org\u00e1nico Interno<\/a><\/td><td><a href=\"https:\/\/conadi.gob.gt\/web\/wp-content\/uploads\/2019\/06\/Manual-Organizacional.pdf\">Manual Organizacional<\/a><\/td><\/tr><tr><td><a href=\"https:\/\/conadi.gob.gt\/web\/wp-content\/uploads\/2022\/02\/COMPENDIO-Marco-Normativo-de-Discapacidad-CONADI-2021-INTERACTIVO-POR-PAGINAS.pdf\">Compendio Marco Normativo sobre Discapacidad<\/a><\/td><td><a href=\"https:\/\/conadi.gob.gt\/web\/wp-content\/uploads\/2019\/06\/Manual-de-Procesos-y-Procedimientos.pdf\">Manual de Procesos y Procedimientos<\/a><\/td><\/tr><tr><td><a href=\"https:\/\/conadi.gob.gt\/web\/wp-content\/uploads\/2022\/06\/PLAN-DE-ACCION-2017-2021-EDITABLE.docx\" data-type=\"URL\" data-id=\"https:\/\/conadi.gob.gt\/web\/wp-content\/uploads\/2022\/06\/PLAN-DE-ACCION-2017-2021-EDITABLE.docx\">Plan de Acci\u00f3n 2017-2021 editable<\/a><\/td><td><a href=\"https:\/\/drive.google.com\/file\/d\/12bpeKOsU3U1OGrz6ksvp7rcXG9q_p7ZP\/view?usp=sharing\" data-type=\"URL\" data-id=\"https:\/\/drive.google.com\/file\/d\/12bpeKOsU3U1OGrz6ksvp7rcXG9q_p7ZP\/view?usp=sharing\">Plan de Acci\u00f3n Guatemala<\/a><\/td><\/tr><tr><td><a href=\"https:\/\/conadi.gob.gt\/web\/wp-content\/uploads\/2020\/02\/Ley-135-96-Atenci%C3%B3n-a-Personas-con-Di-scapacidad.doc\">Ley de Atenci\u00f3n a las Personas con Discapacidad Decreto 135-96 Word<\/a><\/td><td><a rel=\"noreferrer noopener\" href=\"https:\/\/drive.google.com\/file\/d\/1JTzeb5AeRnNc737nROifed_mGAq3-N9H\/view?usp=sharing\" target=\"_blank\">Ley para la atenci\u00f3n de las personas con discapacidad En Audio<\/a><\/td><\/tr><tr><td><a rel=\"noreferrer noopener\" href=\"https:\/\/drive.google.com\/open?id=1CDD1qhdYAx8jPjghzLHHY2PqP0HbcnSn\" target=\"_blank\">Ley de atenci\u00f3n a las personas con Discapacidad Decreto 135-96 pdf<\/a><\/td><td><a rel=\"noreferrer noopener\" href=\"https:\/\/drive.google.com\/file\/d\/1XVyBtFfe3f8k8G-Lsgjsn-g8U5z-4-lQ\/view?usp=sharing\" target=\"_blank\">Convenci\u00f3n interamericana para la eliminaci\u00f3n de todas las formas de discriminaci\u00f3n contra las personas con discapacidad En Audio<\/a><\/td><\/tr><tr><td><a rel=\"noreferrer noopener\" href=\"https:\/\/drive.google.com\/open?id=1a5xXN2RmlEecWQ4lhEV8MrlCNvePmm8w\" target=\"_blank\">Convenci\u00f3n interamericana para la eliminaci\u00f3n de todas las formas de discriminaci\u00f3n contra las personas con discapacidad pdf<\/a><\/td><td><a rel=\"noreferrer noopener\" href=\"https:\/\/drive.google.com\/open?id=0By2RGSlmbU5OWGk5NkNSUjJZZnc\" target=\"_blank\">Pol\u00edtica Nacional en Discapacidad Word<\/a><\/td><\/tr><tr><td><a rel=\"noreferrer noopener\" href=\"https:\/\/conadi.gob.gt\/web\/wp-content\/uploads\/2022\/03\/Politica-Nacional.pdf\" target=\"_blank\">Pol\u00edtica Nacional en Discapacidad<\/a><\/td><td><a rel=\"noreferrer noopener\" href=\"https:\/\/drive.google.com\/file\/d\/1DCDLhghy97L38vazu9Di6jnAJN0DjCqe\/view?usp=sharing\" target=\"_blank\">Pol\u00edtica nacional en discapacidad En Audio<\/a><\/td><\/tr><tr><td><a href=\"https:\/\/conadi.gob.gt\/web\/wp-content\/uploads\/2020\/08\/Decreto-059-2008-Ratificaci%C3%B3n-de-la-Convenci%C3%B3n-sobre-los-Derechos-de-las-Personas-con-Discapacidad-convertido.docx\">Decreto 59-2008 Ratificaci\u00f3n de la Convenci\u00f3n sobre los Derechos de las Personas con Discapacidad word<\/a><\/td><td><a href=\"https:\/\/conadi.gob.gt\/web\/wp-content\/uploads\/2020\/08\/Decreto-059-2008-Ratificaci%C3%B3n-de-la-Convenci%C3%B3n-sobre-los-Derechos-de-las-Personas-con-Discapacidad.pdf\">Decreto 59-2008 Ratificaci\u00f3n de la Convenci\u00f3n sobre los Derechos de las Personas con Discapacidad pdf<\/a><\/td><\/tr><tr><td><a href=\"https:\/\/conadi.gob.gt\/web\/wp-content\/uploads\/2020\/08\/Aprueba-la-Convenci%C3%B3n-sobre-los-Derechos-de-las-Personas-con-Discapacidad.mp3\">Decreto 59-2008 Ratificaci\u00f3n de la Convenci\u00f3n sobre los Derechos de las Personas con Discapacidad audio<\/a><\/td><td><a href=\"https:\/\/conadi.gob.gt\/web\/wp-content\/uploads\/2020\/02\/Convencion-59-2008-1.doc\">Convenci\u00f3n sobre los derechos de las personas con discapacidad Word<\/a><\/td><\/tr><tr><td><a rel=\"noreferrer noopener\" href=\"https:\/\/drive.google.com\/open?id=1hANdKLZkw7P0HiRUOFyKijzMZGqoMzGR\" target=\"_blank\">Convenci\u00f3n sobre los derechos de las personas con discapacidad pdf<\/a><\/td><td><a rel=\"noreferrer noopener\" href=\"https:\/\/drive.google.com\/file\/d\/1q8_KWnFond8EaiXEpl0A6BX_R3K4W2aM\/view?usp=sharing\" target=\"_blank\">Convenci\u00f3n sobre los derechos de las personas con discapacidad En Audio<\/a><\/td><\/tr><tr><td><a href=\"https:\/\/conadi.gob.gt\/web\/wp-content\/uploads\/2022\/08\/CODIGO-ETICA-CONADI.pdf\" data-type=\"URL\" data-id=\"https:\/\/conadi.gob.gt\/web\/wp-content\/uploads\/2022\/08\/CODIGO-ETICA-CONADI.pdf\">C\u00d3DIGO DE \u00c9TICA<\/a><\/td><td><a href=\"https:\/\/conadi.gob.gt\/web\/wp-content\/uploads\/2022\/10\/DECRETO-005-2011-1.pdf\" data-type=\"URL\" data-id=\"https:\/\/conadi.gob.gt\/web\/wp-content\/uploads\/2022\/10\/DECRETO-005-2011-1.pdf\">DECRETO 005-2011 REFORMAS AL DECRETO N\u00daMERO 135-96 DEL CONGRESO DE LA REP\u00daBLICA. LEY DE ATENCI\u00d3N A LAS PERSONAS CON DISCAPACIDAD<\/a><\/td><\/tr><\/tbody><\/table><\/figure>\n\n\n\n<p><\/p>\n<\/div>\n\n\n\n<p><\/p>\n\n\n\n<p><\/p>\n\n\n\n<p><\/p>\n\n\n\n<p><\/p>\n\n\n\n<p><\/p>\n\n\n\n<p><\/p>\n\n\n\n<p><\/p>\n\n\n\n<p><\/p>\n\n\n\n<p><\/p>\n\n\n\n<p><\/p>\n\n\n\n<p><\/p>\n\n\n\n<p><\/p>\n\n\n\n<p><\/p>\n\n\n\n<hr class=\"wp-block-separator\"\/>\n","protected":false},"excerpt":{"rendered":"<p>Organigrama General y por Direcciones Funciones de las Dependencias Reglamento Org\u00e1nico Interno Manual Organizacional Compendio Marco Normativo sobre Discapacidad Manual de Procesos y Procedimientos Plan de Acci\u00f3n 2017-2021 editable Plan de Acci\u00f3n Guatemala Ley de Atenci\u00f3n a las Personas con Discapacidad Decreto 135-96 Word Ley para la atenci\u00f3n de las personas con discapacidad En Audio &hellip; <\/p>\n<p class=\"link-more\"><a href=\"https:\/\/conadi.gob.gt\/web\/inciso-1-estructura-organica-2\/\" class=\"more-link\">Leer m\u00e1s<span class=\"screen-reader-text\"> \u00abINCISO 1 ESTRUCTURA ORGANICA\u00bb<\/span><\/a><\/p>\n","protected":false},"author":8,"featured_media":0,"comment_status":"closed","ping_status":"closed","sticky":false,"template":"","format":"standard","meta":{"footnotes":""},"categories":[1],"tags":[],"class_list":["post-10447","post","type-post","status-publish","format-standard","hentry","category-sin-categoria"],"_links":{"self":[{"href":"https:\/\/conadi.gob.gt\/web\/wp-json\/wp\/v2\/posts\/10447","targetHints":{"allow":["GET"]}}],"collection":[{"href":"https:\/\/conadi.gob.gt\/web\/wp-json\/wp\/v2\/posts"}],"about":[{"href":"https:\/\/conadi.gob.gt\/web\/wp-json\/wp\/v2\/types\/post"}],"author":[{"embeddable":true,"href":"https:\/\/conadi.gob.gt\/web\/wp-json\/wp\/v2\/users\/8"}],"replies":[{"embeddable":true,"href":"https:\/\/conadi.gob.gt\/web\/wp-json\/wp\/v2\/comments?post=10447"}],"version-history":[{"count":12,"href":"https:\/\/conadi.gob.gt\/web\/wp-json\/wp\/v2\/posts\/10447\/revisions"}],"predecessor-version":[{"id":12091,"href":"https:\/\/conadi.gob.gt\/web\/wp-json\/wp\/v2\/posts\/10447\/revisions\/12091"}],"wp:attachment":[{"href":"https:\/\/conadi.gob.gt\/web\/wp-json\/wp\/v2\/media?parent=10447"}],"wp:term":[{"taxonomy":"category","embeddable":true,"href":"https:\/\/conadi.gob.gt\/web\/wp-json\/wp\/v2\/categories?post=10447"},{"taxonomy":"post_tag","embeddable":true,"href":"https:\/\/conadi.gob.gt\/web\/wp-json\/wp\/v2\/tags?post=10447"}],"curies":[{"name":"wp","href":"https:\/\/api.w.org\/{rel}","templated":true}]}}