{"id":10450,"date":"2022-02-23T21:16:02","date_gmt":"2022-02-23T21:16:02","guid":{"rendered":"https:\/\/conadi.gob.gt\/web\/?p=10450"},"modified":"2022-02-25T22:10:08","modified_gmt":"2022-02-25T22:10:08","slug":"inciso-2-direccion-y-telefono-de-la-entidad-y-de-todas-las-dependencias-que-la-conforman-2","status":"publish","type":"post","link":"https:\/\/conadi.gob.gt\/web\/inciso-2-direccion-y-telefono-de-la-entidad-y-de-todas-las-dependencias-que-la-conforman-2\/","title":{"rendered":"INCISO 2 Direcci\u00f3n y tel\u00e9fono de la entidad y de todas las dependencias que la conforman"},"content":{"rendered":"\n<p><\/p>\n\n\n\n<p><strong>DIRECTORIO DE LA ENTIDAD<\/strong><\/p>\n\n\n\n<figure class=\"wp-block-table\"><table><tbody><tr><td>ENTIDAD: Consejo Nacional para la Atenci\u00f3n de las Personas con Discapacidad \u2013CONADI-<\/td><\/tr><tr><td>DIRECCI\u00d3N 1ra avenida 4-18 y 4-19&nbsp; Zona 1&nbsp; Guatemala Ciudad<\/td><\/tr><tr><td>HORARIO DE ATENCI\u00d3N Lunes a Viernes 08:00 A 16:30 HORAS<\/td><\/tr><tr><td>TEL\u00c9FONO: 25016800<\/td><\/tr><tr><td>FECHA DE ACTUALIZACI\u00d3N:&nbsp; 2022<\/td><\/tr><\/tbody><\/table><\/figure>\n\n\n\n<p><strong>Direcci\u00f3n y tel\u00e9fonos de la entidad y de las dependencias que la conforman<\/strong><\/p>\n\n\n\n<figure class=\"wp-block-table\"><table><tbody><tr><td><strong>DIRECCI\u00d3N<\/strong><\/td><td><strong>DEPARTAMENTO<\/strong><\/td><td><strong>TEL\u00c9FONO<\/strong><\/td><td><strong>EXTENSI\u00d3N<\/strong><\/td><\/tr><tr><td><strong>Presidencia<\/strong><\/td><td><\/td><td>25016800<\/td><td>2019<\/td><\/tr><tr><td><strong>Direcci\u00f3n General<\/strong><\/td><td><\/td><td>25016800<\/td><td>2017\/2036<\/td><\/tr><tr><td><strong>Subdirecci\u00f3n General<\/strong><\/td><td><\/td><td>25016800<\/td><td>2050\/2051<\/td><\/tr><tr><td><strong>Asesor\u00eda Jur\u00eddica<\/strong><\/td><td><\/td><td>25016800<\/td><td>2034<\/td><\/tr><tr><td><strong>Auditoria Interna<\/strong><\/td><td><\/td><td>25016800<\/td><td>2018\/2059<\/td><\/tr><tr><td><strong>Direcci\u00f3n de Comunicaci\u00f3n Social y Relaciones P\u00fablicas<\/strong><\/td><td><\/td><td>25016800<\/td><td>2020\/2021<\/td><\/tr><tr><td><\/td><td>Acceso a la Informaci\u00f3n P\u00fablica<\/td><td>25016800<\/td><td>2052<\/td><\/tr><tr><td><strong>Direcci\u00f3n de Planificaci\u00f3n<\/strong><\/td><td><\/td><td>25016800<\/td><td>2012\/2058<\/td><\/tr><tr><td><strong>Direcci\u00f3n T\u00e9cnica<\/strong><\/td><td><\/td><td>25016800<\/td><td>2030\/2056<\/td><\/tr><tr><td><\/td><td>Subsectores<\/td><td>25016800<\/td><td>2045<\/td><\/tr><tr><td><\/td><td>Participaci\u00f3n Ciudadana<\/td><td>25016800<\/td><td>2022\/2023<\/td><\/tr><tr><td><\/td><td>Incidencia Pol\u00edtica<\/td><td>25016800<\/td><td>2031\/2014 2049<\/td><\/tr><tr><td><\/td><td>Justicia&nbsp; y Seguridad Ciudadana<\/td><td>25016800<\/td><td>2025<\/td><\/tr><tr><td><\/td><td>Promotores<\/td><td>25016800<\/td><td>2016\/2046 2062<\/td><\/tr><tr><td><\/td><td>Investigaci\u00f3n y An\u00e1lisis de la Informaci\u00f3n<\/td><td>25016800<\/td><td>2043\/2061 2066<\/td><\/tr><tr><td><\/td><td>Unidad de Lengua de Se\u00f1as<\/td><td>25016800<\/td><td>2057<\/td><\/tr><tr><td><strong>Direcci\u00f3n Administrativa<\/strong><\/td><td><\/td><td>25016800<\/td><td>2013\/2041<\/td><\/tr><tr><td><\/td><td>Compras<\/td><td>25016800<\/td><td>2024\/2026<\/td><\/tr><tr><td><\/td><td>Almac\u00e9n<\/td><td>25016800<\/td><td>2071<\/td><\/tr><tr><td><\/td><td>Inventario<\/td><td>25016800<\/td><td>2069<\/td><\/tr><tr><td><\/td><td>Inform\u00e1tica<\/td><td>25016800<\/td><td>2055<\/td><\/tr><tr><td><\/td><td>Archivo<\/td><td>25016800<\/td><td>2044<\/td><\/tr><tr><td><strong>Direcci\u00f3n Financiera<\/strong><\/td><td><\/td><td>25016800<\/td><td>2033<\/td><\/tr><tr><td><\/td><td>Tesorer\u00eda<\/td><td><\/td><td>2038<\/td><\/tr><tr><td><\/td><td>Contabilidad<\/td><td><\/td><td>2028\/2070<\/td><\/tr><tr><td><\/td><td>Presupuesto<\/td><td><\/td><td>2037<\/td><\/tr><tr><td><strong>Direcci\u00f3n de Recursos Humanos<\/strong><\/td><td><\/td><td>25016800<\/td><td>2054\/2039 2035<\/td><\/tr><\/tbody><\/table><\/figure>\n","protected":false},"excerpt":{"rendered":"<p>DIRECTORIO DE LA ENTIDAD ENTIDAD: Consejo Nacional para la Atenci\u00f3n de las Personas con Discapacidad \u2013CONADI- DIRECCI\u00d3N 1ra avenida 4-18 y 4-19&nbsp; Zona 1&nbsp; Guatemala Ciudad HORARIO DE ATENCI\u00d3N Lunes a Viernes 08:00 A 16:30 HORAS TEL\u00c9FONO: 25016800 FECHA DE ACTUALIZACI\u00d3N:&nbsp; 2022 Direcci\u00f3n y tel\u00e9fonos de la entidad y de las dependencias que la conforman &hellip; <\/p>\n<p class=\"link-more\"><a href=\"https:\/\/conadi.gob.gt\/web\/inciso-2-direccion-y-telefono-de-la-entidad-y-de-todas-las-dependencias-que-la-conforman-2\/\" class=\"more-link\">Leer m\u00e1s<span class=\"screen-reader-text\"> \u00abINCISO 2 Direcci\u00f3n y tel\u00e9fono de la entidad y de todas las dependencias que la conforman\u00bb<\/span><\/a><\/p>\n","protected":false},"author":8,"featured_media":0,"comment_status":"closed","ping_status":"closed","sticky":false,"template":"","format":"standard","meta":{"footnotes":""},"categories":[1],"tags":[],"class_list":["post-10450","post","type-post","status-publish","format-standard","hentry","category-sin-categoria"],"_links":{"self":[{"href":"https:\/\/conadi.gob.gt\/web\/wp-json\/wp\/v2\/posts\/10450","targetHints":{"allow":["GET"]}}],"collection":[{"href":"https:\/\/conadi.gob.gt\/web\/wp-json\/wp\/v2\/posts"}],"about":[{"href":"https:\/\/conadi.gob.gt\/web\/wp-json\/wp\/v2\/types\/post"}],"author":[{"embeddable":true,"href":"https:\/\/conadi.gob.gt\/web\/wp-json\/wp\/v2\/users\/8"}],"replies":[{"embeddable":true,"href":"https:\/\/conadi.gob.gt\/web\/wp-json\/wp\/v2\/comments?post=10450"}],"version-history":[{"count":2,"href":"https:\/\/conadi.gob.gt\/web\/wp-json\/wp\/v2\/posts\/10450\/revisions"}],"predecessor-version":[{"id":10562,"href":"https:\/\/conadi.gob.gt\/web\/wp-json\/wp\/v2\/posts\/10450\/revisions\/10562"}],"wp:attachment":[{"href":"https:\/\/conadi.gob.gt\/web\/wp-json\/wp\/v2\/media?parent=10450"}],"wp:term":[{"taxonomy":"category","embeddable":true,"href":"https:\/\/conadi.gob.gt\/web\/wp-json\/wp\/v2\/categories?post=10450"},{"taxonomy":"post_tag","embeddable":true,"href":"https:\/\/conadi.gob.gt\/web\/wp-json\/wp\/v2\/tags?post=10450"}],"curies":[{"name":"wp","href":"https:\/\/api.w.org\/{rel}","templated":true}]}}