{"id":10533,"date":"2022-02-24T16:29:34","date_gmt":"2022-02-24T16:29:34","guid":{"rendered":"https:\/\/conadi.gob.gt\/web\/?p=10533"},"modified":"2024-03-05T20:08:54","modified_gmt":"2024-03-05T20:08:54","slug":"inciso-29-informacion-de-utilidad-2","status":"publish","type":"post","link":"https:\/\/conadi.gob.gt\/web\/inciso-29-informacion-de-utilidad-2\/","title":{"rendered":"INCISO 29. Informaci\u00f3n de utilidad"},"content":{"rendered":"\n<p><\/p>\n\n\n\n<div class=\"wp-block-group is-layout-flow wp-block-group-is-layout-flow\">\n<figure class=\"wp-block-table\"><table class=\"has-fixed-layout\"><tbody><tr><td>  <a rel=\"noreferrer noopener\" href=\"https:\/\/www.dropbox.com\/s\/x6gsx9fogvdp1k0\/Manual%20T%C3%A9cnico%20de%20Accesibilidad%20para%20Personas%20con%20Discapacidad%20completo.pdf?dl=0\" target=\"_blank\">Manual T\u00e9cnico de Accesibilidad<\/a><\/td><td>  <a href=\"https:\/\/conadi.gob.gt\/web\/wp-content\/uploads\/2019\/06\/Manual-de-Accesibilidad-Final.pdf\">Manual de Accesibilidad Universal (INGUAT)<\/a><\/td><\/tr><\/tbody><\/table><\/figure>\n\n\n\n<figure class=\"wp-block-table\"><table><tbody><tr><td>\n<p><a href=\"https:\/\/conadi.gob.gt\/web\/wp-content\/uploads\/2021\/01\/3.-ENERO-2021-PROTOCOLO-PERSONAL.docx\">ENERO 2021 PROTOCOLO PERSONAL formato word<\/a><\/p>\n<\/td><td>\n<p><a href=\"https:\/\/conadi.gob.gt\/web\/wp-content\/uploads\/2021\/01\/3.-ENERO-2021-PROTOCOLO-PERSONAL.pdf\">ENERO 2021 PROTOCOLO PERSONAL formato pdf<\/a><\/p>\n<\/td><\/tr><\/tbody><\/table><\/figure>\n\n\n\n<figure class=\"wp-block-table\"><table class=\"has-fixed-layout\"><tbody><tr><td>\n<p><a href=\"https:\/\/conadi.gob.gt\/web\/wp-content\/uploads\/2021\/01\/RESOLUCI\u00d3N-FINAL-ELECCION-JD.pdf\">RESOLUCI\u00d3N FINAL ELECCION JD.pdf<\/a><\/p>\n<\/td><td>\n<p><a href=\"https:\/\/conadi.gob.gt\/web\/wp-content\/uploads\/2021\/01\/ACTA-DE-ASAMBLEA-DE-ELECCION-JUNTA-DIRECTIVA-CONADI-2021-2023.pdf\">ACTA DE ASAMBLEA DE ELECCION JUNTA DIRECTIVA CONADI 2021-2023.pdf<\/a><\/p>\n<\/td><\/tr><\/tbody><\/table><\/figure>\n\n\n\n<p>&nbsp;<\/p>\n\n\n\n<figure class=\"wp-block-table\"><table><tbody><tr><td>\n<p><a href=\"https:\/\/conadi.gob.gt\/web\/wp-content\/uploads\/2020\/02\/Agenda-estrat\u00e9gica-para-el-abordaje-de-los-derechos-humanos-de-las-mujeres-y-ni\u00f1as-con-discapacidad.pdf\">Agenda Estrat\u00e9gica para el abordaje de los derechos humanos de las mujeres y ni\u00f1as con discapacidad, en el marco de las observaciones finales del Comit\u00e9 sobre los Derechos de las Personas con Discapacidad.<\/a><\/p>\n<\/td><td>\n<p><a href=\"https:\/\/conadi.gob.gt\/web\/wp-content\/uploads\/2020\/02\/Agenda-estrat\u00e9gica-para-el-abordaje-de-los-derechos-humanos-de-las-mujeres-y-ni\u00f1as-con-discapacidad.docx\">Agenda Estrat\u00e9gica para el abordaje de los derechos humanos de las mujeres y ni\u00f1as con discapacidad, en el marco de las observaciones finales del Comit\u00e9 sobre los Derechos de las Personas con Discapacidad, WORD<\/a><\/p>\n<\/td><\/tr><\/tbody><\/table><\/figure>\n\n\n\n<figure class=\"wp-block-table\"><table class=\"has-fixed-layout\"><tbody><tr><td><a href=\"https:\/\/conadi.gob.gt\/web\/wp-content\/uploads\/2023\/12\/Memoria-de-labores-2022.pdf\" data-type=\"URL\" data-id=\"https:\/\/conadi.gob.gt\/web\/wp-content\/uploads\/2023\/12\/Memoria-de-labores-2022.pdf\">Memoria de Labores 2022 <\/a><br \/><br \/><br \/><a href=\"https:\/\/drive.google.com\/file\/d\/1GskkZAeFQSdXKktP3kitX_eiIoZwj6kI\/view?usp=sharing\" data-type=\"URL\" data-id=\"https:\/\/drive.google.com\/file\/d\/1GskkZAeFQSdXKktP3kitX_eiIoZwj6kI\/view?usp=sharing\">Memoria de labores 2021<\/a><\/td><td> <a href=\"https:\/\/docs.google.com\/document\/d\/1lMdx7Ql8ArcSfr4iLBVmQkIW9YJkO-DR\/edit?usp=sharing&amp;ouid=103894586601860996685&amp;rtpof=true&amp;sd=true\"><br \/>Memoria de Labores 2020 word<\/a><br \/><a href=\"https:\/\/drive.google.com\/file\/d\/1lOdJQsLJA8YbEfOfT2nAmzoZ8vqMyeL3\/view?usp=sharing\">Memoria de Labores 2020 pdf<\/a><br \/><p><a href=\"https:\/\/drive.google.com\/open?id=1744F3aw4yzf9gNBhk72JfpS0eeBL0HWy\">Memoria de labores 2019<\/a><\/p><\/td><\/tr><tr><td>\n<p><a href=\"https:\/\/drive.google.com\/open?id=176v2GliyJ6Qio5Hz0pfD7O8TsUe0vWbe\">Memoria de labores 2018<\/a><\/p>\n<\/td><td>\n<p><a href=\"https:\/\/drive.google.com\/open?id=1KmMZv9J0Td69OBUbGMueweBSvXO3SgsN\">Memoria de labores 2017<\/a><\/p>\n<\/td><\/tr><tr><td>\n<p><a href=\"https:\/\/drive.google.com\/open?id=1TRnlMXLaZ38Rj3Ag0mYNWQmKjd4X2d-p\">Memoria de labores 2016<\/a><\/p>\n<\/td><td>\n<p><a href=\"https:\/\/drive.google.com\/open?id=1_mZZ4kPC8uJcry5Zo0R7XAY0Ig6CVfme\">Memoria de labores 2015<\/a><\/p>\n<\/td><\/tr><tr><td>\n<p><a href=\"https:\/\/drive.google.com\/open?id=1sHCkzhyPGDfEkZ6YAmzc7apxrbuB8mIA\">Memoria de labores 2014<\/a><\/p>\n<\/td><td>\n<p><a href=\"https:\/\/drive.google.com\/open?id=14sQSIT2mb6QyUJkHc3JqltILIalUM4TL\">Memoria de labores 2013<\/a><\/p>\n<\/td><\/tr><tr><td>\n<p><a href=\"https:\/\/drive.google.com\/open?id=1m6IRNvHjIo0Z2OG-qChNBD3d91yWQsCd\">Memoria de labores 2012<\/a><\/p>\n<\/td><td>\n<p><a href=\"https:\/\/drive.google.com\/open?id=1MNSrFA5Z9cQ-f4Q9E1-Qu9zLqoWjZfeP\">Memoria de labores 2011<\/a><\/p>\n<\/td><\/tr><\/tbody><\/table><\/figure>\n\n\n\n<figure class=\"wp-block-table\"><table class=\"has-fixed-layout\"><tbody><tr><td><a href=\"https:\/\/conadi.gob.gt\/web\/wp-content\/uploads\/2022\/09\/ACUERDO-MINISTERIAL-214-2022-MINISTERIO-DE-SALUD-PUBLICA-Y-ASISTENCIA-SOCIAL.pdf\">ACUERDO MINISTERIAL 214-2022 MINISTERIO DE SALUD P\u00daBLICA Y ASISTENCIA SOCIAL<\/a> Se crea la Comisi\u00f3n Intrainstitucional para la implementaci\u00f3n del Sistema Nacional de Certificaci\u00f3n de Personas con Discapacidad<\/td><td><\/td><\/tr><tr><td><a href=\"https:\/\/conadi.gob.gt\/web\/wp-content\/uploads\/2020\/04\/base-de-datos-libros-y-documentos-en-centro-de-documentacion.xlsx\">BASE DE DATOS LIBROS QUE ENCUENTRA EN EL CENTRO DE DOCUMENTACI\u00d3N<\/a><\/td><td><a href=\"https:\/\/conadi.gob.gt\/web\/wp-content\/uploads\/2022\/08\/REVISTA-CONADI-WEB.pdf\" data-type=\"URL\" data-id=\"https:\/\/conadi.gob.gt\/web\/wp-content\/uploads\/2022\/08\/REVISTA-CONADI-WEB.pdf\">REVISTA: DATOS ESTAD\u00cdSTICOS DE PERSONAS CON DISCAPACIDAD EN GUATEMALA<\/a><\/td><\/tr><tr><td><a href=\"https:\/\/conadi.gob.gt\/web\/wp-content\/uploads\/2021\/09\/FOLLETO-SALUD-MENTAL.pdf\">FOLLETO MODELO DE ATENCI\u00d3N EN SALUD MENTAL EN GUATEMALA<\/a><\/td><td><a rel=\"noreferrer noopener\" href=\"https:\/\/drive.google.com\/open?id=1x7aNcVzEodZ7xhn0qbauMzSjHMOxrANL\" target=\"_blank\">Recomendaciones Convenci\u00f3n ONU Guatemala<\/a><\/td><\/tr><tr><td><a rel=\"noreferrer noopener\" href=\"https:\/\/conadi.gob.gt\/web\/wp-content\/uploads\/2017\/09\/Informe-sobre-las-CODEDISY-COMUDIS-JULIO-2017.docx\" target=\"_blank\">Informe Situacional Sobre las CODEDIS Y COMUDIS (Word)<\/a><\/td><td><a rel=\"noreferrer noopener\" href=\"https:\/\/conadi.gob.gt\/web\/wp-content\/uploads\/2017\/09\/Informe-sobre-las-CODEDISY-COMUDIS-JULIO-2017.pdf\" target=\"_blank\">Informe Situacional Sobre las CODEDIS Y COMUDIS (pdf)<\/a><\/td><\/tr><tr><td><a rel=\"noreferrer noopener\" href=\"https:\/\/drive.google.com\/open?id=1RINPAtFR8iMk3PtAsVlr3kDTucsAyonP\" target=\"_blank\">PEI armonizado al Plan de Acci\u00f3n 2016 2020 pdf<\/a><\/td><td><a rel=\"noreferrer noopener\" href=\"https:\/\/conadi.gob.gt\/web\/wp-content\/uploads\/2018\/03\/PEI-2016-2020-VF.docx\" target=\"_blank\">PEI armonizado al Plan de Acci\u00f3n 2016 2020 word<\/a><\/td><\/tr><tr><td><\/td><td><\/td><\/tr><\/tbody><\/table><\/figure>\n\n\n\n<p><strong><em><span style=\"font-size: 18pt;\">OFICINAS MUNICIPALES DE DISCAPACIDAD (OMD`s) GUATEMALA<\/span><\/em><\/strong><\/p>\n\n\n\n<figure class=\"wp-block-table\"><table><tbody><tr><td><\/td><td><\/td><td><a href=\"https:\/\/conadi.gob.gt\/web\/wp-content\/uploads\/2024\/02\/SAN-RAYMUNDO.pdf\" data-type=\"URL\" data-id=\"https:\/\/conadi.gob.gt\/web\/wp-content\/uploads\/2024\/02\/SAN-RAYMUNDO.pdf\">118. San Raymundo, Guatemala<\/a><\/td><td><a href=\"https:\/\/conadi.gob.gt\/web\/wp-content\/uploads\/2024\/01\/Acuerdo-Creacion-OMD-ACTA-142-2023-fraijanes.pdf\" data-type=\"URL\" data-id=\"https:\/\/conadi.gob.gt\/web\/wp-content\/uploads\/2024\/01\/Acuerdo-Creacion-OMD-ACTA-142-2023-fraijanes.pdf\">117. Fraijanes, Guatemala<\/a><\/td><td><a href=\"https:\/\/conadi.gob.gt\/web\/wp-content\/uploads\/2023\/08\/San-Antonio-Suchitepequez.pdf\" data-type=\"URL\" data-id=\"https:\/\/conadi.gob.gt\/web\/wp-content\/uploads\/2023\/08\/San-Antonio-Suchitepequez.pdf\">116. San Antonio, Suchitep\u00e9quez<\/a><\/td><td><a href=\"https:\/\/conadi.gob.gt\/web\/wp-content\/uploads\/2023\/07\/OMD-CHIANTLA-HUEHUE.pdf\" data-type=\"URL\" data-id=\"https:\/\/conadi.gob.gt\/web\/wp-content\/uploads\/2023\/07\/OMD-CHIANTLA-HUEHUE.pdf\">115. Villa de Chiantla, Huehuetenango<\/a> <\/td><\/tr><tr><td><a href=\"https:\/\/conadi.gob.gt\/web\/wp-content\/uploads\/2023\/07\/DEPARTAMENTO-DE-SACATEPE\u0301QUEZ.pdf\" data-type=\"URL\" data-id=\"https:\/\/conadi.gob.gt\/web\/wp-content\/uploads\/2023\/07\/DEPARTAMENTO-DE-SACATEPE\u0301QUEZ.pdf\">114. San Juan Alotenango, Sacatep\u00e9quez<\/a><\/td><td><a href=\"https:\/\/conadi.gob.gt\/web\/wp-content\/uploads\/2023\/07\/San-Jose-Chacaya-Solola.pdf\" data-type=\"URL\" data-id=\"https:\/\/conadi.gob.gt\/web\/wp-content\/uploads\/2023\/07\/San-Jose-Chacaya-Solola.pdf\">113. San Jos\u00e9 Chacay\u00e1, Solol\u00e1<\/a><\/td><td><a href=\"https:\/\/conadi.gob.gt\/web\/wp-content\/uploads\/2023\/07\/COATEPEQUE-QUETZALTENANGO.pdf\" data-type=\"URL\" data-id=\"https:\/\/conadi.gob.gt\/web\/wp-content\/uploads\/2023\/07\/COATEPEQUE-QUETZALTENANGO.pdf\">112. Coatepeque, Quetzaltenango<\/a><\/td><td><a href=\"https:\/\/conadi.gob.gt\/web\/wp-content\/uploads\/2022\/08\/CHAMPERICO-RETALHULEU.pdf\">111. Champerico, Retalhuleu<\/a><\/td><td><a href=\"https:\/\/conadi.gob.gt\/web\/wp-content\/uploads\/2022\/08\/OMD-LIVIGSTON-IZABAL.pdf\" data-type=\"URL\" data-id=\"https:\/\/conadi.gob.gt\/web\/wp-content\/uploads\/2022\/08\/OMD-LIVIGSTON-IZABAL.pdf\">110. Livingston, Izabal<\/a><\/td><td><a href=\"https:\/\/conadi.gob.gt\/web\/wp-content\/uploads\/2022\/07\/SANTA-MARIA-VISITACION.pdf\">109. Santa Mar\u00eda Visitaci\u00f3n, Solol\u00e1<\/a><\/td><\/tr><tr><td><a href=\"https:\/\/conadi.gob.gt\/web\/wp-content\/uploads\/2022\/08\/Acuerdo-Municipal-OMADI.pdf\" data-type=\"URL\" data-id=\"https:\/\/conadi.gob.gt\/web\/wp-content\/uploads\/2022\/08\/Acuerdo-Municipal-OMADI.pdf\">&nbsp;108. Senahu, Alta Verapaz<\/a><\/td><td>&nbsp;<a href=\"https:\/\/conadi.gob.gt\/web\/wp-content\/uploads\/2022\/08\/Chiquimula-Chiquimula.pdf\" data-type=\"URL\" data-id=\"https:\/\/conadi.gob.gt\/web\/wp-content\/uploads\/2022\/08\/Chiquimula-Chiquimula.pdf\">107. Chiquimula, Chiquimula<\/a><\/td><td><a href=\"https:\/\/conadi.gob.gt\/web\/wp-content\/uploads\/2022\/06\/ACUERDO-SAN-AGUSTIN-ACASAGUASTLAN-EL-PROGRESO.pdf\">106. San Agust\u00edn Acasaguastlan, El Progreso<\/a><\/td><td>&nbsp;<a href=\"https:\/\/conadi.gob.gt\/web\/wp-content\/uploads\/2022\/06\/ACUERDO-SAN-AGUSTIN-ACASAGUASTLAN-EL-PROGRESO.pdf\" data-type=\"URL\" data-id=\"https:\/\/conadi.gob.gt\/web\/wp-content\/uploads\/2022\/06\/ACUERDO-SAN-AGUSTIN-ACASAGUASTLAN-EL-PROGRESO.pdf\"><\/a><a href=\"https:\/\/conadi.gob.gt\/web\/wp-content\/uploads\/2022\/07\/ACUERDO-MUNICIPAL-DE-OMD-MUNICIPIO-DE-PALIN-ESCUINTLA20220728_18235866.pdf\">105. Pal\u00edn, Escuintla<\/a><\/td><td><a href=\"https:\/\/conadi.gob.gt\/web\/wp-content\/uploads\/2022\/03\/ACUERDO-SAN-MARCOS-SOLOLA.pdf\">104. San Marcos, Solol\u00e1<\/a><\/td><td><a href=\"https:\/\/conadi.gob.gt\/web\/wp-content\/uploads\/2022\/08\/ACUERDO-MUNICIPAL-OMD-ORATORIO-SANTA-ROSA.pdf\" data-type=\"URL\" data-id=\"https:\/\/conadi.gob.gt\/web\/wp-content\/uploads\/2022\/08\/ACUERDO-MUNICIPAL-OMD-ORATORIO-SANTA-ROSA.pdf\">103. Oratorio Santa Rosa<\/a><\/td><\/tr><tr><td><a href=\"https:\/\/conadi.gob.gt\/web\/wp-content\/uploads\/2021\/12\/102.-El-Tejar-Chimaltenango.pdf\">102. El Tejar, Chimaltenango<\/a><\/td><td><a href=\"https:\/\/conadi.gob.gt\/web\/wp-content\/uploads\/2021\/11\/101.-Solola-Solola.pdf\">101. Solol\u00e1, Solol\u00e1<\/a><\/td><td><a href=\"https:\/\/conadi.gob.gt\/web\/wp-content\/uploads\/2021\/11\/100.-Gualan-Zacapa.pdf\">100. Gualan, Zacapa<\/a><\/td><td><a href=\"https:\/\/conadi.gob.gt\/web\/wp-content\/uploads\/2022\/03\/ACUERDO-AGUAS-CALIENTES-TOTONICAPAN.pdf\">99. San Bartolo Aguas Calientes, Totonicap\u00e1n<\/a><\/td><td><a href=\"https:\/\/drive.google.com\/file\/d\/1Vj-LrfWoWqCMaFXGaS49-wl9xIXBU4AG\/view?usp=sharing\">98. Santa Catalina la Tinta, Alta Verapaz<\/a><\/td><td><a href=\"https:\/\/conadi.gob.gt\/web\/wp-content\/uploads\/2021\/10\/97.-Chicaman-Quiche.pdf\">97. Chicam\u00e1n, Quiche<\/a><\/td><\/tr><tr><td><a href=\"https:\/\/conadi.gob.gt\/web\/wp-content\/uploads\/2021\/10\/96.-Atescatempa-Jutiapa.pdf\">96. Atescatempa, Jutiapa<\/a><\/td><td><a href=\"https:\/\/conadi.gob.gt\/web\/wp-content\/uploads\/2021\/10\/95.-El-Tumbador-San-Marcos.pdf\">95. El Tumbador, San Marcos<\/a><\/td><td><a href=\"https:\/\/conadi.gob.gt\/web\/wp-content\/uploads\/2021\/10\/94.-San-Jos\u00e9-El-\u00cddolo-Suchitep\u00e9quez.pdf\">94. San Jos\u00e9 El \u00cddolo, Suchitep\u00e9quez<\/a><\/td><td><a href=\"https:\/\/conadi.gob.gt\/web\/wp-content\/uploads\/2021\/10\/93.-Patzite-Quiche.pdf\">93. Patzite, Quiche<\/a><\/td><td><a href=\"https:\/\/conadi.gob.gt\/web\/wp-content\/uploads\/2021\/10\/92.-Chimaltenango-Chimaltenango.pdf\">92. Chimaltenango, Chimaltenango<\/a><\/td><td><a href=\"https:\/\/conadi.gob.gt\/web\/wp-content\/uploads\/2021\/10\/91.-Jalpatagua-Jutiapa.pdf\">91. Jalpatagua, Jutiapa<\/a><\/td><\/tr><tr><td><a href=\"https:\/\/conadi.gob.gt\/web\/wp-content\/uploads\/2021\/05\/Pachalum-Quiche.pdf\">90. Pachalum, Quiche<\/a><\/td><td><a href=\"https:\/\/conadi.gob.gt\/web\/wp-content\/uploads\/2021\/10\/89.-Santo-Tomas-la-Uni\u00f3n-Suchitep\u00e9quez.pdf\">89. Santo Tomas la Uni\u00f3n Suchitep\u00e9quez<\/a><\/td><td><a href=\"https:\/\/conadi.gob.gt\/web\/wp-content\/uploads\/2021\/05\/Santa-Catarina-Barahona-Sacatep\u00e9quez.pdf\">88. Santa Catarina Barahona, Sacatep\u00e9quez<\/a><\/td><td><a href=\"https:\/\/conadi.gob.gt\/web\/wp-content\/uploads\/2021\/05\/San-Manuel-Chaparron-Jalapa.pdf\">87. San Manuel Chaparr\u00f3n, Jalapa<\/a><\/td><td><a href=\"https:\/\/conadi.gob.gt\/web\/wp-content\/uploads\/2021\/05\/Santa-Cruz-Mulua-Retalhuleu.pdf\">86. Santa Cruz Mulua, Retalhuleu<\/a><\/td><td><a href=\"https:\/\/conadi.gob.gt\/web\/wp-content\/uploads\/2021\/10\/85.-Santa-Lucia-Utatl\u00e1n-Solol\u00e1.pdf\">85. Santa Lucia Utatl\u00e1n, Solol\u00e1<\/a><\/td><\/tr><tr><td><a href=\"https:\/\/conadi.gob.gt\/web\/wp-content\/uploads\/2021\/05\/Santa-Cruz-Balanya-Chimaltenango.pdf\">84. Santa Cruz Balanya, Chimaltenango<\/a><\/td><td><a href=\"https:\/\/conadi.gob.gt\/web\/wp-content\/uploads\/2021\/05\/San-Jos\u00e9-la-Arada-Chiquimula.pdf\">83. San Jos\u00e9 la Arada, Chiquimula<\/a><\/td><td><a href=\"https:\/\/conadi.gob.gt\/web\/wp-content\/uploads\/2021\/05\/San-Juan-Sacatepequez-Guatemala.pdf\">82. San Juan Sacatep\u00e9quez, Guatemala<\/a><\/td><td><a href=\"https:\/\/conadi.gob.gt\/web\/wp-content\/uploads\/2021\/11\/81.-Cantel-Qutzaltenango.pdf\">81. Cantel, Quetzaltenango<\/a><\/td><td><a href=\"https:\/\/conadi.gob.gt\/web\/wp-content\/uploads\/2020\/11\/ACTA-DE-JUTIAPA.pdf\">80. Jutiapa, Jutiapa<\/a><\/td><td><a href=\"https:\/\/conadi.gob.gt\/web\/wp-content\/uploads\/2020\/11\/Camotan.pdf\">79. Camotan, Chiquimula<\/a><\/td><\/tr><tr><td><a href=\"https:\/\/conadi.gob.gt\/web\/wp-content\/uploads\/2020\/11\/San-Carlos-Alzatate.pdf\">78. San Carlos Alzatate, Jalapa<\/a><\/td><td><a href=\"https:\/\/conadi.gob.gt\/web\/wp-content\/uploads\/2020\/11\/Pueblo-Nuevo-Vi\u00f1as.pdf\">77. Pueblo Nuevo Vi\u00f1as, Santa Rosa<\/a><\/td><td><a href=\"https:\/\/conadi.gob.gt\/web\/wp-content\/uploads\/2021\/05\/Santa-Cruz-Naranjo-Santa-Rosa.pdf\">76. Santa Cruz Naranjo, Santa Rosa<\/a><\/td><td><a href=\"https:\/\/conadi.gob.gt\/web\/wp-content\/uploads\/2020\/11\/San-Juan-Ermita.pdf\">75. San Juan Ermita, Chiquimula<\/a><\/td><td><a href=\"https:\/\/conadi.gob.gt\/web\/wp-content\/uploads\/2020\/11\/La-Gomera.pdf\">74. La Gomera, Escuintla<\/a><\/td><td><a href=\"https:\/\/conadi.gob.gt\/web\/wp-content\/uploads\/2020\/11\/San-Juan-Bautista.pdf\">73. San Juan Bautista, Suchitep\u00e9quez<\/a><\/td><\/tr><tr><td><a href=\"https:\/\/conadi.gob.gt\/web\/wp-content\/uploads\/2020\/11\/Las-Cruces.pdf\">72. Las Cruces Peten<\/a><\/td><td>71. Cubulco, Baja Verapaz<\/td><td><a href=\"https:\/\/conadi.gob.gt\/web\/wp-content\/uploads\/2020\/11\/Taxisco.pdf\">70. Taxisco, Santa Rosa<\/a><\/td><td><a href=\"https:\/\/conadi.gob.gt\/web\/wp-content\/uploads\/2020\/11\/San-Cristobal-Cucho.pdf\">69. San Crist\u00f3bal Cucho, San Marcos<\/a><\/td><td><a href=\"https:\/\/conadi.gob.gt\/web\/wp-content\/uploads\/2020\/11\/Santa-Cruz-El-Chol.pdf\">68. Santa Cruz el Chol, Baja Verapaz<\/a><\/td><td><a href=\"https:\/\/conadi.gob.gt\/web\/wp-content\/uploads\/2020\/11\/Granados.pdf\">&nbsp;67. Granados, Baja Verapaz<\/a><\/td><\/tr><tr><td><a href=\"https:\/\/conadi.gob.gt\/web\/wp-content\/uploads\/2020\/11\/San-Diego.pdf\">66. San Diego, Zacapa<\/a><\/td><td><a href=\"https:\/\/conadi.gob.gt\/web\/wp-content\/uploads\/2020\/11\/Sam-Pedro-Carcha.pdf\">65. San Pedro Carcha, Alta Verapaz<\/a><\/td><td><a href=\"https:\/\/conadi.gob.gt\/web\/wp-content\/uploads\/2020\/11\/Yupiltepeque.pdf\">64. Yupiltepeque, Jutiapa<\/a><\/td><td><a href=\"https:\/\/conadi.gob.gt\/web\/wp-content\/uploads\/2020\/11\/Purulha-Baja-Verapaz.pdf\">63. Purulha, Baja Verapaz<\/a><\/td><td><a href=\"https:\/\/conadi.gob.gt\/web\/wp-content\/uploads\/2020\/11\/El-Progreso-Jutiapa.pdf\">62. El Progreso, Jutiapa<\/a><\/td><td><a href=\"https:\/\/conadi.gob.gt\/web\/wp-content\/uploads\/2022\/03\/san-andres-solola-1.pdf\">61. San Andr\u00e9s Semetabaj, Solol\u00e1<\/a><\/td><\/tr><tr><td><a href=\"https:\/\/conadi.gob.gt\/web\/wp-content\/uploads\/2020\/11\/Chisec-AV.pdf\">60. Chisec, Alta Verapaz<\/a><\/td><td><a href=\"https:\/\/conadi.gob.gt\/web\/wp-content\/uploads\/2020\/11\/Acatenango.pdf\">59. Acatenango, Chimaltenango<\/a><\/td><td><a href=\"https:\/\/conadi.gob.gt\/web\/wp-content\/uploads\/2020\/11\/Chiquimulilla.pdf\">58. Chiquimulilla Santa Rosa<\/a><\/td><td><a href=\"https:\/\/conadi.gob.gt\/web\/wp-content\/uploads\/2020\/11\/Rabinal-Baja-Verapaz.pdf\">57. Rabinal, Baja Verapaz<\/a><\/td><td><a href=\"https:\/\/conadi.gob.gt\/web\/wp-content\/uploads\/2020\/11\/Comitancillo-San-Marcos.pdf\">56. Comitancillo, San Marcos<\/a><\/td><td><a href=\"https:\/\/conadi.gob.gt\/web\/wp-content\/uploads\/2020\/11\/San-Antonio-Aguas-Calientes.pdf\">55. San Antonio Aguas Calientes, Sacatep\u00e9quez<\/a><\/td><\/tr><tr><td><a href=\"https:\/\/conadi.gob.gt\/web\/wp-content\/uploads\/2020\/11\/San-Andr\u00e9s-Villa-Seca-Retalhuleu.pdf\">54. San Andr\u00e9s Villa Seca, Retalhuleu<\/a><\/td><td><a href=\"https:\/\/conadi.gob.gt\/web\/wp-content\/uploads\/2020\/11\/Zacapa.-Zacapa.pdf\">53. Zacapa, Zacapa<\/a><\/td><td><a href=\"https:\/\/conadi.gob.gt\/web\/wp-content\/uploads\/2020\/11\/Monjas.pdf\">52. Monjas, Jalapa<\/a><\/td><td><a href=\"https:\/\/conadi.gob.gt\/web\/wp-content\/uploads\/2020\/11\/San-Jeronimo-Baja-Verapaz.pdf\">51. San Jer\u00f3nimo, Baja Verapaz<\/a><\/td><td><a href=\"https:\/\/conadi.gob.gt\/web\/wp-content\/uploads\/2020\/11\/Mataquescuintla.pdf\">50. Mataquescuintla, Jalapa<\/a><\/td><td><a href=\"https:\/\/conadi.gob.gt\/web\/wp-content\/uploads\/2020\/11\/Usumatl\u00e1n-Zacapa.pdf\">49. Usumatlan, Zacapa<\/a><\/td><\/tr><tr><td><a href=\"https:\/\/conadi.gob.gt\/web\/wp-content\/uploads\/2020\/11\/Guanagazapa-Escuintla.pdf\">48. Guanagazapa, Escuintla<\/a><\/td><td><a href=\"https:\/\/conadi.gob.gt\/web\/wp-content\/uploads\/2020\/11\/Aguacatan.pdf\">47. Aguacatan, Huehuetenango<\/a><\/td><td><a href=\"https:\/\/conadi.gob.gt\/web\/wp-content\/uploads\/2020\/11\/San-Jos\u00e9.-Escuintla.pdf\">46. San Jos\u00e9, Escuintla<\/a><\/td><td><a href=\"https:\/\/conadi.gob.gt\/web\/wp-content\/uploads\/2020\/11\/San-Antonio-La-Paz-El-Progreso.pdf\">45. San Antonio la Paz, El Progreso<\/a><\/td><td><a href=\"https:\/\/conadi.gob.gt\/web\/wp-content\/uploads\/2020\/11\/San-Luis-Pet\u00e9n.pdf\">44. San Luis, Pet\u00e9n<\/a><\/td><td><a href=\"https:\/\/conadi.gob.gt\/web\/wp-content\/uploads\/2020\/11\/Esquipulas-Chiquimula.pdf\">43. Esquipulas, Chiquimula<\/a><\/td><\/tr><tr><td><a href=\"https:\/\/conadi.gob.gt\/web\/wp-content\/uploads\/2020\/11\/Sayajche-Peten.pdf\">42. Sayaxche, Pet\u00e9n<\/a><\/td><td><a href=\"https:\/\/conadi.gob.gt\/web\/wp-content\/uploads\/2020\/11\/San-Miguel-Chicaj-Baja-Verapaz.pdf\">41. San Miguel Chicaj, Baja Verapaz<\/a><\/td><td><a href=\"https:\/\/conadi.gob.gt\/web\/wp-content\/uploads\/2020\/11\/San-Antonio-Huista-Huehuetenango.pdf\">40. San Antonio Huista, Huehuetenango<\/a><\/td><td><a href=\"https:\/\/conadi.gob.gt\/web\/wp-content\/uploads\/2020\/11\/San-Jacinto-Chiquimula.pdf\">39. San Jacinto, Chiquimula<\/a><\/td><td><a href=\"https:\/\/conadi.gob.gt\/web\/wp-content\/uploads\/2020\/11\/Asunci\u00f3n-Mita-Jutiapa.pdf\">38. Asunci\u00f3n Mita, Jutiapa<\/a><\/td><td><a href=\"https:\/\/conadi.gob.gt\/web\/wp-content\/uploads\/2020\/11\/La-Democracia.pdf\">37. La Democracia, Escuintla<\/a><\/td><\/tr><tr><td><a href=\"https:\/\/conadi.gob.gt\/web\/wp-content\/uploads\/2020\/11\/Salama-Baja-Verapaz.pdf\">36. Salam\u00e1 Baja Verapaz<\/a><\/td><td><a href=\"https:\/\/conadi.gob.gt\/web\/wp-content\/uploads\/2020\/11\/San-Luis-Jilotepeque-Jalapa.pdf\">35. San Luis Jilotepeque, Jalapa<\/a><\/td><td><a href=\"https:\/\/conadi.gob.gt\/web\/wp-content\/uploads\/2020\/11\/El-Estor-Izabal.pdf\">34. Estor, Izabal<\/a><\/td><td><a href=\"https:\/\/conadi.gob.gt\/web\/wp-content\/uploads\/2020\/11\/San-Juan-Comalapa-Chimaltenango.pdf\">33. San Juan Comalapa, Chimaltenango<\/a><\/td><td><a href=\"https:\/\/conadi.gob.gt\/web\/wp-content\/uploads\/2020\/11\/Pasaco-Jutiapa.pdf\">32. Pasaco, Jutiapa<\/a><\/td><td><a href=\"https:\/\/conadi.gob.gt\/web\/wp-content\/uploads\/2020\/11\/Moyuta-Jutiapa.pdf\">31. Moyuta, Jutiapa<\/a><\/td><\/tr><tr><td><a href=\"https:\/\/conadi.gob.gt\/web\/wp-content\/uploads\/2020\/11\/San-Mart\u00edn-Jilotepeque-Chimaltenango.pdf\">30. San Martin Jilotepeque, Chimaltenango<\/a><\/td><td><a href=\"https:\/\/conadi.gob.gt\/web\/wp-content\/uploads\/2020\/11\/La-Libertad-Pet\u00e9n.pdf\">29. La Libertad, Pet\u00e9n<\/a><\/td><td><a href=\"https:\/\/conadi.gob.gt\/web\/wp-content\/uploads\/2020\/11\/San-Juan-Ostuncalco.pdf\">28. San Juan Ostuncalco, Quetzaltenango<\/a><\/td><td><a href=\"https:\/\/conadi.gob.gt\/web\/wp-content\/uploads\/2020\/11\/Tajumulco-San-Marcos.pdf\">27. Tajumulco, San Marcos<\/a><\/td><td><a href=\"https:\/\/conadi.gob.gt\/web\/wp-content\/uploads\/2020\/11\/Palencia-Guatemala.pdf\">26. Palencia, Guatemala<\/a><\/td><td><a href=\"https:\/\/conadi.gob.gt\/web\/wp-content\/uploads\/2020\/11\/Sanarate-El-Progreso.pdf\">25. Sanarate, El Progreso<\/a><\/td><\/tr><tr><td><a href=\"https:\/\/conadi.gob.gt\/web\/wp-content\/uploads\/2020\/11\/San-Pedro-Pinula-Jalapa.pdf\">24. San Pedro P\u00ednula, Jalapa<\/a><\/td><td><a href=\"https:\/\/conadi.gob.gt\/web\/wp-content\/uploads\/2020\/11\/Guastatoya-El-Progreso.pdf\">23. Guastatoya, El Progreso<\/a><\/td><td><a href=\"https:\/\/conadi.gob.gt\/web\/wp-content\/uploads\/2020\/11\/Caba\u00f1as.-Zacapa.pdf\">22. Caba\u00f1as, Zacapa<\/a><\/td><td><a href=\"https:\/\/conadi.gob.gt\/web\/wp-content\/uploads\/2022\/10\/ACUERDO-MODIFICADO-MIXCO-2022.jpeg\" data-type=\"URL\" data-id=\"https:\/\/conadi.gob.gt\/web\/wp-content\/uploads\/2022\/10\/ACUERDO-MODIFICADO-MIXCO-2022.jpeg\">21. Mixco, Guatemala<\/a><\/td><td><a href=\"https:\/\/conadi.gob.gt\/web\/wp-content\/uploads\/2020\/11\/MUNI-SAN-CRISTOBAL-TOTNICAPAN-2017.pdf\">20. San Crist\u00f3bal, Totonicap\u00e1n<\/a><\/td><td><a href=\"https:\/\/conadi.gob.gt\/web\/wp-content\/uploads\/2020\/11\/San-Andres-Pet\u00e9n.pdf\">19. San Andr\u00e9s, Pet\u00e9n<\/a><\/td><\/tr><tr><td><a href=\"https:\/\/conadi.gob.gt\/web\/wp-content\/uploads\/2020\/11\/Jocotan-Chiquimula.pdf\">18. De la Villa De Santiago Jocotan, Chiquimula<\/a><\/td><td><a href=\"https:\/\/conadi.gob.gt\/web\/wp-content\/uploads\/2020\/11\/San-Miguel-Ixtahuacan-San-Marcos.pdf\">17.<\/a>&nbsp;<a href=\"https:\/\/conadi.gob.gt\/web\/wp-content\/uploads\/2020\/11\/San-Miguel-Ixtahuacan-San-Marcos.pdf\">San Miguel Ixtahuacan, San Marcos<\/a><\/td><td><a href=\"https:\/\/conadi.gob.gt\/web\/wp-content\/uploads\/2020\/11\/San-Cristobal-Acasaguastlan-El-Progreso.pdf\">16. San Crist\u00f3bal Acasaguastl\u00e1n El Progreso<\/a><\/td><td><a href=\"https:\/\/conadi.gob.gt\/web\/wp-content\/uploads\/2020\/11\/Morales-Izabal.pdf\">15. Morales, Izabal<\/a><\/td><td><a href=\"https:\/\/conadi.gob.gt\/web\/wp-content\/uploads\/2020\/11\/Poptun.-Peten.pdf\">14. Popt\u00fan, Pet\u00e9n<\/a><\/td><td><a href=\"https:\/\/conadi.gob.gt\/web\/wp-content\/uploads\/2020\/11\/Santa-Cruz-Verapaz-Alta-Verapaz.pdf\">13. Santa Cruz Verapaz, Alta Verapaz<\/a><\/td><\/tr><tr><td><a href=\"https:\/\/conadi.gob.gt\/web\/wp-content\/uploads\/2020\/11\/Playa-Grande-Ixcan-Quiche.pdf\">12. Ixc\u00e1n, Quiche<\/a><\/td><td><a href=\"https:\/\/conadi.gob.gt\/web\/wp-content\/uploads\/2020\/11\/Puerto-Barrios-Izabal.pdf\">11. Puerto Barrios, Izabal<\/a><\/td><td><a href=\"https:\/\/conadi.gob.gt\/web\/wp-content\/uploads\/2020\/11\/San-Andres-Itzapa-Chimaltenango.pdf\">10. San Andr\u00e9s Itzapa, Chimaltenango<\/a><\/td><td><a href=\"https:\/\/conadi.gob.gt\/web\/wp-content\/uploads\/2020\/11\/Zaragoza-Chimaltenango.pdf\">9. Zaragoza, Chimaltenango<\/a><\/td><td><a href=\"https:\/\/conadi.gob.gt\/web\/wp-content\/uploads\/2020\/11\/San-Benito-Pet\u00e9n.pdf\">8. San Benito, Pet\u00e9n<\/a><\/td><td><a href=\"https:\/\/conadi.gob.gt\/web\/wp-content\/uploads\/2020\/11\/Nebaj-Quiche.pdf\">7. Nebaj, Quiche<\/a><\/td><\/tr><tr><td><a href=\"https:\/\/conadi.gob.gt\/web\/wp-content\/uploads\/2020\/11\/San-Francisco-El-Alto-Totonicapan.pdf\">6.San Francisco el Alto, Totonicap\u00e1n<\/a><\/td><td><a href=\"https:\/\/conadi.gob.gt\/web\/wp-content\/uploads\/2020\/11\/Jalapa-Jalapa.pdf\">5. Jalapa, Jalapa<\/a><\/td><td><a href=\"https:\/\/conadi.gob.gt\/web\/wp-content\/uploads\/2020\/11\/Sansare-El-Progreso.pdf\">4. Sansare, El Progreso<\/a><\/td><td><a href=\"https:\/\/conadi.gob.gt\/web\/wp-content\/uploads\/2020\/11\/Morazan-El-Progreso.pdf\">3. Moraz\u00e1n, El Progreso<\/a><\/td><td><a href=\"https:\/\/conadi.gob.gt\/web\/wp-content\/uploads\/2020\/11\/El-J\u00edcaro-El-Progreso.pdf\">2. El J\u00edcaro, El Progreso<\/a><\/td><td><a href=\"https:\/\/conadi.gob.gt\/web\/wp-content\/uploads\/2020\/11\/Panajachel.pdf\">1. Panajachel, Solol\u00e1<\/a><\/td><\/tr><\/tbody><\/table><\/figure>\n\n\n\n<p><span style=\"font-size: 14pt;\"><strong><em>CONVENIOS, CARTAS DE ENTENDIMIENTO Y MEMORANDUM SUSCRITOS POR CONADI<\/em><\/strong><\/span><\/p>\n\n\n\n<p><\/p>\n\n\n\n<figure class=\"wp-block-table is-style-regular\"><table class=\"has-fixed-layout\"><tbody><tr><td><\/td><td><\/td><td><\/td><\/tr><tr><td><a href=\"https:\/\/conadi.gob.gt\/web\/wp-content\/uploads\/2023\/10\/CONVENIO-CONADI-INSTITUTO-DE-LA-DEFENSA-PP.pdf\" data-type=\"URL\" data-id=\"https:\/\/conadi.gob.gt\/web\/wp-content\/uploads\/2023\/10\/CONVENIO-CONADI-INSTITUTO-DE-LA-DEFENSA-PP.pdf\">Convenio de Cooperaci\u00f3n Interinstitucional entre el Instituto de la Defensa P\u00fablica Penal y CONADI<\/a><\/td><td><a href=\"https:\/\/conadi.gob.gt\/web\/wp-content\/uploads\/2023\/10\/Convenio-Internaciones-CONADI.pdf\" data-type=\"URL\" data-id=\"https:\/\/conadi.gob.gt\/web\/wp-content\/uploads\/2023\/10\/Convenio-Internaciones-CONADI.pdf\">&nbsp;Convenio Marco de Cooperaci\u00f3n entre la Universidad Internaciones y CONADI<\/a><\/td><td><a href=\"https:\/\/conadi.gob.gt\/web\/wp-content\/uploads\/2023\/10\/Convenio-Seprem-CONADI.pdf\" data-type=\"URL\" data-id=\"https:\/\/conadi.gob.gt\/web\/wp-content\/uploads\/2023\/10\/Convenio-Seprem-CONADI.pdf\">Convenio de Cooperaci\u00f3n Interinstitucional entre la Secretar\u00eda Presidencial de la Mujer y CONADI<\/a><\/td><\/tr><tr><td><a href=\"https:\/\/conadi.gob.gt\/web\/wp-content\/uploads\/2023\/04\/CARTA-DE-ENTENDIMIENTO-ENTRE-CDG-Y-CONADI.pdf\">CARTA DE ENTENDIMIENTO ENTRE CRONISTAS DEPORTIVOS DE GUATEMALA (CDG) Y CONADI<\/a><\/td><td><a href=\"https:\/\/conadi.gob.gt\/web\/wp-content\/uploads\/2023\/06\/Convenio-MINECO-CONADI.pdf\">CONVENIO DE COOPERACI\u00d3N INTERINSTITUCIONAL ENTRE MINISTERIO DE ECONOMIA Y CONADI<\/a><\/td><td><a href=\"https:\/\/conadi.gob.gt\/web\/wp-content\/uploads\/2023\/08\/Convenio-Sistema-Penitenciario-CONADI.pdf\">CONVENIO DE COOPERACI\u00d3N INTERINSTITUCIONAL ENTRE EL SISTEMA PENITENCIARIO Y CONADI<\/a><\/td><\/tr><tr><td><a href=\"https:\/\/conadi.gob.gt\/web\/wp-content\/uploads\/2023\/03\/Convenio-entre-CONADI-y-RENAP.pdf\" data-type=\"URL\" data-id=\"https:\/\/conadi.gob.gt\/web\/wp-content\/uploads\/2023\/03\/Convenio-entre-CONADI-y-RENAP.pdf\">CONVENIO CONADI RENAP<\/a><\/td><td><a href=\"https:\/\/conadi.gob.gt\/web\/wp-content\/uploads\/2023\/01\/Convenio-Marco-de-Cooperacion-Interinstitucional-Muni-Guatemala.pdf\" data-type=\"URL\" data-id=\"https:\/\/conadi.gob.gt\/web\/wp-content\/uploads\/2023\/01\/Convenio-Marco-de-Cooperacion-Interinstitucional-Muni-Guatemala.pdf\">Convenio Marco de Cooperaci\u00f3n Interinstitucional entre Municipalidad de Guatemala y CONADI<\/a><\/td><td><a href=\"https:\/\/conadi.gob.gt\/web\/wp-content\/uploads\/2022\/11\/CARTA-DE-ENTENDIMIENTO-ENTRE-CLPG-Y-CONADI.pdf\" data-type=\"URL\" data-id=\"https:\/\/conadi.gob.gt\/web\/wp-content\/uploads\/2022\/11\/CARTA-DE-ENTENDIMIENTO-ENTRE-CLPG-Y-CONADI.pdf\">CARTA DE ENTENDIMIENTO ENTRE C\u00c1MARA DE LOCUTORES PROFESIONALES DE GUATEMALA (CLPG) Y EL CONADI<\/a><\/td><\/tr><tr><td><a href=\"https:\/\/conadi.gob.gt\/web\/wp-content\/uploads\/2022\/10\/Carta-de-Entendimiento-NIMD-CONADI.pdf\" data-type=\"URL\" data-id=\"https:\/\/conadi.gob.gt\/web\/wp-content\/uploads\/2022\/10\/Carta-de-Entendimiento-NIMD-CONADI.pdf\">Carta de Entendimiento entre el Instituto Holand\u00e9s para la Democracia Multipartidaria (NIMD) y CONADI<\/a><\/td><td><a href=\"https:\/\/conadi.gob.gt\/web\/wp-content\/uploads\/2022\/08\/CONVENIO-CONADIS-ECUADOR-Y-CONADI-FIRMADO.pdf\" data-type=\"URL\" data-id=\"https:\/\/conadi.gob.gt\/web\/wp-content\/uploads\/2022\/08\/CONVENIO-CONADIS-ECUADOR-Y-CONADI-FIRMADO.pdf\">&nbsp;Convenio Conadis Ecuador y Conadi 2022<\/a><\/td><td><a href=\"https:\/\/conadi.gob.gt\/web\/wp-content\/uploads\/2022\/08\/Convenio-SVET-CONADI.pdf\" data-type=\"URL\" data-id=\"https:\/\/conadi.gob.gt\/web\/wp-content\/uploads\/2022\/08\/Convenio-SVET-CONADI.pdf\">Convenio de Cooperaci\u00f3n Interinstitucional entre SVET y CONADI<\/a><\/td><\/tr><tr><td><a href=\"https:\/\/conadi.gob.gt\/web\/wp-content\/uploads\/2022\/08\/Carta-firmada-World-Vision.pdf\" data-type=\"URL\" data-id=\"https:\/\/conadi.gob.gt\/web\/wp-content\/uploads\/2022\/08\/Carta-firmada-World-Vision.pdf\">Memorando de Entendimiento entre Fundaci\u00f3n Visi\u00f3n Mundial y CONADI<\/a><\/td><td><a href=\"https:\/\/conadi.gob.gt\/web\/wp-content\/uploads\/2022\/08\/CONVENIO-CONADI-VPCYN-2022.pdf\" data-type=\"URL\" data-id=\"https:\/\/conadi.gob.gt\/web\/wp-content\/uploads\/2022\/08\/CONVENIO-CONADI-VPCYN-2022.pdf\">Convenio Viceministerio de Patrimonio Cultural y Natural y CONADI<\/a><\/td><td><a href=\"https:\/\/conadi.gob.gt\/web\/wp-content\/uploads\/2022\/07\/CONVENIO-DE-COOPERACION-INTERINSTITUCIONAL-INTECAP-CONADI.pdf\" data-type=\"URL\" data-id=\"https:\/\/conadi.gob.gt\/web\/wp-content\/uploads\/2022\/07\/CONVENIO-DE-COOPERACION-INTERINSTITUCIONAL-INTECAP-CONADI.pdf\">&nbsp;CONVENIO CONADI INTECAP<\/a><\/td><\/tr><tr><td><a href=\"https:\/\/conadi.gob.gt\/web\/wp-content\/uploads\/2022\/06\/JICA.pdf\" data-type=\"URL\" data-id=\"https:\/\/conadi.gob.gt\/web\/wp-content\/uploads\/2022\/06\/JICA.pdf\" target=\"_blank\" rel=\"noreferrer noopener\">&nbsp;CONVENIO JICA Y CONADI<\/a><\/td><td><a href=\"https:\/\/conadi.gob.gt\/web\/wp-content\/uploads\/2022\/06\/CONVENIO-WORLD-SHARE-FIRMADO.pdf\" data-type=\"URL\" data-id=\"https:\/\/conadi.gob.gt\/web\/wp-content\/uploads\/2022\/06\/CONVENIO-WORLD-SHARE-FIRMADO.pdf\">CONVENIO WORLD SHARE Y CONADI<\/a><\/td><td><a href=\"https:\/\/conadi.gob.gt\/web\/wp-content\/uploads\/2022\/06\/CONVENIO-SENACYT-FIRMADO.pdf\" data-type=\"URL\" data-id=\"https:\/\/conadi.gob.gt\/web\/wp-content\/uploads\/2022\/06\/CONVENIO-SENACYT-FIRMADO.pdf\">CONVENIO SENACYT Y CONADI<\/a><\/td><\/tr><tr><td><a href=\"https:\/\/conadi.gob.gt\/web\/wp-content\/uploads\/2022\/05\/convenio-conalfa.pdf\">CARTA DE ENTENDIMIENTO ENTRE EL CONADI Y CONALFA<\/a><\/td><td><a href=\"https:\/\/conadi.gob.gt\/web\/wp-content\/uploads\/2023\/03\/Adenda-2-CISP-CONADI.pdf\" data-type=\"URL\" data-id=\"https:\/\/conadi.gob.gt\/web\/wp-content\/uploads\/2023\/03\/Adenda-2-CISP-CONADI.pdf\">ADENDA 2023 A CONVENIO <\/a><br \/><br \/><a href=\"https:\/\/conadi451136515.files.wordpress.com\/2021\/12\/aff08-adenda-y-convenio-cisp-20210106.pdf\">ADENDA 2021&nbsp; Y CONVENIO ENTRE CONADI Y CISP<\/a><\/td><td><a href=\"https:\/\/conadi451136515.files.wordpress.com\/2021\/12\/0d443-convenio-de-cooperacion-entre-la-ecc-y-conadi.pdf\">CONVENIO DE COOPERACI\u00d3N ENTRE LA ECC Y CONADI<\/a><\/td><\/tr><tr><td><a href=\"https:\/\/conadi451136515.files.wordpress.com\/2021\/12\/9f2ff-cartas-de-entendimiento-entre-conadi-y-jovenes-artistas.pdf\">CARTAS DE ENTENDIMIENTO ENTRE CONADI Y JOVENES ARTISTAS<\/a><\/td><td><a href=\"https:\/\/conadi451136515.files.wordpress.com\/2021\/12\/e7ac3-convenio-inguat-conadi.pdf\">CONVENIO INGUAT CONADI<\/a><\/td><td><a href=\"https:\/\/conadi451136515.files.wordpress.com\/2021\/12\/b5e28-img20210414_10320180-convertido.pdf\">CONVENIO ENTRE CONADI&nbsp; CORREOS Y TELEGRAFOS<\/a><\/td><\/tr><tr><td><a href=\"https:\/\/conadi451136515.files.wordpress.com\/2021\/12\/83fc0-acuerdo-marco-de-cooperacion-entre-coe-y-conadi.pdf\">ACUERDO MARCO DE COOPERACI\u00d3N ENTRE COE Y CONADI<\/a><\/td><td><a href=\"https:\/\/conadi451136515.files.wordpress.com\/2021\/12\/7cfa3-carta-de-entendimiento-conadi-apg.pdf\">CARTA DE ENTENDIMIENTO CONADI APG<\/a><\/td><td><a href=\"https:\/\/conadi451136515.files.wordpress.com\/2021\/12\/ed68e-convenio-senacyt.pdf\">CONVENIO COOPERACI\u00d3N CONADI SENACYT<\/a><\/td><\/tr><tr><td><a href=\"https:\/\/conadi451136515.files.wordpress.com\/2021\/12\/6fd53-convenio-sesan.pdf\">CONVENIO SESAN CONADI 2021<\/a> <a href=\"https:\/\/conadi451136515.files.wordpress.com\/2021\/12\/3e333-convenio-sesan-conadi.pdf\">CONVENIO-SESAN-CONADI<\/a><\/td><td><a href=\"https:\/\/conadi451136515.files.wordpress.com\/2021\/12\/72105-almg-carta-de-entendimiento.pdf\">CONVENIO DE COOPERACI\u00d3N ALMG Y CONADI ADENDA<\/a> &nbsp; <a href=\"https:\/\/conadi451136515.files.wordpress.com\/2021\/12\/a65b9-convenio-almg-conadi.pdf\">CONVENIO ALMG CONADI<\/a><\/td><td><a href=\"https:\/\/conadi451136515.files.wordpress.com\/2021\/12\/b40ee-convenio-de-cooperacion-entre-asec-iger-y-conadi.pdf\">CONVENIO DE COOPERACI\u00d3N ENTRE ASEC IGER Y CONADI<\/a><\/td><\/tr><tr><td><a href=\"https:\/\/conadi451136515.files.wordpress.com\/2021\/12\/126c1-conjuve-conadi-2017.pdf\">CARTA DE ENTENDIMINETO CONJUVE Y CONADI<\/a><\/td><td><a href=\"https:\/\/conadi451136515.files.wordpress.com\/2021\/12\/331b6-seprem.pdf\">CONVENIO SEPREM CONADI<\/a><\/td><td><a href=\"https:\/\/drive.google.com\/file\/d\/1CmRlF-wbntApFpiQiGqmw3dg8YuK8gIN\/view\">CONVENIO INTERINSTITUCIONAL DE COOPERACI\u00d3N ENTRE EL INFOM &#8211; CONADI<\/a><\/td><\/tr><tr><td><a href=\"https:\/\/conadi.gob.gt\/web\/wp-content\/uploads\/2019\/07\/CONVENIO-MARCO-DE-COOPERACI%C3%93N-ENTRE-EL-CONADIS-ECUADOR-Y-CONADI-GUATEMALA-PARA-EL-INTERCAMBIO-Y-TRANSFEFENCIA-DE-INFORMACI%C3%93N-TCNICA-SOBRE-DISCAPACIDADES.pdf\">CONVENIO DE COOPERACION CONADIS ECUADOR 2018<\/a><\/td><td><a href=\"https:\/\/conadi451136515.files.wordpress.com\/2021\/12\/2a03c-convenio-de-cooperacion-interinstitucional-intecap-conadi.pdf\">CONVENIO DE COOPERACI\u00d3N INTERINSTITUCIONAL ENTRE CONADI-INTECAP<\/a><\/td><td><a href=\"https:\/\/conadi451136515.files.wordpress.com\/2021\/12\/7fb53-carta-de-entendimient-entre-fundacion-vision-mundial-guatemala-y-conadi.pdf\">CARTA DE ENTENDIMIENTO FUNDACI\u00d3N VISI\u00d3N MUNDIAL GUATEMALA Y CONADI<\/a><\/td><\/tr><tr><td><a href=\"https:\/\/conadi451136515.files.wordpress.com\/2021\/12\/c311b-convenio-ecp-conadi.pdf\">CARTA DE ENTENDIMIENTO ENTRE ECP Y CONADI<\/a><\/td><td><a href=\"https:\/\/conadi451136515.files.wordpress.com\/2021\/12\/6b73f-carta-de-entendimientconadi-pacto-global-vigente-nov-2021.pdf\">CARTA DE ENTENDIMIENTO ENTRE RED DE PACTO GLOBAL -CONADI<\/a><\/td><td><a href=\"https:\/\/conadi451136515.files.wordpress.com\/2021\/12\/565d7-fger-convenio-1.pdf\">CONVENIO DE COOPERACI\u00d3N INTERINSTITUCIONAL ENTRE CONADI -FGER<\/a><\/td><\/tr><tr><td><a href=\"https:\/\/conadi451136515.files.wordpress.com\/2021\/12\/9ab80-maga003.pdf\">CONVENIO MARCO DE COOPERACI\u00d3N ENTRE MAGA Y CONADI<\/a><\/td><td><a href=\"https:\/\/conadi.gob.gt\/web\/wp-content\/uploads\/2019\/06\/MEMORANDO-DE-COLABORACI%C3%93N-SUSCRITO-ENTRE-CONADI-Y-LA-FUNDACI%C3%93N-INTERNACIONAL-PARA-SISTEMAS-ELECTORALES.pdf\">MEMORANDO DE COLABORACI\u00d3N IFES CONADI<\/a><\/td><td><a href=\"https:\/\/conadi451136515.files.wordpress.com\/2021\/12\/e9aae-carta-de-entendimiento-conadi-intecap.pdf\">CARTA DE ENTENDIMIENTO PROYECTO<\/a><a href=\"https:\/\/conadi451136515.files.wordpress.com\/2021\/12\/e9aae-carta-de-entendimiento-conadi-intecap.pdf\"> CONADI-INTECAP<\/a><\/td><\/tr><tr><td><a href=\"https:\/\/conadi451136515.files.wordpress.com\/2021\/12\/5ed8d-mides.pdf\">CONVENIO COOPERACI\u00d3N MIDES CONADI<\/a><\/td><td><a href=\"https:\/\/conadi451136515.files.wordpress.com\/2021\/12\/3c808-mp.pdf\">CONVENIO MINISTERIO P\u00daBLICO CONADI<\/a><\/td><td><a href=\"https:\/\/conadi451136515.files.wordpress.com\/2021\/12\/331ab-tse.pdf\">CARTA DE ENTENDIMIENTO ENTRE CONADI Y TSE<\/a><\/td><\/tr><tr><td><a href=\"https:\/\/conadi451136515.files.wordpress.com\/2021\/12\/9c21b-conred-conadi-2017.pdf\">CONVENIO DE COOPERACI\u00d3N CONADI CONRED<\/a><\/td><td><a href=\"https:\/\/conadi451136515.files.wordpress.com\/2021\/12\/5d4ae-organismo-judicial-conadi-2017.pdf\">CONVENIO DE COOPERACI\u00d3N OJ Y CONADI<\/a><\/td><td><a href=\"https:\/\/conadi451136515.files.wordpress.com\/2021\/12\/79428-carta-de-entendimiento-tse-conadi.pdf\">CARTA DE ENTENDIMIENTO TSE CONADI<\/a><\/td><\/tr><tr><td><a href=\"https:\/\/conadi451136515.files.wordpress.com\/2021\/12\/484cb-carta-de-entendimiento-mintrab-cisp-italia-y-conadi002.pdf\">CARTA DE ENTENDIMIENTO MINTRAB, CISP, Y CONADI<\/a><\/td><td><a href=\"https:\/\/conadi451136515.files.wordpress.com\/2021\/12\/a9af9-carta-de-entendimiento-instituto-holandes-y-conadi.pdf\">CARTA DE ENTENDIMIENTO ENTRE EL INSTITUTO HOLAND\u00c9S PARA LA DEMOCRACIA MULTIPARTIDARIA -NIMD- Y CONADI<\/a><\/td><td><a href=\"https:\/\/conadi451136515.files.wordpress.com\/2021\/12\/a2f84-mtasking-s.a..pdf\">Carta de Entendimiento, Conformaci\u00f3n de Alianza estrat\u00e9gica entre MTASKING S.A. y CONADI.<\/a><\/td><\/tr><\/tbody><\/table><\/figure>\n\n\n\n<p><\/p>\n\n\n\n<p><strong>INICIATIVAS DE LEY <\/strong><\/p>\n\n\n\n<figure class=\"wp-block-table\"><table class=\"has-fixed-layout\"><tbody><tr><td><a href=\"https:\/\/conadi.gob.gt\/web\/wp-content\/uploads\/2022\/03\/INICIATIVA-DE-LEY-5529.pdf\" data-type=\"URL\" data-id=\"https:\/\/conadi.gob.gt\/web\/wp-content\/uploads\/2022\/03\/INICIATIVA-DE-LEY-5529.pdf\"><strong>INICIATIVA DE LEY 5529: <\/strong>Iniciativa que dispone aprobar Ley para el Fomento de Trabajo, Empleo y Emprendimiento para personas con Discapacidad. <\/a><br \/><br \/><a href=\"https:\/\/conadi.gob.gt\/web\/wp-content\/uploads\/2022\/03\/Dictamen-favorable-5529.pdf\" data-type=\"URL\" data-id=\"https:\/\/conadi.gob.gt\/web\/wp-content\/uploads\/2022\/03\/Dictamen-favorable-5529.pdf\">DICTAMEN INICIATIVA 5529 <\/a>&nbsp;<\/td><td><a href=\"https:\/\/conadi.gob.gt\/web\/wp-content\/uploads\/2022\/03\/INICIATIVA-DE-LEY-5463.pdf\" data-type=\"URL\" data-id=\"https:\/\/conadi.gob.gt\/web\/wp-content\/uploads\/2022\/03\/INICIATIVA-DE-LEY-5463.pdf\"><strong>INICIATIVA DE LEY 5463: <\/strong>Iniciativa que dispone aprobar Ley de Certificaci\u00f3n de Discapacidad.<\/a> &nbsp; <br \/><br \/><a href=\"https:\/\/conadi.gob.gt\/web\/wp-content\/uploads\/2022\/03\/Dictamen-Favorable-5463.pdf\" data-type=\"URL\" data-id=\"https:\/\/conadi.gob.gt\/web\/wp-content\/uploads\/2022\/03\/Dictamen-Favorable-5463.pdf\">DICTAMEN INICIATIVA 5463 &nbsp;<\/a><\/td><\/tr><tr><td><a href=\"https:\/\/conadi.gob.gt\/web\/wp-content\/uploads\/2022\/03\/INICIATIVA-DE-LEY-5125.pdf\" data-type=\"URL\" data-id=\"https:\/\/conadi.gob.gt\/web\/wp-content\/uploads\/2022\/03\/INICIATIVA-DE-LEY-5125.pdf\"><strong>INICIATIVA DE LEY 5125<\/strong>: Iniciativa que dispone aprobar Ley de Personas con Discapacidad &nbsp; <\/a><br \/><br \/><a href=\"https:\/\/conadi.gob.gt\/web\/wp-content\/uploads\/2022\/03\/Dictamen-favorable-5125.pdf\" data-type=\"URL\" data-id=\"https:\/\/conadi.gob.gt\/web\/wp-content\/uploads\/2022\/03\/Dictamen-favorable-5125.pdf\">DICTAMEN INICIATIVA 5125 &nbsp;<\/a><\/td><td><a href=\"https:\/\/conadi.gob.gt\/web\/wp-content\/uploads\/2022\/03\/INICIATIVA-DE-LEY-4910.pdf\" data-type=\"URL\" data-id=\"https:\/\/conadi.gob.gt\/web\/wp-content\/uploads\/2022\/03\/INICIATIVA-DE-LEY-4910.pdf\"><strong>INICIATIVA DE LEY&nbsp; 4910<\/strong>:&nbsp;Iniciativa que dispone aprobar Ley de Acceso a la Rehabilitaci\u00f3n para V\u00edctimas de Violencia Armada. &nbsp;<\/a><br \/><br \/><a href=\"https:\/\/conadi.gob.gt\/web\/wp-content\/uploads\/2022\/03\/DICTAMEN-INICIATIVA-4910.pdf\" data-type=\"URL\" data-id=\"https:\/\/conadi.gob.gt\/web\/wp-content\/uploads\/2022\/03\/DICTAMEN-INICIATIVA-4910.pdf\">DICTAMEN INICIATIVA 4910 &nbsp;<\/a><\/td><\/tr><tr><td><a href=\"https:\/\/conadi.gob.gt\/web\/wp-content\/uploads\/2022\/03\/INICIATIVA-DE-LEY-4796.pdf\" data-type=\"URL\" data-id=\"https:\/\/conadi.gob.gt\/web\/wp-content\/uploads\/2022\/03\/INICIATIVA-DE-LEY-4796.pdf\"><strong>INICIATIVA DE LEY 4796<\/strong>:&nbsp;Iniciativa que dispone aprobar Ley de Regulaci\u00f3n de la Inclusi\u00f3n Laboral para Personas con Discapacidad. &nbsp;<\/a><br \/><br \/> <a href=\"https:\/\/conadi.gob.gt\/web\/wp-content\/uploads\/2022\/03\/DICTAMEN-INICIATIVA-4796.pdf\" data-type=\"URL\" data-id=\"https:\/\/conadi.gob.gt\/web\/wp-content\/uploads\/2022\/03\/DICTAMEN-INICIATIVA-4796.pdf\">DICTAMEN INICIATIVA 4796 &nbsp;<\/a><\/td><td><a href=\"https:\/\/conadi.gob.gt\/web\/wp-content\/uploads\/2022\/03\/INICIATIVA-DE-LEY-4177.pdf\" data-type=\"URL\" data-id=\"https:\/\/conadi.gob.gt\/web\/wp-content\/uploads\/2022\/03\/INICIATIVA-DE-LEY-4177.pdf\"><strong>INICIATIVA DE LEY 4177:<\/strong>&nbsp;Iniciativa que dispone aprobar Ley Nacional del Deporte, la Educaci\u00f3n F\u00edsica y la Recreaci\u00f3n F\u00edsica. &nbsp;<\/a> <br \/><br \/><a href=\"https:\/\/conadi.gob.gt\/web\/wp-content\/uploads\/2022\/03\/DICTAMEN-INICIATIVA-4177.pdf\">DICTAMEN INICIATIVA 4177 &nbsp;<\/a><\/td><\/tr><tr><td><a href=\"https:\/\/conadi.gob.gt\/web\/wp-content\/uploads\/2022\/03\/INICIATIVA-DE-LEY-5392.pdf\" data-type=\"URL\" data-id=\"https:\/\/conadi.gob.gt\/web\/wp-content\/uploads\/2022\/03\/INICIATIVA-DE-LEY-5392.pdf\"><strong>INICIATIVA DE LEY 5392<\/strong>: Iniciativa que dispone aprobar reformas al decreto n\u00famero 12-2002 del Congreso de la Rep\u00fablica, C\u00f3digo Municipal. &nbsp;<\/a><\/td><td><a href=\"https:\/\/conadi.gob.gt\/web\/wp-content\/uploads\/2022\/03\/INICIATIVA-DE-LEY-5232.pdf\" data-type=\"URL\" data-id=\"https:\/\/conadi.gob.gt\/web\/wp-content\/uploads\/2022\/03\/INICIATIVA-DE-LEY-5232.pdf\"><strong>INICIATIVA DE LEY 5232:<\/strong> Dispone aprobar reformas al decreto n\u00famero 1441 del Congreso de la Rep\u00fablica, C\u00f3digo de Trabajo. Adiciona art. 14 ter proh\u00edbe al empleador la marginaci\u00f3n, exclusi\u00f3n o discriminaci\u00f3n por edad, religi\u00f3n, etnia, sexo, estado civil, idioma, discapacidad f\u00edsica, credos pol\u00edticos o situaci\u00f3n econ\u00f3mica al momento de hacer convocatoria de empleo &nbsp;<\/a><\/td><\/tr><tr><td><a href=\"https:\/\/conadi.gob.gt\/web\/wp-content\/uploads\/2022\/03\/5670-PROYECTO-DE-LEY-EL-DECENIO-DE-LAS-PERSONAS-CON-DISCAPACIDAD.pdf\" data-type=\"URL\" data-id=\"https:\/\/conadi.gob.gt\/web\/wp-content\/uploads\/2022\/03\/5670-PROYECTO-DE-LEY-EL-DECENIO-DE-LAS-PERSONAS-CON-DISCAPACIDAD.pdf\"><strong>PROYECTO DE LEY 5670<\/strong> El decenio de las personas con discapacidad &nbsp;<\/a><\/td><td><a href=\"https:\/\/conadi.gob.gt\/web\/wp-content\/uploads\/2022\/03\/INICIATIVA-DE-LEY-5957.pdf\" data-type=\"URL\" data-id=\"https:\/\/conadi.gob.gt\/web\/wp-content\/uploads\/2022\/03\/INICIATIVA-DE-LEY-5957.pdf\"><strong>INICIATIVA DE LEY 5957 <\/strong>Iniciativa que dispone aprobar reforma al Decreto N\u00famero 101-97 del Congreso de la Rep\u00fablica, Ley Org\u00e1nica del Presupuesto. Adiciona un \u00faltimo p\u00e1rrafo al art. 17 Qu\u00e1ter.<\/a><\/td><\/tr><\/tbody><\/table><\/figure>\n<\/div>\n\n\n\n<figure class=\"wp-block-table\"><table class=\"has-fixed-layout\"><tbody><tr><td><a href=\"https:\/\/conadi.gob.gt\/web\/wp-content\/uploads\/2023\/12\/LEY-DE-CONTRATACIONES-DEL-ESTADO.pdf\" data-type=\"URL\" data-id=\"https:\/\/conadi.gob.gt\/web\/wp-content\/uploads\/2023\/12\/LEY-DE-CONTRATACIONES-DEL-ESTADO.pdf\">Ley de Contrataciones del Estado<\/a><br \/><a href=\"https:\/\/conadi.gob.gt\/web\/wp-content\/uploads\/2023\/12\/7-REGLAMENTO-LEY-DE-CONTRATACIONES-DEL-ESTADO-122-2016.pdf\" data-type=\"URL\" data-id=\"https:\/\/conadi.gob.gt\/web\/wp-content\/uploads\/2023\/12\/7-REGLAMENTO-LEY-DE-CONTRATACIONES-DEL-ESTADO-122-2016.pdf\">Reglamento de la Ley de Contrataciones del Estado<\/a><\/td><td><a href=\"https:\/\/conadi.gob.gt\/web\/wp-content\/uploads\/2023\/12\/4-LEY-DE-PROBIDAD-DECRETO-DEL-CONGRESO-89-2002.pdf\" data-type=\"URL\" data-id=\"https:\/\/conadi.gob.gt\/web\/wp-content\/uploads\/2023\/12\/4-LEY-DE-PROBIDAD-DECRETO-DEL-CONGRESO-89-2002.pdf\">Ley de Probidad y Responsabilidad de Funcionarios y Empleados P\u00fablicos<\/a><\/td><\/tr><tr><td><a href=\"https:\/\/conadi.gob.gt\/web\/wp-content\/uploads\/2023\/12\/Ley_de_servicio_civil.pdf\" data-type=\"URL\" data-id=\"https:\/\/conadi.gob.gt\/web\/wp-content\/uploads\/2023\/12\/Ley_de_servicio_civil.pdf\">Ley de Servicio Civil<\/a><\/td><td><a href=\"https:\/\/conadi.gob.gt\/web\/wp-content\/uploads\/2023\/12\/Manual-de-Gestion-del-Empleo-tercera-edicion-con-Acuerdo.pdf\" data-type=\"URL\" data-id=\"https:\/\/conadi.gob.gt\/web\/wp-content\/uploads\/2023\/12\/Manual-de-Gestion-del-Empleo-tercera-edicion-con-Acuerdo.pdf\">Manual de Especificaciones de Clases de Puestos -ONSEC-<\/a><\/td><\/tr><tr><td><\/td><td><\/td><\/tr><tr><td><\/td><td><\/td><\/tr><\/tbody><\/table><\/figure>\n","protected":false},"excerpt":{"rendered":"<p>Manual T\u00e9cnico de Accesibilidad Manual de Accesibilidad Universal (INGUAT) ENERO 2021 PROTOCOLO PERSONAL formato word ENERO 2021 PROTOCOLO PERSONAL formato pdf RESOLUCI\u00d3N FINAL ELECCION JD.pdf ACTA DE ASAMBLEA DE ELECCION JUNTA DIRECTIVA CONADI 2021-2023.pdf &nbsp; Agenda Estrat\u00e9gica para el abordaje de los derechos humanos de las mujeres y ni\u00f1as con discapacidad, en el marco de &hellip; <\/p>\n<p class=\"link-more\"><a href=\"https:\/\/conadi.gob.gt\/web\/inciso-29-informacion-de-utilidad-2\/\" class=\"more-link\">Leer m\u00e1s<span class=\"screen-reader-text\"> \u00abINCISO 29. Informaci\u00f3n de utilidad\u00bb<\/span><\/a><\/p>\n","protected":false},"author":8,"featured_media":0,"comment_status":"closed","ping_status":"closed","sticky":false,"template":"","format":"standard","meta":{"footnotes":""},"categories":[1],"tags":[],"class_list":["post-10533","post","type-post","status-publish","format-standard","hentry","category-sin-categoria"],"_links":{"self":[{"href":"https:\/\/conadi.gob.gt\/web\/wp-json\/wp\/v2\/posts\/10533","targetHints":{"allow":["GET"]}}],"collection":[{"href":"https:\/\/conadi.gob.gt\/web\/wp-json\/wp\/v2\/posts"}],"about":[{"href":"https:\/\/conadi.gob.gt\/web\/wp-json\/wp\/v2\/types\/post"}],"author":[{"embeddable":true,"href":"https:\/\/conadi.gob.gt\/web\/wp-json\/wp\/v2\/users\/8"}],"replies":[{"embeddable":true,"href":"https:\/\/conadi.gob.gt\/web\/wp-json\/wp\/v2\/comments?post=10533"}],"version-history":[{"count":74,"href":"https:\/\/conadi.gob.gt\/web\/wp-json\/wp\/v2\/posts\/10533\/revisions"}],"predecessor-version":[{"id":14925,"href":"https:\/\/conadi.gob.gt\/web\/wp-json\/wp\/v2\/posts\/10533\/revisions\/14925"}],"wp:attachment":[{"href":"https:\/\/conadi.gob.gt\/web\/wp-json\/wp\/v2\/media?parent=10533"}],"wp:term":[{"taxonomy":"category","embeddable":true,"href":"https:\/\/conadi.gob.gt\/web\/wp-json\/wp\/v2\/categories?post=10533"},{"taxonomy":"post_tag","embeddable":true,"href":"https:\/\/conadi.gob.gt\/web\/wp-json\/wp\/v2\/tags?post=10533"}],"curies":[{"name":"wp","href":"https:\/\/api.w.org\/{rel}","templated":true}]}}