{"id":10551,"date":"2022-02-24T18:23:37","date_gmt":"2022-02-24T18:23:37","guid":{"rendered":"https:\/\/conadi.gob.gt\/web\/?p=10551"},"modified":"2022-04-06T21:04:11","modified_gmt":"2022-04-06T21:04:11","slug":"conforman-mesa-de-trabajo-para-desarrollar-programas-y-proyectos-en-el-centro-de-atencion-integral-para-personas-con-discapacidad-en-san-jeronimo-baja-verapaz","status":"publish","type":"post","link":"https:\/\/conadi.gob.gt\/web\/conforman-mesa-de-trabajo-para-desarrollar-programas-y-proyectos-en-el-centro-de-atencion-integral-para-personas-con-discapacidad-en-san-jeronimo-baja-verapaz\/","title":{"rendered":"CONFORMAN MESA DE TRABAJO PARA DESARROLLAR PROGRAMAS Y PROYECTOS EN EL CENTRO DE ATENCI\u00d3N INTEGRAL PARA PERSONAS CON DISCAPACIDAD, EN SAN JER\u00d3NIMO, BAJA VERAPAZ"},"content":{"rendered":"\n<figure class=\"wp-block-image size-large\"><img loading=\"lazy\" decoding=\"async\" width=\"1024\" height=\"682\" src=\"https:\/\/conadi.gob.gt\/web\/wp-content\/uploads\/2022\/02\/WhatsApp-Image-2022-02-24-at-10.58.10-1024x682.jpeg\" alt=\"\" class=\"wp-image-10552\" srcset=\"https:\/\/conadi.gob.gt\/web\/wp-content\/uploads\/2022\/02\/WhatsApp-Image-2022-02-24-at-10.58.10-1024x682.jpeg 1024w, https:\/\/conadi.gob.gt\/web\/wp-content\/uploads\/2022\/02\/WhatsApp-Image-2022-02-24-at-10.58.10-300x200.jpeg 300w, https:\/\/conadi.gob.gt\/web\/wp-content\/uploads\/2022\/02\/WhatsApp-Image-2022-02-24-at-10.58.10-768x512.jpeg 768w, https:\/\/conadi.gob.gt\/web\/wp-content\/uploads\/2022\/02\/WhatsApp-Image-2022-02-24-at-10.58.10.jpeg 1280w\" sizes=\"auto, (max-width: 1024px) 100vw, 1024px\" \/><figcaption>Clarivel Castillo, presidenta del CONADI<\/figcaption><\/figure>\n\n\n\n<p>Clarivel Castillo, presidenta del CONADI y William Cajas, director t\u00e9cnico del CONADI, participaron en la primera reuni\u00f3n de seguimiento de la mesa de trabajo para el funcionamiento del proyecto Centro de Atenci\u00f3n Integral para Personas con Discapacidad (CAIPD) de San Jer\u00f3nimo, Baja Verapaz.&nbsp;&nbsp; La mesa de trabajo tiene el prop\u00f3sito de hacer efectivos los programas y proyectos que se desarrollar\u00e1n en el CAIPD de San Jer\u00f3nimo, Baja Verapaz y dar seguimiento a lo establecido en el convenio de cooperaci\u00f3n interinstitucional firmado el pasado 11 de febrero, donde 15 instituciones del Organismo Ejecutivo y gobierno local&nbsp; confirmaron su participaci\u00f3n de cooperaci\u00f3n interinstitucional para dar&nbsp; funcionamiento del primer centro integral dirigido a atender a las personas con discapacidad en Guatemala.<\/p>\n\n\n\n<p>En la reuni\u00f3n se present\u00f3 la metodolog\u00eda y el cronograma de trabajo, as\u00ed como la delegaci\u00f3n de funciones de cada instituci\u00f3n.&nbsp;<\/p>\n\n\n\n<p>El CAIPD desarrollar\u00e1 programas con enfoque de inclusi\u00f3n para personas con discapacidad. Brindar\u00e1 atenci\u00f3n integral y multidisciplinaria con servicios especializados en salud, educaci\u00f3n especial, capacitaci\u00f3n t\u00e9cnica, rehabilitaci\u00f3n, fisioterapia, hidroterapia, sicolog\u00eda, emprendimiento, deporte, entre otros.<\/p>\n\n\n\n<p>Dentro de los compromisos inmediatos, el CONADI deber\u00e1 coordinar junto al MSPAS la propuesta de cooperante(s) para desarrollar el diagn\u00f3stico especializado sobre discapacidad, el cual busca identificar los tipos de condiciones de discapacidad que se presentan en el municipio y con ello desarrollar el enfoque de los programas.&nbsp; Adem\u00e1s, el MINEDUC deber buscar el apoyo del Instituto T\u00e9cnico de Capacitaci\u00f3n y Productividad es una universidad en Guatemala (INTECAP) para articular la educaci\u00f3n extra escolar para que los usuarios del centro.<\/p>\n\n\n\n<figure class=\"wp-block-image size-large\"><img loading=\"lazy\" decoding=\"async\" width=\"1024\" height=\"683\" src=\"https:\/\/conadi.gob.gt\/web\/wp-content\/uploads\/2022\/02\/274662032_5038824216184696_1811794831479690092_n-1024x683.jpg\" alt=\"\" class=\"wp-image-10556\" srcset=\"https:\/\/conadi.gob.gt\/web\/wp-content\/uploads\/2022\/02\/274662032_5038824216184696_1811794831479690092_n-1024x683.jpg 1024w, https:\/\/conadi.gob.gt\/web\/wp-content\/uploads\/2022\/02\/274662032_5038824216184696_1811794831479690092_n-300x200.jpg 300w, https:\/\/conadi.gob.gt\/web\/wp-content\/uploads\/2022\/02\/274662032_5038824216184696_1811794831479690092_n-768x512.jpg 768w, https:\/\/conadi.gob.gt\/web\/wp-content\/uploads\/2022\/02\/274662032_5038824216184696_1811794831479690092_n-1536x1024.jpg 1536w, https:\/\/conadi.gob.gt\/web\/wp-content\/uploads\/2022\/02\/274662032_5038824216184696_1811794831479690092_n-2000x1333.jpg 2000w, https:\/\/conadi.gob.gt\/web\/wp-content\/uploads\/2022\/02\/274662032_5038824216184696_1811794831479690092_n.jpg 2048w\" sizes=\"auto, (max-width: 1024px) 100vw, 1024px\" \/><figcaption>Presentaci\u00f3n de la delegaci\u00f3n de funciones de cada instituci\u00f3n.&nbsp; <\/figcaption><\/figure>\n\n\n\n<p>Esta mesa de trabajo est\u00e1 integrada por delegados de: Ministerio de Salud P\u00fablica y Asistencia Social (MSPAS), Ministerio de Cultura y Deportes (MCD), Ministerio de Educaci\u00f3n (MINEDUC), Ministerio de Trabajo y Previsi\u00f3n Social (MINTRAB), Ministerio de Desarrollo Social (MIDES), Ministerio de Agricultura,\u00a0 Ganader\u00eda y Alimentaci\u00f3n (MAGA), Ministerio de Econom\u00eda (MINECO), Ministerio de Gobernaci\u00f3n (MINGOB), Ministerio de Comunicaciones, Infraestructura y Vivienda (CIV), Secretar\u00eda de Obras Sociales de la Esposa del Presidente (SOSEP), Secretar\u00eda Presidencial de la Mujer (SEPREM), Secretar\u00eda de Bienestar Social de la Presidencia (SBS), Secretar\u00eda de Coordinaci\u00f3n Ejecutiva de la Presidencia (SCEP), Municipalidad de San Jer\u00f3nimo Baja Verapaz y el Consejo Nacional de Atenci\u00f3n a Personas con Discapacidad (CONADI).<\/p>\n\n\n\n<figure class=\"wp-block-image size-large\"><img loading=\"lazy\" decoding=\"async\" width=\"1024\" height=\"683\" src=\"https:\/\/conadi.gob.gt\/web\/wp-content\/uploads\/2022\/02\/274830258_5038830749517376_4812383523095364945_n-1024x683.jpg\" alt=\"\" class=\"wp-image-10558\" srcset=\"https:\/\/conadi.gob.gt\/web\/wp-content\/uploads\/2022\/02\/274830258_5038830749517376_4812383523095364945_n-1024x683.jpg 1024w, https:\/\/conadi.gob.gt\/web\/wp-content\/uploads\/2022\/02\/274830258_5038830749517376_4812383523095364945_n-300x200.jpg 300w, https:\/\/conadi.gob.gt\/web\/wp-content\/uploads\/2022\/02\/274830258_5038830749517376_4812383523095364945_n-768x512.jpg 768w, https:\/\/conadi.gob.gt\/web\/wp-content\/uploads\/2022\/02\/274830258_5038830749517376_4812383523095364945_n-1536x1024.jpg 1536w, https:\/\/conadi.gob.gt\/web\/wp-content\/uploads\/2022\/02\/274830258_5038830749517376_4812383523095364945_n-2000x1333.jpg 2000w, https:\/\/conadi.gob.gt\/web\/wp-content\/uploads\/2022\/02\/274830258_5038830749517376_4812383523095364945_n.jpg 2048w\" sizes=\"auto, (max-width: 1024px) 100vw, 1024px\" \/><\/figure>\n","protected":false},"excerpt":{"rendered":"<p>Clarivel Castillo, presidenta del CONADI y William Cajas, director t\u00e9cnico del CONADI, participaron en la primera reuni\u00f3n de seguimiento de la mesa de trabajo para el funcionamiento del proyecto Centro de Atenci\u00f3n Integral para Personas con Discapacidad (CAIPD) de San Jer\u00f3nimo, Baja Verapaz.&nbsp;&nbsp; La mesa de trabajo tiene el prop\u00f3sito de hacer efectivos los programas &hellip; <\/p>\n<p class=\"link-more\"><a href=\"https:\/\/conadi.gob.gt\/web\/conforman-mesa-de-trabajo-para-desarrollar-programas-y-proyectos-en-el-centro-de-atencion-integral-para-personas-con-discapacidad-en-san-jeronimo-baja-verapaz\/\" class=\"more-link\">Leer m\u00e1s<span class=\"screen-reader-text\"> \u00abCONFORMAN MESA DE TRABAJO PARA DESARROLLAR PROGRAMAS Y PROYECTOS EN EL CENTRO DE ATENCI\u00d3N INTEGRAL PARA PERSONAS CON DISCAPACIDAD, EN SAN JER\u00d3NIMO, BAJA VERAPAZ\u00bb<\/span><\/a><\/p>\n","protected":false},"author":12,"featured_media":10552,"comment_status":"closed","ping_status":"closed","sticky":false,"template":"","format":"standard","meta":{"footnotes":""},"categories":[3],"tags":[],"class_list":["post-10551","post","type-post","status-publish","format-standard","has-post-thumbnail","hentry","category-noticias"],"_links":{"self":[{"href":"https:\/\/conadi.gob.gt\/web\/wp-json\/wp\/v2\/posts\/10551","targetHints":{"allow":["GET"]}}],"collection":[{"href":"https:\/\/conadi.gob.gt\/web\/wp-json\/wp\/v2\/posts"}],"about":[{"href":"https:\/\/conadi.gob.gt\/web\/wp-json\/wp\/v2\/types\/post"}],"author":[{"embeddable":true,"href":"https:\/\/conadi.gob.gt\/web\/wp-json\/wp\/v2\/users\/12"}],"replies":[{"embeddable":true,"href":"https:\/\/conadi.gob.gt\/web\/wp-json\/wp\/v2\/comments?post=10551"}],"version-history":[{"count":3,"href":"https:\/\/conadi.gob.gt\/web\/wp-json\/wp\/v2\/posts\/10551\/revisions"}],"predecessor-version":[{"id":10900,"href":"https:\/\/conadi.gob.gt\/web\/wp-json\/wp\/v2\/posts\/10551\/revisions\/10900"}],"wp:featuredmedia":[{"embeddable":true,"href":"https:\/\/conadi.gob.gt\/web\/wp-json\/wp\/v2\/media\/10552"}],"wp:attachment":[{"href":"https:\/\/conadi.gob.gt\/web\/wp-json\/wp\/v2\/media?parent=10551"}],"wp:term":[{"taxonomy":"category","embeddable":true,"href":"https:\/\/conadi.gob.gt\/web\/wp-json\/wp\/v2\/categories?post=10551"},{"taxonomy":"post_tag","embeddable":true,"href":"https:\/\/conadi.gob.gt\/web\/wp-json\/wp\/v2\/tags?post=10551"}],"curies":[{"name":"wp","href":"https:\/\/api.w.org\/{rel}","templated":true}]}}