{"id":10771,"date":"2022-03-17T21:50:44","date_gmt":"2022-03-17T21:50:44","guid":{"rendered":"https:\/\/conadi.gob.gt\/web\/?p=10771"},"modified":"2022-03-30T15:11:42","modified_gmt":"2022-03-30T15:11:42","slug":"inauguran-primera-direccion-municipal-en-atencion-a-las-personas-con-discapacidad","status":"publish","type":"post","link":"https:\/\/conadi.gob.gt\/web\/inauguran-primera-direccion-municipal-en-atencion-a-las-personas-con-discapacidad\/","title":{"rendered":"INAUGURAN PRIMERA DIRECCI\u00d3N MUNICIPAL EN ATENCI\u00d3N A LAS PERSONAS CON DISCAPACIDAD"},"content":{"rendered":"\n<figure class=\"wp-block-image size-large is-resized\"><img loading=\"lazy\" decoding=\"async\" src=\"https:\/\/conadi.gob.gt\/web\/wp-content\/uploads\/2022\/03\/275564292_677064073716208_4628212514368420617_n-1024x576.jpg\" alt=\"\" class=\"wp-image-10773\" width=\"839\" height=\"471\" srcset=\"https:\/\/conadi.gob.gt\/web\/wp-content\/uploads\/2022\/03\/275564292_677064073716208_4628212514368420617_n-1024x576.jpg 1024w, https:\/\/conadi.gob.gt\/web\/wp-content\/uploads\/2022\/03\/275564292_677064073716208_4628212514368420617_n-300x169.jpg 300w, https:\/\/conadi.gob.gt\/web\/wp-content\/uploads\/2022\/03\/275564292_677064073716208_4628212514368420617_n-768x432.jpg 768w, https:\/\/conadi.gob.gt\/web\/wp-content\/uploads\/2022\/03\/275564292_677064073716208_4628212514368420617_n-1536x864.jpg 1536w, https:\/\/conadi.gob.gt\/web\/wp-content\/uploads\/2022\/03\/275564292_677064073716208_4628212514368420617_n.jpg 1920w\" sizes=\"auto, (max-width: 839px) 100vw, 839px\" \/><figcaption>Autoridades del CONADI y municipales en el acto protocolario de la inauguraci\u00f3n de la Direcci\u00f3n Municipal de Atenci\u00f3n a las personas con Discapacidad<\/figcaption><\/figure>\n\n\n\n<p>El 11 de marzo del presente a\u00f1o,&nbsp; la Municipalidad de San Marcos la Laguna, Solol\u00e1 inaugur\u00f3 la primera Direcci\u00f3n Municipal de Atenci\u00f3n a las Personas con Discapacidad, a nivel nacional, la cual ser\u00e1 dirigida por Beata Chiyal, mujer con discapacidad f\u00edsica.<\/p>\n\n\n\n<p>En el acto de inauguraci\u00f3n participaron miembros de Junta Directiva del CONADI&nbsp; Clarivel Castillo, presidenta; Luis Raymundo, secretario; Gerardo Meza, tesorero y Karina Rodr\u00edguez, vocal. Por la municipalidad de San Marcos la Laguna, Vicente Puzul Mendoza, alcalde; Daniel Ulario, concejal I; Blanca P\u00e9rez, concejal II y representantes de organizaciones de personas con discapacidad.<\/p>\n\n\n\n<p>La Direcci\u00f3n Municipal de Atenci\u00f3n a las Personas con Discapacidad &nbsp;brindar\u00e1 asesor\u00eda personalizada a la poblaci\u00f3n con discapacidad, ser\u00e1 un enlace entre entidades de gobierno, respecto al tema de educaci\u00f3n, inclusi\u00f3n laboral, promover\u00e1 programas de rehabilitaci\u00f3n, terapia del lenguaje, atenci\u00f3n psicol\u00f3gica, implementaci\u00f3n de jornadas recreativas, participaci\u00f3n ciudadana, accesibilidad e informaci\u00f3n, entre otras acciones. Esta direcci\u00f3n contar\u00e1 con presupuesto propio y el horario de atenci\u00f3n ser\u00e1 de lunes a viernes de 8:00 a 17:00 horas. <\/p>\n\n\n\n<p>La Direcci\u00f3n Municipal de Atenci\u00f3n a las Personas con Discapacidad de San Marcos, es la quinta Oficina aunque es la primera en calidad de direcci\u00f3n en el departamento de Solol\u00e1. Los municipios que ya cuenta con Oficinas Municipales de Discapacidad son: Panajachel, Santa Lucia Utatl\u00e1n, San Andr\u00e9s Semetabaj y Solol\u00e1.<\/p>\n\n\n\n<figure class=\"wp-block-image size-large\"><img loading=\"lazy\" decoding=\"async\" width=\"1024\" height=\"683\" src=\"https:\/\/conadi.gob.gt\/web\/wp-content\/uploads\/2022\/03\/IMG_2022-1024x683.jpg\" alt=\"\" class=\"wp-image-10774\" srcset=\"https:\/\/conadi.gob.gt\/web\/wp-content\/uploads\/2022\/03\/IMG_2022-1024x683.jpg 1024w, https:\/\/conadi.gob.gt\/web\/wp-content\/uploads\/2022\/03\/IMG_2022-300x200.jpg 300w, https:\/\/conadi.gob.gt\/web\/wp-content\/uploads\/2022\/03\/IMG_2022-768x512.jpg 768w, https:\/\/conadi.gob.gt\/web\/wp-content\/uploads\/2022\/03\/IMG_2022-1536x1024.jpg 1536w, https:\/\/conadi.gob.gt\/web\/wp-content\/uploads\/2022\/03\/IMG_2022-2048x1365.jpg 2048w, https:\/\/conadi.gob.gt\/web\/wp-content\/uploads\/2022\/03\/IMG_2022-2000x1333.jpg 2000w\" sizes=\"auto, (max-width: 1024px) 100vw, 1024px\" \/><\/figure>\n\n\n\n<p>De acuerdo al Censo de Poblaci\u00f3n y Vivienda del 2018 se&nbsp; cuenta en San Marcos la Laguna con una poblaci\u00f3n de 2 mil 437 habitantes, de los cuales 192 personas viven con al menos una dificultad. De ellos, 110 son mujeres y 82 hombres; 181 personas se auto identificaron como mayas,&nbsp; 6 ladinas y 5 extranjeras.<\/p>\n\n\n\n<p>El Estado de Guatemala, a trav\u00e9s de los procesos de incidencia y promoci\u00f3n ha realiza a trav\u00e9s del Consejo Nacional para la Atenci\u00f3n de Personas con Discapacidad &nbsp;(CONADI) contin\u00faa avanzando en el cumplimiento al Plan de Acci\u00f3n sobre Discapacidad, promoviendo las aperturas de Oficinas Municipales de Discapacidad a nivel nacional. Con esta instauraci\u00f3n se suman 104 oficinas de esta modalidad en todo el pa\u00eds. Con estas acciones se est\u00e1n atendiendo a &nbsp;las recomendaciones otorgadas al Estado guatemalteco por parte del Comit\u00e9 de Expertos de Naciones Unidas en materia de Discapacidad. Cabe mencionar que en el primer examen de pa\u00eds, se calific\u00f3 como una acci\u00f3n afirmativa la implementaci\u00f3n de este tipo de oficinas.<\/p>\n\n\n\n<figure class=\"wp-block-gallery columns-1 is-cropped wp-block-gallery-1 is-layout-flex wp-block-gallery-is-layout-flex\"><ul class=\"blocks-gallery-grid\"><li class=\"blocks-gallery-item\"><figure><img loading=\"lazy\" decoding=\"async\" width=\"683\" height=\"1024\" src=\"https:\/\/conadi.gob.gt\/web\/wp-content\/uploads\/2022\/03\/IMG_2052-683x1024.jpg\" alt=\"\" data-id=\"10775\" data-full-url=\"https:\/\/conadi.gob.gt\/web\/wp-content\/uploads\/2022\/03\/IMG_2052-scaled.jpg\" data-link=\"https:\/\/conadi.gob.gt\/web\/?attachment_id=10775\" class=\"wp-image-10775\" srcset=\"https:\/\/conadi.gob.gt\/web\/wp-content\/uploads\/2022\/03\/IMG_2052-683x1024.jpg 683w, https:\/\/conadi.gob.gt\/web\/wp-content\/uploads\/2022\/03\/IMG_2052-200x300.jpg 200w, https:\/\/conadi.gob.gt\/web\/wp-content\/uploads\/2022\/03\/IMG_2052-768x1152.jpg 768w, https:\/\/conadi.gob.gt\/web\/wp-content\/uploads\/2022\/03\/IMG_2052-1024x1536.jpg 1024w, https:\/\/conadi.gob.gt\/web\/wp-content\/uploads\/2022\/03\/IMG_2052-1365x2048.jpg 1365w, https:\/\/conadi.gob.gt\/web\/wp-content\/uploads\/2022\/03\/IMG_2052-2000x3000.jpg 2000w, https:\/\/conadi.gob.gt\/web\/wp-content\/uploads\/2022\/03\/IMG_2052-scaled.jpg 1707w\" sizes=\"auto, (max-width: 683px) 100vw, 683px\" \/><\/figure><\/li><\/ul><\/figure>\n","protected":false},"excerpt":{"rendered":"<p>El 11 de marzo del presente a\u00f1o,&nbsp; la Municipalidad de San Marcos la Laguna, Solol\u00e1 inaugur\u00f3 la primera Direcci\u00f3n Municipal de Atenci\u00f3n a las Personas con Discapacidad, a nivel nacional, la cual ser\u00e1 dirigida por Beata Chiyal, mujer con discapacidad f\u00edsica. En el acto de inauguraci\u00f3n participaron miembros de Junta Directiva del CONADI&nbsp; Clarivel Castillo, &hellip; <\/p>\n<p class=\"link-more\"><a href=\"https:\/\/conadi.gob.gt\/web\/inauguran-primera-direccion-municipal-en-atencion-a-las-personas-con-discapacidad\/\" class=\"more-link\">Leer m\u00e1s<span class=\"screen-reader-text\"> \u00abINAUGURAN PRIMERA DIRECCI\u00d3N MUNICIPAL EN ATENCI\u00d3N A LAS PERSONAS CON DISCAPACIDAD\u00bb<\/span><\/a><\/p>\n","protected":false},"author":12,"featured_media":10773,"comment_status":"closed","ping_status":"closed","sticky":false,"template":"","format":"standard","meta":{"footnotes":""},"categories":[3],"tags":[],"class_list":["post-10771","post","type-post","status-publish","format-standard","has-post-thumbnail","hentry","category-noticias"],"_links":{"self":[{"href":"https:\/\/conadi.gob.gt\/web\/wp-json\/wp\/v2\/posts\/10771","targetHints":{"allow":["GET"]}}],"collection":[{"href":"https:\/\/conadi.gob.gt\/web\/wp-json\/wp\/v2\/posts"}],"about":[{"href":"https:\/\/conadi.gob.gt\/web\/wp-json\/wp\/v2\/types\/post"}],"author":[{"embeddable":true,"href":"https:\/\/conadi.gob.gt\/web\/wp-json\/wp\/v2\/users\/12"}],"replies":[{"embeddable":true,"href":"https:\/\/conadi.gob.gt\/web\/wp-json\/wp\/v2\/comments?post=10771"}],"version-history":[{"count":2,"href":"https:\/\/conadi.gob.gt\/web\/wp-json\/wp\/v2\/posts\/10771\/revisions"}],"predecessor-version":[{"id":10780,"href":"https:\/\/conadi.gob.gt\/web\/wp-json\/wp\/v2\/posts\/10771\/revisions\/10780"}],"wp:featuredmedia":[{"embeddable":true,"href":"https:\/\/conadi.gob.gt\/web\/wp-json\/wp\/v2\/media\/10773"}],"wp:attachment":[{"href":"https:\/\/conadi.gob.gt\/web\/wp-json\/wp\/v2\/media?parent=10771"}],"wp:term":[{"taxonomy":"category","embeddable":true,"href":"https:\/\/conadi.gob.gt\/web\/wp-json\/wp\/v2\/categories?post=10771"},{"taxonomy":"post_tag","embeddable":true,"href":"https:\/\/conadi.gob.gt\/web\/wp-json\/wp\/v2\/tags?post=10771"}],"curies":[{"name":"wp","href":"https:\/\/api.w.org\/{rel}","templated":true}]}}