{"id":10880,"date":"2022-03-30T16:00:40","date_gmt":"2022-03-30T16:00:40","guid":{"rendered":"https:\/\/conadi.gob.gt\/web\/?p=10880"},"modified":"2022-03-30T16:02:06","modified_gmt":"2022-03-30T16:02:06","slug":"avances-en-el-proceso-de-certificacion-de-la-discapacidad-en-guatemala","status":"publish","type":"post","link":"https:\/\/conadi.gob.gt\/web\/avances-en-el-proceso-de-certificacion-de-la-discapacidad-en-guatemala\/","title":{"rendered":"AVANCES EN EL PROCESO DE CERTIFICACI\u00d3N DE LA DISCAPACIDAD EN GUATEMALA"},"content":{"rendered":"\n<figure class=\"wp-block-image is-style-default\"><img loading=\"lazy\" decoding=\"async\" width=\"1280\" height=\"960\" src=\"https:\/\/conadi.gob.gt\/web\/wp-content\/uploads\/2022\/03\/foto-1-conferencia-de-prensa.jpg\" alt=\"\" class=\"wp-image-10878\" srcset=\"https:\/\/conadi.gob.gt\/web\/wp-content\/uploads\/2022\/03\/foto-1-conferencia-de-prensa.jpg 1280w, https:\/\/conadi.gob.gt\/web\/wp-content\/uploads\/2022\/03\/foto-1-conferencia-de-prensa-300x225.jpg 300w, https:\/\/conadi.gob.gt\/web\/wp-content\/uploads\/2022\/03\/foto-1-conferencia-de-prensa-1024x768.jpg 1024w, https:\/\/conadi.gob.gt\/web\/wp-content\/uploads\/2022\/03\/foto-1-conferencia-de-prensa-768x576.jpg 768w\" sizes=\"auto, (max-width: 1280px) 100vw, 1280px\" \/><\/figure>\n\n\n\n<p>El CONADI realiz\u00f3 conferencia de prensa donde dio a conocer los Avances en el proceso de Certificaci\u00f3n de la Discapacidad en Guatemala. en el pronunciamiento solicit\u00f3 al Congreso de la Rep\u00fablica, dar continuidad al proceso de aprobaci\u00f3n de la Iniciativa 5463, que dispone aprobar la Ley de Certificaci\u00f3n de Personas con Discapacidad. Clarivel Castillo, presidenta del CONADI, argument\u00f3 que el beneficio de contar con la certificaci\u00f3n para el sector referido, es obtener registros, datos sobre personas con discapacidad en Guatemala y que sean incluidos dentro de las pol\u00edticas p\u00fablicas, programas, planes y proyectos de gobierno. Dentro de los esfuerzos realizados esta la creaci\u00f3n de un acuerdo ministerial por el Ministerio de Salud P\u00fablica y Asistencia Social, que fue lanzado como plan piloto, mismo que ten\u00eda vigencia un a\u00f1o. Autoridades del CONADI buscan de manera paralela a la aprobaci\u00f3n de la iniciativa, la renovaci\u00f3n del acuerdo referido por tiempo indefinido.<\/p>\n\n\n\n<figure class=\"wp-block-image size-large\"><img loading=\"lazy\" decoding=\"async\" width=\"1003\" height=\"1024\" src=\"https:\/\/conadi.gob.gt\/web\/wp-content\/uploads\/2022\/03\/foto-portada-conferencia-1003x1024.jpg\" alt=\"\" class=\"wp-image-10879\" srcset=\"https:\/\/conadi.gob.gt\/web\/wp-content\/uploads\/2022\/03\/foto-portada-conferencia-1003x1024.jpg 1003w, https:\/\/conadi.gob.gt\/web\/wp-content\/uploads\/2022\/03\/foto-portada-conferencia-294x300.jpg 294w, https:\/\/conadi.gob.gt\/web\/wp-content\/uploads\/2022\/03\/foto-portada-conferencia-768x784.jpg 768w, https:\/\/conadi.gob.gt\/web\/wp-content\/uploads\/2022\/03\/foto-portada-conferencia-1505x1536.jpg 1505w, https:\/\/conadi.gob.gt\/web\/wp-content\/uploads\/2022\/03\/foto-portada-conferencia-2000x2042.jpg 2000w, https:\/\/conadi.gob.gt\/web\/wp-content\/uploads\/2022\/03\/foto-portada-conferencia.jpg 2006w\" sizes=\"auto, (max-width: 1003px) 100vw, 1003px\" \/><\/figure>\n\n\n\n<p>Asimismo, entre las acciones recientes llevadas a cabo est\u00e1 la capacitaci\u00f3n a profesionales de la salud de los hospitales nacionales de referencia en la clasificaci\u00f3n del funcionamiento, de la discapacidad y de la salud (CIF) para certificaci\u00f3n de personas con discapacidad que cont\u00f3 con la exposici\u00f3n de personal m\u00e9dico internacional con experiencia en dicho proceso. Los hospitales que tendr\u00e1n a bien realizar este proceso son: Hospital General San Juan de Dios, Hospital Roosevelt, Hospital Infantil de Infectolog\u00eda y el Hospital Nacional de Ortopedia y Rehabilitaci\u00f3n \u201cJorge Von Ahn\u201d. Castillo, agreg\u00f3 que se tiene contemplado integrar a otras instituciones como el Ministerio de Agricultura, Ganader\u00eda y Alimentaci\u00f3n, Ministerio de Desarrollo Social, Registro Nacional de las Personas para trabajar en conjunto en beneficio de las personas con discapacidad.<\/p>\n\n\n\n<figure class=\"wp-block-image size-large\"><img loading=\"lazy\" decoding=\"async\" width=\"1024\" height=\"683\" src=\"https:\/\/conadi.gob.gt\/web\/wp-content\/uploads\/2022\/03\/foto-2-conferencia-de-prensa-1024x683.jpg\" alt=\"\" class=\"wp-image-10877\" srcset=\"https:\/\/conadi.gob.gt\/web\/wp-content\/uploads\/2022\/03\/foto-2-conferencia-de-prensa-1024x683.jpg 1024w, https:\/\/conadi.gob.gt\/web\/wp-content\/uploads\/2022\/03\/foto-2-conferencia-de-prensa-300x200.jpg 300w, https:\/\/conadi.gob.gt\/web\/wp-content\/uploads\/2022\/03\/foto-2-conferencia-de-prensa-768x512.jpg 768w, https:\/\/conadi.gob.gt\/web\/wp-content\/uploads\/2022\/03\/foto-2-conferencia-de-prensa-1536x1024.jpg 1536w, https:\/\/conadi.gob.gt\/web\/wp-content\/uploads\/2022\/03\/foto-2-conferencia-de-prensa-2000x1333.jpg 2000w, https:\/\/conadi.gob.gt\/web\/wp-content\/uploads\/2022\/03\/foto-2-conferencia-de-prensa.jpg 2048w\" sizes=\"auto, (max-width: 1024px) 100vw, 1024px\" \/><\/figure>\n","protected":false},"excerpt":{"rendered":"<p>El CONADI realiz\u00f3 conferencia de prensa donde dio a conocer los Avances en el proceso de Certificaci\u00f3n de la Discapacidad en Guatemala. en el pronunciamiento solicit\u00f3 al Congreso de la Rep\u00fablica, dar continuidad al proceso de aprobaci\u00f3n de la Iniciativa 5463, que dispone aprobar la Ley de Certificaci\u00f3n de Personas con Discapacidad. Clarivel Castillo, presidenta &hellip; <\/p>\n<p class=\"link-more\"><a href=\"https:\/\/conadi.gob.gt\/web\/avances-en-el-proceso-de-certificacion-de-la-discapacidad-en-guatemala\/\" class=\"more-link\">Leer m\u00e1s<span class=\"screen-reader-text\"> \u00abAVANCES EN EL PROCESO DE CERTIFICACI\u00d3N DE LA DISCAPACIDAD EN GUATEMALA\u00bb<\/span><\/a><\/p>\n","protected":false},"author":8,"featured_media":10878,"comment_status":"closed","ping_status":"closed","sticky":false,"template":"","format":"standard","meta":{"footnotes":""},"categories":[3],"tags":[],"class_list":["post-10880","post","type-post","status-publish","format-standard","has-post-thumbnail","hentry","category-noticias"],"_links":{"self":[{"href":"https:\/\/conadi.gob.gt\/web\/wp-json\/wp\/v2\/posts\/10880","targetHints":{"allow":["GET"]}}],"collection":[{"href":"https:\/\/conadi.gob.gt\/web\/wp-json\/wp\/v2\/posts"}],"about":[{"href":"https:\/\/conadi.gob.gt\/web\/wp-json\/wp\/v2\/types\/post"}],"author":[{"embeddable":true,"href":"https:\/\/conadi.gob.gt\/web\/wp-json\/wp\/v2\/users\/8"}],"replies":[{"embeddable":true,"href":"https:\/\/conadi.gob.gt\/web\/wp-json\/wp\/v2\/comments?post=10880"}],"version-history":[{"count":2,"href":"https:\/\/conadi.gob.gt\/web\/wp-json\/wp\/v2\/posts\/10880\/revisions"}],"predecessor-version":[{"id":10882,"href":"https:\/\/conadi.gob.gt\/web\/wp-json\/wp\/v2\/posts\/10880\/revisions\/10882"}],"wp:featuredmedia":[{"embeddable":true,"href":"https:\/\/conadi.gob.gt\/web\/wp-json\/wp\/v2\/media\/10878"}],"wp:attachment":[{"href":"https:\/\/conadi.gob.gt\/web\/wp-json\/wp\/v2\/media?parent=10880"}],"wp:term":[{"taxonomy":"category","embeddable":true,"href":"https:\/\/conadi.gob.gt\/web\/wp-json\/wp\/v2\/categories?post=10880"},{"taxonomy":"post_tag","embeddable":true,"href":"https:\/\/conadi.gob.gt\/web\/wp-json\/wp\/v2\/tags?post=10880"}],"curies":[{"name":"wp","href":"https:\/\/api.w.org\/{rel}","templated":true}]}}