{"id":10883,"date":"2022-03-30T16:11:40","date_gmt":"2022-03-30T16:11:40","guid":{"rendered":"https:\/\/conadi.gob.gt\/web\/?p=10883"},"modified":"2022-03-30T16:12:01","modified_gmt":"2022-03-30T16:12:01","slug":"foro-prevencion-de-la-violencia-sexual-y-trata-en-mujeres-y-ninas-con-discapacidad","status":"publish","type":"post","link":"https:\/\/conadi.gob.gt\/web\/foro-prevencion-de-la-violencia-sexual-y-trata-en-mujeres-y-ninas-con-discapacidad\/","title":{"rendered":"FORO \u201cPREVENCI\u00d3N DE LA VIOLENCIA SEXUAL Y TRATA, EN MUJERES Y NI\u00d1AS CON DISCAPACIDAD\u00bb"},"content":{"rendered":"\n<figure class=\"wp-block-image size-large\"><img loading=\"lazy\" decoding=\"async\" width=\"1024\" height=\"683\" src=\"https:\/\/conadi.gob.gt\/web\/wp-content\/uploads\/2022\/03\/foto-portada-dia-de-la-mujer-1024x683.jpg\" alt=\"\" class=\"wp-image-10875\" srcset=\"https:\/\/conadi.gob.gt\/web\/wp-content\/uploads\/2022\/03\/foto-portada-dia-de-la-mujer-1024x683.jpg 1024w, https:\/\/conadi.gob.gt\/web\/wp-content\/uploads\/2022\/03\/foto-portada-dia-de-la-mujer-300x200.jpg 300w, https:\/\/conadi.gob.gt\/web\/wp-content\/uploads\/2022\/03\/foto-portada-dia-de-la-mujer-768x512.jpg 768w, https:\/\/conadi.gob.gt\/web\/wp-content\/uploads\/2022\/03\/foto-portada-dia-de-la-mujer-1536x1024.jpg 1536w, https:\/\/conadi.gob.gt\/web\/wp-content\/uploads\/2022\/03\/foto-portada-dia-de-la-mujer-2000x1333.jpg 2000w, https:\/\/conadi.gob.gt\/web\/wp-content\/uploads\/2022\/03\/foto-portada-dia-de-la-mujer.jpg 2048w\" sizes=\"auto, (max-width: 1024px) 100vw, 1024px\" \/><\/figure>\n\n\n\n<p>En el marco del D\u00eda Internacional de la Mujer, se realiza el foro \u201cPrevenci\u00f3n de la violencia sexual y trata en mujeres y ni\u00f1as con discapacidad\u201d con el objetivo de dar a conocer la situaci\u00f3n de las mujeres y ni\u00f1as con discapacidad en Guatemala para crear toma de conciencia y unir esfuerzos con instituciones p\u00fablicas en beneficio de este sector, el cual fue dirigido a los encargados de las Unidades de G\u00e9nero de las instituciones p\u00fablicas. En el acto protocolario particip\u00f3 Dania Moscoso, directora general del CONADI y Ver\u00f3nica Azuris, subcoordinadora de la Comisi\u00f3n Permanente de Interseccionalidad de la instituci\u00f3n.<\/p>\n\n\n\n<figure class=\"wp-block-image size-large\"><img loading=\"lazy\" decoding=\"async\" width=\"1024\" height=\"683\" src=\"https:\/\/conadi.gob.gt\/web\/wp-content\/uploads\/2022\/03\/foto-3-dia-de-la-mujer-1024x683.jpg\" alt=\"\" class=\"wp-image-10872\" srcset=\"https:\/\/conadi.gob.gt\/web\/wp-content\/uploads\/2022\/03\/foto-3-dia-de-la-mujer-1024x683.jpg 1024w, https:\/\/conadi.gob.gt\/web\/wp-content\/uploads\/2022\/03\/foto-3-dia-de-la-mujer-300x200.jpg 300w, https:\/\/conadi.gob.gt\/web\/wp-content\/uploads\/2022\/03\/foto-3-dia-de-la-mujer-768x512.jpg 768w, https:\/\/conadi.gob.gt\/web\/wp-content\/uploads\/2022\/03\/foto-3-dia-de-la-mujer-1536x1024.jpg 1536w, https:\/\/conadi.gob.gt\/web\/wp-content\/uploads\/2022\/03\/foto-3-dia-de-la-mujer-2000x1333.jpg 2000w, https:\/\/conadi.gob.gt\/web\/wp-content\/uploads\/2022\/03\/foto-3-dia-de-la-mujer.jpg 2048w\" sizes=\"auto, (max-width: 1024px) 100vw, 1024px\" \/><\/figure>\n\n\n\n<p>Participan como panelistas Zilpa Arriola, representante de la Oficina del Alto Comisionado de las Naciones Unidas para los Derechos Humanos (OACNUDH), Adriana Ovalle de la Secretar\u00eda Contra la Violencia Sexual y Trata de Personas (SVET) y como moderadora Mar\u00eda de los \u00c1ngeles de Rueda, presidenta del Benem\u00e9rito Comit\u00e9 ProCiegos y Sordos de Guatemala y miembro de la Comisi\u00f3n Permanente de Interseccionalidad del CONADI. Arriola, indic\u00f3 que las mujeres y ni\u00f1as con discapacidad tienen barreras para los m\u00ednimos vitales de vida ya que no cuentan con una protecci\u00f3n social suficiente por lo que las hace m\u00e1s vulnerables hacia la violencia y trata de personas. Asimismo, indic\u00f3 que las mujeres y ni\u00f1as en las \u00e1reas rurales son m\u00e1s expuestas a la violencia y que sus agresores son los mismos familiares. Adriana Ovalle, dio a conocer la normativa sobre la Violencia Sexual y Trata de Personas, destac\u00f3 la importancia de la denuncia para apoyar en la protecci\u00f3n de la v\u00edctima.<\/p>\n\n\n\n<figure class=\"wp-block-image size-large\"><img loading=\"lazy\" decoding=\"async\" width=\"1024\" height=\"683\" src=\"https:\/\/conadi.gob.gt\/web\/wp-content\/uploads\/2022\/03\/foto-2-dia-de-la-mujer-1024x683.jpg\" alt=\"\" class=\"wp-image-10873\" srcset=\"https:\/\/conadi.gob.gt\/web\/wp-content\/uploads\/2022\/03\/foto-2-dia-de-la-mujer-1024x683.jpg 1024w, https:\/\/conadi.gob.gt\/web\/wp-content\/uploads\/2022\/03\/foto-2-dia-de-la-mujer-300x200.jpg 300w, https:\/\/conadi.gob.gt\/web\/wp-content\/uploads\/2022\/03\/foto-2-dia-de-la-mujer-768x512.jpg 768w, https:\/\/conadi.gob.gt\/web\/wp-content\/uploads\/2022\/03\/foto-2-dia-de-la-mujer-1536x1024.jpg 1536w, https:\/\/conadi.gob.gt\/web\/wp-content\/uploads\/2022\/03\/foto-2-dia-de-la-mujer-2000x1333.jpg 2000w, https:\/\/conadi.gob.gt\/web\/wp-content\/uploads\/2022\/03\/foto-2-dia-de-la-mujer.jpg 2048w\" sizes=\"auto, (max-width: 1024px) 100vw, 1024px\" \/><\/figure>\n","protected":false},"excerpt":{"rendered":"<p>En el marco del D\u00eda Internacional de la Mujer, se realiza el foro \u201cPrevenci\u00f3n de la violencia sexual y trata en mujeres y ni\u00f1as con discapacidad\u201d con el objetivo de dar a conocer la situaci\u00f3n de las mujeres y ni\u00f1as con discapacidad en Guatemala para crear toma de conciencia y unir esfuerzos con instituciones p\u00fablicas &hellip; <\/p>\n<p class=\"link-more\"><a href=\"https:\/\/conadi.gob.gt\/web\/foro-prevencion-de-la-violencia-sexual-y-trata-en-mujeres-y-ninas-con-discapacidad\/\" class=\"more-link\">Leer m\u00e1s<span class=\"screen-reader-text\"> \u00abFORO \u201cPREVENCI\u00d3N DE LA VIOLENCIA SEXUAL Y TRATA, EN MUJERES Y NI\u00d1AS CON DISCAPACIDAD\u00bb\u00bb<\/span><\/a><\/p>\n","protected":false},"author":8,"featured_media":10875,"comment_status":"closed","ping_status":"closed","sticky":false,"template":"","format":"standard","meta":{"footnotes":""},"categories":[3],"tags":[],"class_list":["post-10883","post","type-post","status-publish","format-standard","has-post-thumbnail","hentry","category-noticias"],"_links":{"self":[{"href":"https:\/\/conadi.gob.gt\/web\/wp-json\/wp\/v2\/posts\/10883","targetHints":{"allow":["GET"]}}],"collection":[{"href":"https:\/\/conadi.gob.gt\/web\/wp-json\/wp\/v2\/posts"}],"about":[{"href":"https:\/\/conadi.gob.gt\/web\/wp-json\/wp\/v2\/types\/post"}],"author":[{"embeddable":true,"href":"https:\/\/conadi.gob.gt\/web\/wp-json\/wp\/v2\/users\/8"}],"replies":[{"embeddable":true,"href":"https:\/\/conadi.gob.gt\/web\/wp-json\/wp\/v2\/comments?post=10883"}],"version-history":[{"count":2,"href":"https:\/\/conadi.gob.gt\/web\/wp-json\/wp\/v2\/posts\/10883\/revisions"}],"predecessor-version":[{"id":10885,"href":"https:\/\/conadi.gob.gt\/web\/wp-json\/wp\/v2\/posts\/10883\/revisions\/10885"}],"wp:featuredmedia":[{"embeddable":true,"href":"https:\/\/conadi.gob.gt\/web\/wp-json\/wp\/v2\/media\/10875"}],"wp:attachment":[{"href":"https:\/\/conadi.gob.gt\/web\/wp-json\/wp\/v2\/media?parent=10883"}],"wp:term":[{"taxonomy":"category","embeddable":true,"href":"https:\/\/conadi.gob.gt\/web\/wp-json\/wp\/v2\/categories?post=10883"},{"taxonomy":"post_tag","embeddable":true,"href":"https:\/\/conadi.gob.gt\/web\/wp-json\/wp\/v2\/tags?post=10883"}],"curies":[{"name":"wp","href":"https:\/\/api.w.org\/{rel}","templated":true}]}}