{"id":10886,"date":"2022-03-30T16:18:45","date_gmt":"2022-03-30T16:18:45","guid":{"rendered":"https:\/\/conadi.gob.gt\/web\/?p=10886"},"modified":"2022-03-30T16:18:46","modified_gmt":"2022-03-30T16:18:46","slug":"se-da-a-conocer-el-quehacer-institucional-y-de-la-unidad-de-lengua-de-senas-del-conadi","status":"publish","type":"post","link":"https:\/\/conadi.gob.gt\/web\/se-da-a-conocer-el-quehacer-institucional-y-de-la-unidad-de-lengua-de-senas-del-conadi\/","title":{"rendered":"SE DA A CONOCER EL QUEHACER INSTITUCIONAL Y DE LA UNIDAD DE LENGUA DE SE\u00d1AS DEL CONADI"},"content":{"rendered":"\n<figure class=\"wp-block-image size-large\"><img loading=\"lazy\" decoding=\"async\" width=\"1024\" height=\"682\" src=\"https:\/\/conadi.gob.gt\/web\/wp-content\/uploads\/2022\/03\/foto-portada-lengua-de-senas-1024x682.jpg\" alt=\"\" class=\"wp-image-10871\" srcset=\"https:\/\/conadi.gob.gt\/web\/wp-content\/uploads\/2022\/03\/foto-portada-lengua-de-senas-1024x682.jpg 1024w, https:\/\/conadi.gob.gt\/web\/wp-content\/uploads\/2022\/03\/foto-portada-lengua-de-senas-300x200.jpg 300w, https:\/\/conadi.gob.gt\/web\/wp-content\/uploads\/2022\/03\/foto-portada-lengua-de-senas-768x512.jpg 768w, https:\/\/conadi.gob.gt\/web\/wp-content\/uploads\/2022\/03\/foto-portada-lengua-de-senas.jpg 1280w\" sizes=\"auto, (max-width: 1024px) 100vw, 1024px\" \/><\/figure>\n\n\n\n<p>Con el objetivo de dar a conocer el quehacer institucional y de la Unidad de Lengua de Se\u00f1as del CONADI, Clarivel Castillo, presidenta del CONADI; Gerardo Meza, miembro de Junta Directiva se reunieron con Kasper Bergman vicepresidente de la Federaci\u00f3n Mundial de Sordos (FMS), representantes de ASORGUA, asociaci\u00f3n adscrita al Consejo y representantes del Ministerio de Educaci\u00f3n.<\/p>\n\n\n\n<p><\/p>\n\n\n\n<p><\/p>\n\n\n\n<figure class=\"wp-block-image size-large\"><img loading=\"lazy\" decoding=\"async\" width=\"1024\" height=\"682\" src=\"https:\/\/conadi.gob.gt\/web\/wp-content\/uploads\/2022\/03\/foto-1-lengua-de-senas-1024x682.jpg\" alt=\"\" class=\"wp-image-10870\" srcset=\"https:\/\/conadi.gob.gt\/web\/wp-content\/uploads\/2022\/03\/foto-1-lengua-de-senas-1024x682.jpg 1024w, https:\/\/conadi.gob.gt\/web\/wp-content\/uploads\/2022\/03\/foto-1-lengua-de-senas-300x200.jpg 300w, https:\/\/conadi.gob.gt\/web\/wp-content\/uploads\/2022\/03\/foto-1-lengua-de-senas-768x512.jpg 768w, https:\/\/conadi.gob.gt\/web\/wp-content\/uploads\/2022\/03\/foto-1-lengua-de-senas.jpg 1280w\" sizes=\"auto, (max-width: 1024px) 100vw, 1024px\" \/><\/figure>\n\n\n\n<p>Castillo, destac\u00f3 que es imprescindible conocer la pr\u00e1ctica de lengua de se\u00f1as, ya que permite romper barreras actitudinales, culturales y sociales, lo cual promueve una inclusi\u00f3n social. Asimismo, el vicepresidente de FMS, Kasper Bergman, dio a conocer las distintas problem\u00e1ticas y desaf\u00edos que deben enfrentar las Personas Sordas al querer incorporarse a distintas actividades, as\u00ed como la importancia de los derechos a nivel internacional y conocer los avances en la integraci\u00f3n social de las personas sordas.<\/p>\n\n\n\n<figure class=\"wp-block-image size-large\"><img loading=\"lazy\" decoding=\"async\" width=\"1024\" height=\"682\" src=\"https:\/\/conadi.gob.gt\/web\/wp-content\/uploads\/2022\/03\/foto-2-lengua-de-senas-1024x682.jpg\" alt=\"\" class=\"wp-image-10869\" srcset=\"https:\/\/conadi.gob.gt\/web\/wp-content\/uploads\/2022\/03\/foto-2-lengua-de-senas-1024x682.jpg 1024w, https:\/\/conadi.gob.gt\/web\/wp-content\/uploads\/2022\/03\/foto-2-lengua-de-senas-300x200.jpg 300w, https:\/\/conadi.gob.gt\/web\/wp-content\/uploads\/2022\/03\/foto-2-lengua-de-senas-768x512.jpg 768w, https:\/\/conadi.gob.gt\/web\/wp-content\/uploads\/2022\/03\/foto-2-lengua-de-senas.jpg 1280w\" sizes=\"auto, (max-width: 1024px) 100vw, 1024px\" \/><\/figure>\n","protected":false},"excerpt":{"rendered":"<p>Con el objetivo de dar a conocer el quehacer institucional y de la Unidad de Lengua de Se\u00f1as del CONADI, Clarivel Castillo, presidenta del CONADI; Gerardo Meza, miembro de Junta Directiva se reunieron con Kasper Bergman vicepresidente de la Federaci\u00f3n Mundial de Sordos (FMS), representantes de ASORGUA, asociaci\u00f3n adscrita al Consejo y representantes del Ministerio &hellip; <\/p>\n<p class=\"link-more\"><a href=\"https:\/\/conadi.gob.gt\/web\/se-da-a-conocer-el-quehacer-institucional-y-de-la-unidad-de-lengua-de-senas-del-conadi\/\" class=\"more-link\">Leer m\u00e1s<span class=\"screen-reader-text\"> \u00abSE DA A CONOCER EL QUEHACER INSTITUCIONAL Y DE LA UNIDAD DE LENGUA DE SE\u00d1AS DEL CONADI\u00bb<\/span><\/a><\/p>\n","protected":false},"author":8,"featured_media":10871,"comment_status":"closed","ping_status":"closed","sticky":false,"template":"","format":"standard","meta":{"footnotes":""},"categories":[3],"tags":[],"class_list":["post-10886","post","type-post","status-publish","format-standard","has-post-thumbnail","hentry","category-noticias"],"_links":{"self":[{"href":"https:\/\/conadi.gob.gt\/web\/wp-json\/wp\/v2\/posts\/10886","targetHints":{"allow":["GET"]}}],"collection":[{"href":"https:\/\/conadi.gob.gt\/web\/wp-json\/wp\/v2\/posts"}],"about":[{"href":"https:\/\/conadi.gob.gt\/web\/wp-json\/wp\/v2\/types\/post"}],"author":[{"embeddable":true,"href":"https:\/\/conadi.gob.gt\/web\/wp-json\/wp\/v2\/users\/8"}],"replies":[{"embeddable":true,"href":"https:\/\/conadi.gob.gt\/web\/wp-json\/wp\/v2\/comments?post=10886"}],"version-history":[{"count":1,"href":"https:\/\/conadi.gob.gt\/web\/wp-json\/wp\/v2\/posts\/10886\/revisions"}],"predecessor-version":[{"id":10887,"href":"https:\/\/conadi.gob.gt\/web\/wp-json\/wp\/v2\/posts\/10886\/revisions\/10887"}],"wp:featuredmedia":[{"embeddable":true,"href":"https:\/\/conadi.gob.gt\/web\/wp-json\/wp\/v2\/media\/10871"}],"wp:attachment":[{"href":"https:\/\/conadi.gob.gt\/web\/wp-json\/wp\/v2\/media?parent=10886"}],"wp:term":[{"taxonomy":"category","embeddable":true,"href":"https:\/\/conadi.gob.gt\/web\/wp-json\/wp\/v2\/categories?post=10886"},{"taxonomy":"post_tag","embeddable":true,"href":"https:\/\/conadi.gob.gt\/web\/wp-json\/wp\/v2\/tags?post=10886"}],"curies":[{"name":"wp","href":"https:\/\/api.w.org\/{rel}","templated":true}]}}