{"id":11002,"date":"2022-05-04T17:32:02","date_gmt":"2022-05-04T17:32:02","guid":{"rendered":"https:\/\/conadi.gob.gt\/web\/?p=11002"},"modified":"2022-05-04T17:35:59","modified_gmt":"2022-05-04T17:35:59","slug":"guatemala-se-une-en-la-iluminacion-del-simbolo-de-accesibilidad","status":"publish","type":"post","link":"https:\/\/conadi.gob.gt\/web\/guatemala-se-une-en-la-iluminacion-del-simbolo-de-accesibilidad\/","title":{"rendered":"GUATEMALA, SE UNE EN LA ILUMINACI\u00d3N DEL S\u00cdMBOLO DE ACCESIBILIDAD"},"content":{"rendered":"\n<figure class=\"wp-block-image size-full\"><img loading=\"lazy\" decoding=\"async\" width=\"400\" height=\"400\" src=\"https:\/\/conadi.gob.gt\/web\/wp-content\/uploads\/2022\/05\/collage.jpg\" alt=\"\" class=\"wp-image-11003\" srcset=\"https:\/\/conadi.gob.gt\/web\/wp-content\/uploads\/2022\/05\/collage.jpg 400w, https:\/\/conadi.gob.gt\/web\/wp-content\/uploads\/2022\/05\/collage-300x300.jpg 300w, https:\/\/conadi.gob.gt\/web\/wp-content\/uploads\/2022\/05\/collage-150x150.jpg 150w\" sizes=\"auto, (max-width: 400px) 100vw, 400px\" \/><figcaption>Personas con discapacidad, personas y autoridades del CONADI <br \/>iluminan el logotipo de accesibilidad universal<\/figcaption><\/figure>\n\n\n\n<p>Guatemala a trav\u00e9s del Consejo Nacional para la Atenci\u00f3n de las Personas con Discapacidad (CONADI), se uni\u00f3 a las actividades realizadas por M\u00e9xico y Rep\u00fablica Dominicana, en el marco del 14 aniversario de la entrada en vigencia de la Convenci\u00f3n Sobre los Derechos de las Personas con Discapacidad, para dar realce a la fecha referida se ilumin\u00f3 el s\u00edmbolo internacional de la accesibilidad, que fue creado por la Organizaci\u00f3n de Naciones Unidas (ONU).<\/p>\n\n\n\n<figure class=\"wp-block-image size-large\"><img loading=\"lazy\" decoding=\"async\" width=\"1024\" height=\"683\" src=\"https:\/\/conadi.gob.gt\/web\/wp-content\/uploads\/2022\/05\/IMG_5012-1-1024x683.jpg\" alt=\"\" class=\"wp-image-11009\" srcset=\"https:\/\/conadi.gob.gt\/web\/wp-content\/uploads\/2022\/05\/IMG_5012-1-1024x683.jpg 1024w, https:\/\/conadi.gob.gt\/web\/wp-content\/uploads\/2022\/05\/IMG_5012-1-300x200.jpg 300w, https:\/\/conadi.gob.gt\/web\/wp-content\/uploads\/2022\/05\/IMG_5012-1-768x512.jpg 768w, https:\/\/conadi.gob.gt\/web\/wp-content\/uploads\/2022\/05\/IMG_5012-1-1536x1024.jpg 1536w, https:\/\/conadi.gob.gt\/web\/wp-content\/uploads\/2022\/05\/IMG_5012-1-2048x1365.jpg 2048w, https:\/\/conadi.gob.gt\/web\/wp-content\/uploads\/2022\/05\/IMG_5012-1-2000x1333.jpg 2000w\" sizes=\"auto, (max-width: 1024px) 100vw, 1024px\" \/><\/figure>\n\n\n\n<p>El s\u00edmbolo est\u00e1 representado por una figura humana universal con los brazos abiertos que representa la inclusi\u00f3n para las personas de todos los niveles. En Guatemala, esta figura fue iluminada con veladoras en la Plaza de la Constituci\u00f3n, frente al Palacio Nacional de la Cultura, la Catedral Metropolitana y el Portal del Comercio, lugares emblem\u00e1ticos del Centro Hist\u00f3rico. Se cont\u00f3 con la participaci\u00f3n de personas con discapacidad, colaboradores y miembros de Junta Directiva del CONADI.&nbsp; La iluminaci\u00f3n se realiz\u00f3 de forma simult\u00e1nea con M\u00e9xico, Rep\u00fablica Dominicana y Guatemala a las 19:00 horas (hora Guatemala) para promover el lema <strong><em>\u201cPor la paz y la inclusi\u00f3n mundial de las personas con discapacidad\u201d. <\/em><\/strong>&nbsp;Actividad llevada a cabo se realiz\u00f3 a iniciativa de la Alianza por la Discapacidad M\u00e9xico (ADIMEX), misma que fue transmitida en redes sociales de las entidades involucradas.<\/p>\n\n\n\n<figure class=\"wp-block-image size-large is-resized\"><img loading=\"lazy\" decoding=\"async\" src=\"https:\/\/conadi.gob.gt\/web\/wp-content\/uploads\/2022\/05\/IMG_4971-1024x683.jpg\" alt=\"\" class=\"wp-image-11005\" width=\"840\" height=\"560\" srcset=\"https:\/\/conadi.gob.gt\/web\/wp-content\/uploads\/2022\/05\/IMG_4971-1024x683.jpg 1024w, https:\/\/conadi.gob.gt\/web\/wp-content\/uploads\/2022\/05\/IMG_4971-300x200.jpg 300w, https:\/\/conadi.gob.gt\/web\/wp-content\/uploads\/2022\/05\/IMG_4971-768x512.jpg 768w, https:\/\/conadi.gob.gt\/web\/wp-content\/uploads\/2022\/05\/IMG_4971-1536x1024.jpg 1536w, https:\/\/conadi.gob.gt\/web\/wp-content\/uploads\/2022\/05\/IMG_4971-2048x1365.jpg 2048w, https:\/\/conadi.gob.gt\/web\/wp-content\/uploads\/2022\/05\/IMG_4971-2000x1333.jpg 2000w\" sizes=\"auto, (max-width: 840px) 100vw, 840px\" \/><\/figure>\n\n\n\n<p>Cabe resaltar que a fines del 2015, la ONU cre\u00f3 un nuevo logo para simbolizar la accesibilidad universal, cambiando el cl\u00e1sico s\u00edmbolo de un hombre en silla de ruedas que denotaba a las personas con discapacidad desde un modelo m\u00e9dico rehabilitador, pero acorde con la evoluci\u00f3n de los tiempos, se modific\u00f3 y se trasform\u00f3 por un nuevo s\u00edmbolo donde se expresa<strong>&nbsp;<em>movimiento en la persona<\/em><\/strong>.<\/p>\n\n\n\n<figure class=\"wp-block-image size-full\"><img loading=\"lazy\" decoding=\"async\" width=\"562\" height=\"528\" src=\"https:\/\/conadi.gob.gt\/web\/wp-content\/uploads\/2022\/05\/logo-onu-accesibilidad.jpg\" alt=\"\" class=\"wp-image-11004\" srcset=\"https:\/\/conadi.gob.gt\/web\/wp-content\/uploads\/2022\/05\/logo-onu-accesibilidad.jpg 562w, https:\/\/conadi.gob.gt\/web\/wp-content\/uploads\/2022\/05\/logo-onu-accesibilidad-300x282.jpg 300w\" sizes=\"auto, (max-width: 562px) 100vw, 562px\" \/><\/figure>\n\n\n\n<p>El logotipo de accesibilidad ha sido creado para utilizarse en productos de informaci\u00f3n p\u00fablica impresos y electr\u00f3nicos y <strong>c<\/strong><strong>rear conciencia acerca de las barreras a que se enfrentas las personas con discapacidad<\/strong><strong>.<\/strong><strong><\/strong><\/p>\n","protected":false},"excerpt":{"rendered":"<p>Guatemala a trav\u00e9s del Consejo Nacional para la Atenci\u00f3n de las Personas con Discapacidad (CONADI), se uni\u00f3 a las actividades realizadas por M\u00e9xico y Rep\u00fablica Dominicana, en el marco del 14 aniversario de la entrada en vigencia de la Convenci\u00f3n Sobre los Derechos de las Personas con Discapacidad, para dar realce a la fecha referida &hellip; <\/p>\n<p class=\"link-more\"><a href=\"https:\/\/conadi.gob.gt\/web\/guatemala-se-une-en-la-iluminacion-del-simbolo-de-accesibilidad\/\" class=\"more-link\">Leer m\u00e1s<span class=\"screen-reader-text\"> \u00abGUATEMALA, SE UNE EN LA ILUMINACI\u00d3N DEL S\u00cdMBOLO DE ACCESIBILIDAD\u00bb<\/span><\/a><\/p>\n","protected":false},"author":12,"featured_media":11003,"comment_status":"closed","ping_status":"closed","sticky":false,"template":"","format":"standard","meta":{"footnotes":""},"categories":[3],"tags":[],"class_list":["post-11002","post","type-post","status-publish","format-standard","has-post-thumbnail","hentry","category-noticias"],"_links":{"self":[{"href":"https:\/\/conadi.gob.gt\/web\/wp-json\/wp\/v2\/posts\/11002","targetHints":{"allow":["GET"]}}],"collection":[{"href":"https:\/\/conadi.gob.gt\/web\/wp-json\/wp\/v2\/posts"}],"about":[{"href":"https:\/\/conadi.gob.gt\/web\/wp-json\/wp\/v2\/types\/post"}],"author":[{"embeddable":true,"href":"https:\/\/conadi.gob.gt\/web\/wp-json\/wp\/v2\/users\/12"}],"replies":[{"embeddable":true,"href":"https:\/\/conadi.gob.gt\/web\/wp-json\/wp\/v2\/comments?post=11002"}],"version-history":[{"count":4,"href":"https:\/\/conadi.gob.gt\/web\/wp-json\/wp\/v2\/posts\/11002\/revisions"}],"predecessor-version":[{"id":11012,"href":"https:\/\/conadi.gob.gt\/web\/wp-json\/wp\/v2\/posts\/11002\/revisions\/11012"}],"wp:featuredmedia":[{"embeddable":true,"href":"https:\/\/conadi.gob.gt\/web\/wp-json\/wp\/v2\/media\/11003"}],"wp:attachment":[{"href":"https:\/\/conadi.gob.gt\/web\/wp-json\/wp\/v2\/media?parent=11002"}],"wp:term":[{"taxonomy":"category","embeddable":true,"href":"https:\/\/conadi.gob.gt\/web\/wp-json\/wp\/v2\/categories?post=11002"},{"taxonomy":"post_tag","embeddable":true,"href":"https:\/\/conadi.gob.gt\/web\/wp-json\/wp\/v2\/tags?post=11002"}],"curies":[{"name":"wp","href":"https:\/\/api.w.org\/{rel}","templated":true}]}}