{"id":11108,"date":"2022-05-23T22:14:19","date_gmt":"2022-05-23T22:14:19","guid":{"rendered":"https:\/\/conadi.gob.gt\/web\/?p=11108"},"modified":"2022-05-23T22:15:57","modified_gmt":"2022-05-23T22:15:57","slug":"se-reactiva-mesa-tematica-de-discapacidad-del-geds","status":"publish","type":"post","link":"https:\/\/conadi.gob.gt\/web\/se-reactiva-mesa-tematica-de-discapacidad-del-geds\/","title":{"rendered":"Se reactiva Mesa Tem\u00e1tica de Discapacidad del GEDS"},"content":{"rendered":"\n<p>La primera reuni\u00f3n de la Mesa Tem\u00e1tica de Discapacidad del Gabinete de Desarrollo Social (GEDS), se llev\u00f3 a cabo el 17 de mayo, misma que se reactiv\u00f3 en el 2022. De acuerdo a la licenciada Clarivel Castillo, presidenta del Consejo Nacional para la Atenci\u00f3n de las Personas con Discapacidad (CONADI), ente rector de la mesa, se  busca con el apoyo de los ministerios, secretar\u00edas, consejos y otras entidades que participan, crear una ruta de trabajo interinstitucional que tenga un impacto y beneficio en la poblaci\u00f3n con discapacidad. <\/p>\n\n\n\n<p><\/p>\n\n\n\n<figure class=\"wp-block-image size-large\"><img loading=\"lazy\" decoding=\"async\" width=\"1024\" height=\"682\" src=\"https:\/\/conadi.gob.gt\/web\/wp-content\/uploads\/2022\/05\/Licda-Clarivel-1024x682.jpg\" alt=\"\" class=\"wp-image-11119\" srcset=\"https:\/\/conadi.gob.gt\/web\/wp-content\/uploads\/2022\/05\/Licda-Clarivel-1024x682.jpg 1024w, https:\/\/conadi.gob.gt\/web\/wp-content\/uploads\/2022\/05\/Licda-Clarivel-300x200.jpg 300w, https:\/\/conadi.gob.gt\/web\/wp-content\/uploads\/2022\/05\/Licda-Clarivel-768x512.jpg 768w, https:\/\/conadi.gob.gt\/web\/wp-content\/uploads\/2022\/05\/Licda-Clarivel.jpg 1280w\" sizes=\"auto, (max-width: 1024px) 100vw, 1024px\" \/><\/figure>\n\n\n\n<p><\/p>\n\n\n\n<p>Dania Moscoso, directora general del CONADI, argument\u00f3 que esta mesa es un pilar fundamental en todas las acciones de incidencia realizadas a nivel interinstitucional, que buscan alcanzar beneficios de las personas con discapacidad. Agreg\u00f3, que los compromisos adquiridos en este espacio se deben elevar a tomadores de decisiones para que se realicen acciones para el avance en el cumplimiento de los derechos de este importante sector poblacional.<\/p>\n\n\n\n<figure class=\"wp-block-image size-large\"><img loading=\"lazy\" decoding=\"async\" width=\"1024\" height=\"824\" src=\"https:\/\/conadi.gob.gt\/web\/wp-content\/uploads\/2022\/05\/Dania-moscoso-directora-del-CONADI-Mesa-de-discapacidad-1024x824.jpg\" alt=\"\" class=\"wp-image-11118\" srcset=\"https:\/\/conadi.gob.gt\/web\/wp-content\/uploads\/2022\/05\/Dania-moscoso-directora-del-CONADI-Mesa-de-discapacidad-1024x824.jpg 1024w, https:\/\/conadi.gob.gt\/web\/wp-content\/uploads\/2022\/05\/Dania-moscoso-directora-del-CONADI-Mesa-de-discapacidad-300x241.jpg 300w, https:\/\/conadi.gob.gt\/web\/wp-content\/uploads\/2022\/05\/Dania-moscoso-directora-del-CONADI-Mesa-de-discapacidad-768x618.jpg 768w, https:\/\/conadi.gob.gt\/web\/wp-content\/uploads\/2022\/05\/Dania-moscoso-directora-del-CONADI-Mesa-de-discapacidad.jpg 1060w\" sizes=\"auto, (max-width: 1024px) 100vw, 1024px\" \/><figcaption>Dania Moscoso, directora general del CONADI<\/figcaption><\/figure>\n","protected":false},"excerpt":{"rendered":"<p>La primera reuni\u00f3n de la Mesa Tem\u00e1tica de Discapacidad del Gabinete de Desarrollo Social (GEDS), se llev\u00f3 a cabo el 17 de mayo, misma que se reactiv\u00f3 en el 2022. De acuerdo a la licenciada Clarivel Castillo, presidenta del Consejo Nacional para la Atenci\u00f3n de las Personas con Discapacidad (CONADI), ente rector de la mesa, &hellip; <\/p>\n<p class=\"link-more\"><a href=\"https:\/\/conadi.gob.gt\/web\/se-reactiva-mesa-tematica-de-discapacidad-del-geds\/\" class=\"more-link\">Leer m\u00e1s<span class=\"screen-reader-text\"> \u00abSe reactiva Mesa Tem\u00e1tica de Discapacidad del GEDS\u00bb<\/span><\/a><\/p>\n","protected":false},"author":12,"featured_media":11120,"comment_status":"closed","ping_status":"closed","sticky":false,"template":"","format":"standard","meta":{"footnotes":""},"categories":[3],"tags":[],"class_list":["post-11108","post","type-post","status-publish","format-standard","has-post-thumbnail","hentry","category-noticias"],"_links":{"self":[{"href":"https:\/\/conadi.gob.gt\/web\/wp-json\/wp\/v2\/posts\/11108","targetHints":{"allow":["GET"]}}],"collection":[{"href":"https:\/\/conadi.gob.gt\/web\/wp-json\/wp\/v2\/posts"}],"about":[{"href":"https:\/\/conadi.gob.gt\/web\/wp-json\/wp\/v2\/types\/post"}],"author":[{"embeddable":true,"href":"https:\/\/conadi.gob.gt\/web\/wp-json\/wp\/v2\/users\/12"}],"replies":[{"embeddable":true,"href":"https:\/\/conadi.gob.gt\/web\/wp-json\/wp\/v2\/comments?post=11108"}],"version-history":[{"count":1,"href":"https:\/\/conadi.gob.gt\/web\/wp-json\/wp\/v2\/posts\/11108\/revisions"}],"predecessor-version":[{"id":11121,"href":"https:\/\/conadi.gob.gt\/web\/wp-json\/wp\/v2\/posts\/11108\/revisions\/11121"}],"wp:featuredmedia":[{"embeddable":true,"href":"https:\/\/conadi.gob.gt\/web\/wp-json\/wp\/v2\/media\/11120"}],"wp:attachment":[{"href":"https:\/\/conadi.gob.gt\/web\/wp-json\/wp\/v2\/media?parent=11108"}],"wp:term":[{"taxonomy":"category","embeddable":true,"href":"https:\/\/conadi.gob.gt\/web\/wp-json\/wp\/v2\/categories?post=11108"},{"taxonomy":"post_tag","embeddable":true,"href":"https:\/\/conadi.gob.gt\/web\/wp-json\/wp\/v2\/tags?post=11108"}],"curies":[{"name":"wp","href":"https:\/\/api.w.org\/{rel}","templated":true}]}}