{"id":11122,"date":"2022-05-23T22:30:10","date_gmt":"2022-05-23T22:30:10","guid":{"rendered":"https:\/\/conadi.gob.gt\/web\/?p=11122"},"modified":"2022-05-23T22:30:28","modified_gmt":"2022-05-23T22:30:28","slug":"el-conadi-asiste-a-programa-iberoamericano","status":"publish","type":"post","link":"https:\/\/conadi.gob.gt\/web\/el-conadi-asiste-a-programa-iberoamericano\/","title":{"rendered":"El CONADI asiste a reuni\u00f3n del Programa Iberoamericano"},"content":{"rendered":"\n<p>La Secretar\u00eda General Iberoamericana y el Programa Iberoamericano de Discapacidad llevaron a cabo el XII Consejo Intergubernamental en San Jos\u00e9, Costa Rica, d\u00f3nde participaron representantes de pa\u00edses de la regi\u00f3n. Por Guatemala asisti\u00f3 la licenciada Clarivel Castillo, presidenta del CONADI, acompa\u00f1ada de la doctora Karina Rodr\u00edguez, miembro de Junta Directiva. <\/p>\n\n\n\n<figure class=\"wp-block-image size-large\"><img loading=\"lazy\" decoding=\"async\" width=\"1024\" height=\"461\" src=\"https:\/\/conadi.gob.gt\/web\/wp-content\/uploads\/2022\/05\/Clarivel-Costa-Rica-1024x461.jpg\" alt=\"\" class=\"wp-image-11123\" srcset=\"https:\/\/conadi.gob.gt\/web\/wp-content\/uploads\/2022\/05\/Clarivel-Costa-Rica-1024x461.jpg 1024w, https:\/\/conadi.gob.gt\/web\/wp-content\/uploads\/2022\/05\/Clarivel-Costa-Rica-300x135.jpg 300w, https:\/\/conadi.gob.gt\/web\/wp-content\/uploads\/2022\/05\/Clarivel-Costa-Rica-768x346.jpg 768w, https:\/\/conadi.gob.gt\/web\/wp-content\/uploads\/2022\/05\/Clarivel-Costa-Rica.jpg 1422w\" sizes=\"auto, (max-width: 1024px) 100vw, 1024px\" \/><figcaption>Clarivel Castillo, presidenta del CONADI<\/figcaption><\/figure>\n\n\n\n<p><\/p>\n\n\n\n<p><\/p>\n\n\n\n<p>El objetivo de las jornadas de trabajo es conocer los avances sobre el cumplimiento de los derechos de las personas con discapacidad, en relaci\u00f3n a la generaci\u00f3n de datos estad\u00edsticos, acceso a la justicia, accesibilidad digital, educaci\u00f3n inclusiva, atenci\u00f3n a mujeres con discapacidad v\u00edctimas de violencia de g\u00e9nero, partici\u00f3n pol\u00edtica, estrategias para reducir el impacto del COVID en la salud mental de personas con discapacidad.<\/p>\n\n\n\n<figure class=\"wp-block-image size-full is-resized\"><img loading=\"lazy\" decoding=\"async\" src=\"https:\/\/conadi.gob.gt\/web\/wp-content\/uploads\/2022\/05\/Clarivel-Costa-Rica2.jpg\" alt=\"\" class=\"wp-image-11124\" width=\"720\" height=\"405\" srcset=\"https:\/\/conadi.gob.gt\/web\/wp-content\/uploads\/2022\/05\/Clarivel-Costa-Rica2.jpg 720w, https:\/\/conadi.gob.gt\/web\/wp-content\/uploads\/2022\/05\/Clarivel-Costa-Rica2-300x169.jpg 300w\" sizes=\"auto, (max-width: 720px) 100vw, 720px\" \/><figcaption>Representantes de pa\u00edses que integran el Programa Iberoamericana de Discapacidad<\/figcaption><\/figure>\n\n\n\n<p>Asimismo, con la finalidad de conocer las buenas pr\u00e1cticas y experiencias exitosas del Consejo Nacional de Personas con Discapacidad (CONAPDIS) Costa Rica, Castillo y Rodr\u00edguez, visitaron las instalaciones del ente rector en materia de discapacidad en Alajuela. El recorrido es parte de la agenda de las representantes de CONADI, luego de participar por dos d\u00edas consecutivos en el XII Consejo Gubernamental del Programa Iberoamericano de Discapacidad que se realiz\u00f3 el 18 y 19 de mayo en San Jos\u00e9, Costa Rica.<\/p>\n\n\n\n<figure class=\"wp-block-image size-full\"><img loading=\"lazy\" decoding=\"async\" width=\"881\" height=\"613\" src=\"https:\/\/conadi.gob.gt\/web\/wp-content\/uploads\/2022\/05\/Conapdis-Costa-Rica-Clarivel-y-Karina-2.jpg\" alt=\"\" class=\"wp-image-11125\" srcset=\"https:\/\/conadi.gob.gt\/web\/wp-content\/uploads\/2022\/05\/Conapdis-Costa-Rica-Clarivel-y-Karina-2.jpg 881w, https:\/\/conadi.gob.gt\/web\/wp-content\/uploads\/2022\/05\/Conapdis-Costa-Rica-Clarivel-y-Karina-2-300x209.jpg 300w, https:\/\/conadi.gob.gt\/web\/wp-content\/uploads\/2022\/05\/Conapdis-Costa-Rica-Clarivel-y-Karina-2-768x534.jpg 768w\" sizes=\"auto, (max-width: 881px) 100vw, 881px\" \/><figcaption>Autoridades del CONADI, visitaron las instalaciones del CONAPDIS<\/figcaption><\/figure>\n","protected":false},"excerpt":{"rendered":"<p>La Secretar\u00eda General Iberoamericana y el Programa Iberoamericano de Discapacidad llevaron a cabo el XII Consejo Intergubernamental en San Jos\u00e9, Costa Rica, d\u00f3nde participaron representantes de pa\u00edses de la regi\u00f3n. Por Guatemala asisti\u00f3 la licenciada Clarivel Castillo, presidenta del CONADI, acompa\u00f1ada de la doctora Karina Rodr\u00edguez, miembro de Junta Directiva. El objetivo de las jornadas &hellip; <\/p>\n<p class=\"link-more\"><a href=\"https:\/\/conadi.gob.gt\/web\/el-conadi-asiste-a-programa-iberoamericano\/\" class=\"more-link\">Leer m\u00e1s<span class=\"screen-reader-text\"> \u00abEl CONADI asiste a reuni\u00f3n del Programa Iberoamericano\u00bb<\/span><\/a><\/p>\n","protected":false},"author":12,"featured_media":11124,"comment_status":"closed","ping_status":"closed","sticky":false,"template":"","format":"standard","meta":{"footnotes":""},"categories":[3],"tags":[],"class_list":["post-11122","post","type-post","status-publish","format-standard","has-post-thumbnail","hentry","category-noticias"],"_links":{"self":[{"href":"https:\/\/conadi.gob.gt\/web\/wp-json\/wp\/v2\/posts\/11122","targetHints":{"allow":["GET"]}}],"collection":[{"href":"https:\/\/conadi.gob.gt\/web\/wp-json\/wp\/v2\/posts"}],"about":[{"href":"https:\/\/conadi.gob.gt\/web\/wp-json\/wp\/v2\/types\/post"}],"author":[{"embeddable":true,"href":"https:\/\/conadi.gob.gt\/web\/wp-json\/wp\/v2\/users\/12"}],"replies":[{"embeddable":true,"href":"https:\/\/conadi.gob.gt\/web\/wp-json\/wp\/v2\/comments?post=11122"}],"version-history":[{"count":2,"href":"https:\/\/conadi.gob.gt\/web\/wp-json\/wp\/v2\/posts\/11122\/revisions"}],"predecessor-version":[{"id":11127,"href":"https:\/\/conadi.gob.gt\/web\/wp-json\/wp\/v2\/posts\/11122\/revisions\/11127"}],"wp:featuredmedia":[{"embeddable":true,"href":"https:\/\/conadi.gob.gt\/web\/wp-json\/wp\/v2\/media\/11124"}],"wp:attachment":[{"href":"https:\/\/conadi.gob.gt\/web\/wp-json\/wp\/v2\/media?parent=11122"}],"wp:term":[{"taxonomy":"category","embeddable":true,"href":"https:\/\/conadi.gob.gt\/web\/wp-json\/wp\/v2\/categories?post=11122"},{"taxonomy":"post_tag","embeddable":true,"href":"https:\/\/conadi.gob.gt\/web\/wp-json\/wp\/v2\/tags?post=11122"}],"curies":[{"name":"wp","href":"https:\/\/api.w.org\/{rel}","templated":true}]}}