{"id":11137,"date":"2022-05-27T19:53:53","date_gmt":"2022-05-27T19:53:53","guid":{"rendered":"https:\/\/conadi.gob.gt\/web\/?p=11137"},"modified":"2022-05-27T19:59:51","modified_gmt":"2022-05-27T19:59:51","slug":"conadi-alcanza-25-anos-de-vida-institucional","status":"publish","type":"post","link":"https:\/\/conadi.gob.gt\/web\/conadi-alcanza-25-anos-de-vida-institucional\/","title":{"rendered":"CONADI alcanza 25 A\u00f1os de Vida Institucional"},"content":{"rendered":"\n<p>Por cumplir 25 a\u00f1os de vida institucional autoridades del Consejo Nacional para la Atenci\u00f3n de las Personas con Discapacidad (CONADI), realizaron un pronunciamiento para informar los avances en el cumplimiento de los derechos de las personas con discapacidad. <br \/>Otto Mazariegos, miembro de la Comisi\u00f3n de Comunicaci\u00f3n del CONADI y representante de la Asociaci\u00f3n Nacional de Ciegos de Guatemala (ANCG) asociaci\u00f3n adscrita al Consejo, dio a conocer los aspectos hist\u00f3ricos del CONADI, donde el movimiento nacional de personas con discapacidad y ex combatientes del conflicto armado se articularon para unir esfuerzos en la promoci\u00f3n de sus derechos. Este prop\u00f3sito se alcanz\u00f3 el 28 de mayo de 1997, gracias a la convicci\u00f3n y entusiasmo de l\u00edderes y lideresas que apostaron por una sociedad m\u00e1s justa, solidaria e incluyente, destac\u00f3.<br \/>Asimismo, Noe Hinestroza, Coordinador de la Comisi\u00f3n de Comunicaci\u00f3n del CONADI, abord\u00f3 la importancia del cumplimiento del Tratado de Marrakech y la accesibilidad de la informaci\u00f3n. A la vez, Gerardo Meza, miembro de junta directiva, hizo \u00e9nfasis en la necesidad de dar cumplimiento a la lengua de se\u00f1as para garantizar el derecho a la educaci\u00f3n, cultura e informaci\u00f3n. <br \/>En tanto, Clarivel Castillo, presidenta del CONADI, se refiri\u00f3 a los avances en el marco normativo a partir de la constituci\u00f3n del Consejo, se crea la Pol\u00edtica Nacional de Discapacidad y el Estado adopta la Convenci\u00f3n Interamericana para la Eliminaci\u00f3n de todas las Formas de Discriminaci\u00f3n contra las Personas con Discapacidad de la Organizaci\u00f3n de Estados Americanos y la Convenci\u00f3n de Naciones Unidas Sobre los Derechos de las Personas con Discapacidad y posteriormente ratifica la Convenci\u00f3n de Naciones Unidas Sobre los Derechos de las Personas con Discapacidad. Asimismo, se ratific\u00f3 el Tratado de Marrakech y se aprob\u00f3 la Ley que Reconoce y Aprueba la Lengua de Se\u00f1as de Guatemala. Adem\u00e1s, existen iniciativas de ley en el Organismo Legislativo que buscan la Certificaci\u00f3n de la Discapacidad; Fomento al Trabajo, Empleo y Emprendimiento de las Personas con Discapacidad, Clasificador Tem\u00e1tico de Discapacidad. Tambi\u00e9n est\u00e1 el proyecto de armonizar la ley marco de discapacidad con la convenci\u00f3n de la ONU en la materia.<\/p>\n\n\n\n<figure class=\"wp-block-image size-large\"><img loading=\"lazy\" decoding=\"async\" width=\"1024\" height=\"682\" src=\"https:\/\/conadi.gob.gt\/web\/wp-content\/uploads\/2022\/05\/foto-conferencia-25-anos-Clarivel-1024x682.jpg\" alt=\"\" class=\"wp-image-11138\" srcset=\"https:\/\/conadi.gob.gt\/web\/wp-content\/uploads\/2022\/05\/foto-conferencia-25-anos-Clarivel-1024x682.jpg 1024w, https:\/\/conadi.gob.gt\/web\/wp-content\/uploads\/2022\/05\/foto-conferencia-25-anos-Clarivel-300x200.jpg 300w, https:\/\/conadi.gob.gt\/web\/wp-content\/uploads\/2022\/05\/foto-conferencia-25-anos-Clarivel-768x512.jpg 768w, https:\/\/conadi.gob.gt\/web\/wp-content\/uploads\/2022\/05\/foto-conferencia-25-anos-Clarivel.jpg 1280w\" sizes=\"auto, (max-width: 1024px) 100vw, 1024px\" \/><figcaption>En la conferencia de prensa se resaltaron los avances, conquistas y desaf\u00edos de las instituci\u00f3n por 25 a\u00f1os.<\/figcaption><\/figure>\n\n\n\n<p><\/p>\n\n\n\n<p>Asimismo, el CONADI reconoci\u00f3 a medios de comunicaci\u00f3n aliados en la difusi\u00f3n de los derechos de las Personas con Discapacidad. Los reconocimientos fueron otorgados por Clarivel Castillo, presidenta del CONADI; Gerardo Meza, miembro de Junta Directiva del Consejo; No\u00e9 Hinestroza y Otto Mazariegos, miembros de la Comisi\u00f3n de Comunicaci\u00f3n de la instituci\u00f3n.<\/p>\n\n\n\n<figure class=\"wp-block-image size-large\"><img loading=\"lazy\" decoding=\"async\" width=\"1024\" height=\"682\" src=\"https:\/\/conadi.gob.gt\/web\/wp-content\/uploads\/2022\/05\/Foto-conferencia-25-anos-reconocimiento-a-medios-1024x682.jpg\" alt=\"\" class=\"wp-image-11139\" srcset=\"https:\/\/conadi.gob.gt\/web\/wp-content\/uploads\/2022\/05\/Foto-conferencia-25-anos-reconocimiento-a-medios-1024x682.jpg 1024w, https:\/\/conadi.gob.gt\/web\/wp-content\/uploads\/2022\/05\/Foto-conferencia-25-anos-reconocimiento-a-medios-300x200.jpg 300w, https:\/\/conadi.gob.gt\/web\/wp-content\/uploads\/2022\/05\/Foto-conferencia-25-anos-reconocimiento-a-medios-768x512.jpg 768w, https:\/\/conadi.gob.gt\/web\/wp-content\/uploads\/2022\/05\/Foto-conferencia-25-anos-reconocimiento-a-medios.jpg 1280w\" sizes=\"auto, (max-width: 1024px) 100vw, 1024px\" \/><figcaption>Medios de Comunicaci\u00f3n fueron reconocidos por promover el cumplimiento de derechos de las personas con discapacidad<\/figcaption><\/figure>\n\n\n\n<p>A nivel departamental, tambi\u00e9n se realiz\u00f3 un pronunciamiento en Panajachel, Solol\u00e1, debido a que en este municipio se cre\u00f3 la primera Oficina Municipal de Discapacidad (OMD) a nivel nacional. En la actualidad, se han dado apertura a oficinas de esta modalidad en los municipios de Solol\u00e1, Santa Luc\u00eda Utatl\u00e1n, San Andr\u00e9s Semetabaj y San Marcos la Laguna, en todo el pa\u00eds se cuentan con 105 OMD&#8217;s. Asimismo, han habido avances a nivel departamental en la tem\u00e1tica de discapacidad, entre los que se pueden mencionar el establecimiento de la Comisi\u00f3n Departamental de Discapacidad (CODEDIS) en el 2018. Tambi\u00e9n, se han conformado varias mesas t\u00e9cnicas de trabajo para promover la incidencia en el respeto de los derechos humanos de las personas con discapacidad, entre esta: de Inclusi\u00f3n laboral, educaci\u00f3n inclusiva, turismo accesible y deporte para personas con discapacidad, indic\u00f3 Evelyn Cosme, coordinadora de la Oficina Municipal de Discapacidad de Panajachel.<\/p>\n\n\n\n<figure class=\"wp-block-image size-large is-resized\"><img loading=\"lazy\" decoding=\"async\" src=\"https:\/\/conadi.gob.gt\/web\/wp-content\/uploads\/2022\/05\/Foto-conferencia-25-anos-Clarivel-solola-1024x683.jpg\" alt=\"\" class=\"wp-image-11140\" width=\"840\" height=\"560\" srcset=\"https:\/\/conadi.gob.gt\/web\/wp-content\/uploads\/2022\/05\/Foto-conferencia-25-anos-Clarivel-solola-1024x683.jpg 1024w, https:\/\/conadi.gob.gt\/web\/wp-content\/uploads\/2022\/05\/Foto-conferencia-25-anos-Clarivel-solola-300x200.jpg 300w, https:\/\/conadi.gob.gt\/web\/wp-content\/uploads\/2022\/05\/Foto-conferencia-25-anos-Clarivel-solola-768x512.jpg 768w, https:\/\/conadi.gob.gt\/web\/wp-content\/uploads\/2022\/05\/Foto-conferencia-25-anos-Clarivel-solola-1536x1024.jpg 1536w, https:\/\/conadi.gob.gt\/web\/wp-content\/uploads\/2022\/05\/Foto-conferencia-25-anos-Clarivel-solola-2000x1333.jpg 2000w, https:\/\/conadi.gob.gt\/web\/wp-content\/uploads\/2022\/05\/Foto-conferencia-25-anos-Clarivel-solola.jpg 2048w\" sizes=\"auto, (max-width: 840px) 100vw, 840px\" \/><figcaption>A nivel departamental, las autoridades del CONADI se pronunciaron sobre los 25 a\u00f1os de labor en pro de las personas con discapacidad<\/figcaption><\/figure>\n\n\n\n<p>En el mensaje institucional, Clarivel Castillo, presidenta del CONADI hizo el llamado a todos los jefes ediles para que se sumen en la apertura de las dem\u00e1s oficinas municipales de discapacidad, destac\u00f3 sobre la importancia de trabajar en conjunto con todas las instituciones y dar cumplimiento a las recomendaciones de pa\u00eds realizado por el Comit\u00e9 de Expertos en Discapacidad de Naciones Unidas. Finalmente, argument\u00f3 que uno de los desaf\u00edos de pa\u00eds es la aprobaci\u00f3n de la iniciativa de ley de la Certificaci\u00f3n de la Discapacidad para que la poblaci\u00f3n en referencia pueda ser beneficiaria de programas planes y proyectos de gobierno.<\/p>\n","protected":false},"excerpt":{"rendered":"<p>Por cumplir 25 a\u00f1os de vida institucional autoridades del Consejo Nacional para la Atenci\u00f3n de las Personas con Discapacidad (CONADI), realizaron un pronunciamiento para informar los avances en el cumplimiento de los derechos de las personas con discapacidad. Otto Mazariegos, miembro de la Comisi\u00f3n de Comunicaci\u00f3n del CONADI y representante de la Asociaci\u00f3n Nacional de &hellip; <\/p>\n<p class=\"link-more\"><a href=\"https:\/\/conadi.gob.gt\/web\/conadi-alcanza-25-anos-de-vida-institucional\/\" class=\"more-link\">Leer m\u00e1s<span class=\"screen-reader-text\"> \u00abCONADI alcanza 25 A\u00f1os de Vida Institucional\u00bb<\/span><\/a><\/p>\n","protected":false},"author":12,"featured_media":11141,"comment_status":"closed","ping_status":"closed","sticky":false,"template":"","format":"standard","meta":{"footnotes":""},"categories":[3],"tags":[],"class_list":["post-11137","post","type-post","status-publish","format-standard","has-post-thumbnail","hentry","category-noticias"],"_links":{"self":[{"href":"https:\/\/conadi.gob.gt\/web\/wp-json\/wp\/v2\/posts\/11137","targetHints":{"allow":["GET"]}}],"collection":[{"href":"https:\/\/conadi.gob.gt\/web\/wp-json\/wp\/v2\/posts"}],"about":[{"href":"https:\/\/conadi.gob.gt\/web\/wp-json\/wp\/v2\/types\/post"}],"author":[{"embeddable":true,"href":"https:\/\/conadi.gob.gt\/web\/wp-json\/wp\/v2\/users\/12"}],"replies":[{"embeddable":true,"href":"https:\/\/conadi.gob.gt\/web\/wp-json\/wp\/v2\/comments?post=11137"}],"version-history":[{"count":2,"href":"https:\/\/conadi.gob.gt\/web\/wp-json\/wp\/v2\/posts\/11137\/revisions"}],"predecessor-version":[{"id":11143,"href":"https:\/\/conadi.gob.gt\/web\/wp-json\/wp\/v2\/posts\/11137\/revisions\/11143"}],"wp:featuredmedia":[{"embeddable":true,"href":"https:\/\/conadi.gob.gt\/web\/wp-json\/wp\/v2\/media\/11141"}],"wp:attachment":[{"href":"https:\/\/conadi.gob.gt\/web\/wp-json\/wp\/v2\/media?parent=11137"}],"wp:term":[{"taxonomy":"category","embeddable":true,"href":"https:\/\/conadi.gob.gt\/web\/wp-json\/wp\/v2\/categories?post=11137"},{"taxonomy":"post_tag","embeddable":true,"href":"https:\/\/conadi.gob.gt\/web\/wp-json\/wp\/v2\/tags?post=11137"}],"curies":[{"name":"wp","href":"https:\/\/api.w.org\/{rel}","templated":true}]}}