{"id":11147,"date":"2022-06-02T18:40:13","date_gmt":"2022-06-02T18:40:13","guid":{"rendered":"https:\/\/conadi.gob.gt\/web\/?p=11147"},"modified":"2022-06-02T18:40:47","modified_gmt":"2022-06-02T18:40:47","slug":"el-conadi-realiza-conversatorio-desafios-de-la-inclusion","status":"publish","type":"post","link":"https:\/\/conadi.gob.gt\/web\/el-conadi-realiza-conversatorio-desafios-de-la-inclusion\/","title":{"rendered":"EL CONADI REALIZA CONVERSATORIO \u00abDESAF\u00cdOS DE LA INCLUSI\u00d3N\u00bb"},"content":{"rendered":"\n<figure class=\"wp-block-image size-large\"><img loading=\"lazy\" decoding=\"async\" width=\"1024\" height=\"683\" src=\"https:\/\/conadi.gob.gt\/web\/wp-content\/uploads\/2022\/06\/285509367_392871486220033_2304237275802776520_n-1024x683.jpg\" alt=\"\" class=\"wp-image-11148\" srcset=\"https:\/\/conadi.gob.gt\/web\/wp-content\/uploads\/2022\/06\/285509367_392871486220033_2304237275802776520_n-1024x683.jpg 1024w, https:\/\/conadi.gob.gt\/web\/wp-content\/uploads\/2022\/06\/285509367_392871486220033_2304237275802776520_n-300x200.jpg 300w, https:\/\/conadi.gob.gt\/web\/wp-content\/uploads\/2022\/06\/285509367_392871486220033_2304237275802776520_n-768x512.jpg 768w, https:\/\/conadi.gob.gt\/web\/wp-content\/uploads\/2022\/06\/285509367_392871486220033_2304237275802776520_n-1536x1024.jpg 1536w, https:\/\/conadi.gob.gt\/web\/wp-content\/uploads\/2022\/06\/285509367_392871486220033_2304237275802776520_n-2000x1333.jpg 2000w, https:\/\/conadi.gob.gt\/web\/wp-content\/uploads\/2022\/06\/285509367_392871486220033_2304237275802776520_n.jpg 2048w\" sizes=\"auto, (max-width: 1024px) 100vw, 1024px\" \/><\/figure>\n\n\n\n<p>En el marco de los 25 a\u00f1os de vida institucional del Consejo Nacional para la Atenci\u00f3n de las Personas con Discapacidad (CONADI), el d\u00eda de hoy se desarrolla el conversatorio \u201cDesaf\u00edos de la inclusi\u00f3n\u201d dirigido a representantes de organizaciones adscritas al Consejo, con el fin de promover un espacio de di\u00e1logo abierto para el abordaje de las buenas pr\u00e1cticas y desaf\u00edos de la inclusi\u00f3n de las personas con discapacidad.<\/p>\n\n\n\n<p>En el conversatorio participan como panelistas, Emilio Arias Rodr\u00edguez, embajador de Costa Rica; Gloria Serrano, Ministerio de Salud P\u00fablica y Asistencia Social (MSPAS); Diputado Juan Carlos Rivera, presidente de Comisi\u00f3n de Asuntos sobre Discapacidad; Fernando Mor\u00e1n del programa de Actividad F\u00edsica y Deporte para personas con Discapacidad del MCD; Nancy Patricia Xicar\u00e1, Ministerio de Educaci\u00f3n y Luis Alfonso Rodas Guzm\u00e1n de la Secretar\u00eda de Coordinaci\u00f3n Ejecutiva de la Presidencia, como moderador No\u00e9 Hinestroza, coordinador de la Comisi\u00f3n de Comunicaci\u00f3n del CONADI.<\/p>\n\n\n\n<figure class=\"wp-block-image size-large\"><img loading=\"lazy\" decoding=\"async\" width=\"1024\" height=\"768\" src=\"https:\/\/conadi.gob.gt\/web\/wp-content\/uploads\/2022\/06\/285698040_392869686220213_1444188865482952023_n-1024x768.jpg\" alt=\"\" class=\"wp-image-11149\" srcset=\"https:\/\/conadi.gob.gt\/web\/wp-content\/uploads\/2022\/06\/285698040_392869686220213_1444188865482952023_n-1024x768.jpg 1024w, https:\/\/conadi.gob.gt\/web\/wp-content\/uploads\/2022\/06\/285698040_392869686220213_1444188865482952023_n-300x225.jpg 300w, https:\/\/conadi.gob.gt\/web\/wp-content\/uploads\/2022\/06\/285698040_392869686220213_1444188865482952023_n-768x576.jpg 768w, https:\/\/conadi.gob.gt\/web\/wp-content\/uploads\/2022\/06\/285698040_392869686220213_1444188865482952023_n.jpg 1156w\" sizes=\"auto, (max-width: 1024px) 100vw, 1024px\" \/><\/figure>\n\n\n\n<p>El conversatorio inicia con la participaci\u00f3n de Emilio Arias Rodr\u00edguez, embajador de Costa Rica; quien destac\u00f3 la importancia de la certificaci\u00f3n de discapacidad, ya que garantiza la inclusi\u00f3n social en lo p\u00fablico y&nbsp; privado. Tambi\u00e9n, debe existir la voluntad pol\u00edtica sobre el respeto a los derechos humanos hacia las personas con discapacidad, mantener el di\u00e1logo entre el ejecutivo y organizaciones de personas con discapacidad para conocer sus demandas.<\/p>\n\n\n\n<p>En tanto, Gloria Serrano, representante del Ministerio de Salud P\u00fablica y Asistencia Social, indic\u00f3 que fue creado un acuerdo ministerial sobre la certificaci\u00f3n de la discapacidad, que tuvo vigencia de un a\u00f1o, del cual dio lugar a la creaci\u00f3n de una mesa interinstitucional para dar seguimiento al tema de la certificaci\u00f3n. Actualmente, se est\u00e1 gestionando la ampliaci\u00f3n de dicho acuerdo para continuar trabajando en la certificaci\u00f3n de la discapacidad.<\/p>\n\n\n\n<p>Con la apertura del Centro de Atenci\u00f3n Integral para Personas con Discapacidad en San Jer\u00f3nimo, Baja Verapaz, se consolida el compromiso a nivel del Ejecutivo para visibilizar a las personas con discapacidad. Se est\u00e1n abriendo las brechas para que m\u00e1s programas integrales se creen en beneficio de las personas con discapacidad, manifest\u00f3 Luis Alfonso Rodas Guzm\u00e1n de la Secretar\u00eda de Coordinaci\u00f3n Ejecutiva de la Presidencia.<\/p>\n\n\n\n<p>El diputado Juan Carlos Rivera, presidente de Comisi\u00f3n de Asuntos sobre Discapacidad; resalt\u00f3 que desde la comisi\u00f3n se est\u00e1 buscando el apoyo para que la iniciativa de ley de la certificaci\u00f3n de la discapacidad sea de prioridad en el pleno del Congreso de la Rep\u00fablica e inst\u00f3 a los representantes de las organizaciones de personas con discapacidad para que&nbsp; puedan incidir con sus autoridades a dar seguimiento a sus demandas.&nbsp;<\/p>\n\n\n\n<p>Adem\u00e1s, Fernando Mor\u00e1n del programa de Actividad F\u00edsica y Deporte para personas con Discapacidad del MCD abord\u00f3 la importancia de la inclusi\u00f3n de las personas con discapacidad en el deporte inclusivo, haciendo \u00e9nfasis en las multidisciplinas deportivas que existen en el pa\u00eds.<\/p>\n\n\n\n<p>Nancy Patricia Xicar\u00e1, representante del Ministerio de Educaci\u00f3n, dio a conocer que desde la creaci\u00f3n de la Direcci\u00f3n General de Educaci\u00f3n Especial se ha venido trabajando en la creaci\u00f3n de centros de educaci\u00f3n especial y capacitar a los docentes.<\/p>\n\n\n\n<figure class=\"wp-block-image size-large\"><img loading=\"lazy\" decoding=\"async\" width=\"1024\" height=\"683\" src=\"https:\/\/conadi.gob.gt\/web\/wp-content\/uploads\/2022\/06\/285484069_392931096214072_4711807820418092053_n-1024x683.jpg\" alt=\"\" class=\"wp-image-11150\" srcset=\"https:\/\/conadi.gob.gt\/web\/wp-content\/uploads\/2022\/06\/285484069_392931096214072_4711807820418092053_n-1024x683.jpg 1024w, https:\/\/conadi.gob.gt\/web\/wp-content\/uploads\/2022\/06\/285484069_392931096214072_4711807820418092053_n-300x200.jpg 300w, https:\/\/conadi.gob.gt\/web\/wp-content\/uploads\/2022\/06\/285484069_392931096214072_4711807820418092053_n-768x512.jpg 768w, https:\/\/conadi.gob.gt\/web\/wp-content\/uploads\/2022\/06\/285484069_392931096214072_4711807820418092053_n-1536x1024.jpg 1536w, https:\/\/conadi.gob.gt\/web\/wp-content\/uploads\/2022\/06\/285484069_392931096214072_4711807820418092053_n-2000x1333.jpg 2000w, https:\/\/conadi.gob.gt\/web\/wp-content\/uploads\/2022\/06\/285484069_392931096214072_4711807820418092053_n.jpg 2048w\" sizes=\"auto, (max-width: 1024px) 100vw, 1024px\" \/><\/figure>\n\n\n\n<p>Por \u00faltimo, Clarivel Castillo, presidenta del CONADI, resalt\u00f3 los temas abordados por los panelistas, como conocer las buenas pr\u00e1cticas en el tema de certificaci\u00f3n de Costa Rica. Tambi\u00e9n, era un avance que se estuviera trabajando a trav\u00e9s del Ministerio de Salud el acuerdo ministerial que faculta el trabajar a nivel interinstitucional en el tema de certificaci\u00f3n, siendo estos temas elementales en el avance y compromisos de pa\u00eds. Finaliz\u00f3 con un agradecimiento a cada uno de los panelistas por su participaci\u00f3n y a los miembros de las organizaciones adscritas al CONADI, ya que da importancia a la tem\u00e1tica de discapacidad.<\/p>\n\n\n\n<figure class=\"wp-block-image size-large\"><img loading=\"lazy\" decoding=\"async\" width=\"1024\" height=\"776\" src=\"https:\/\/conadi.gob.gt\/web\/wp-content\/uploads\/2022\/06\/285725166_392926339547881_8826234156087128460_n-1024x776.jpg\" alt=\"\" class=\"wp-image-11151\" srcset=\"https:\/\/conadi.gob.gt\/web\/wp-content\/uploads\/2022\/06\/285725166_392926339547881_8826234156087128460_n-1024x776.jpg 1024w, https:\/\/conadi.gob.gt\/web\/wp-content\/uploads\/2022\/06\/285725166_392926339547881_8826234156087128460_n-300x227.jpg 300w, https:\/\/conadi.gob.gt\/web\/wp-content\/uploads\/2022\/06\/285725166_392926339547881_8826234156087128460_n-768x582.jpg 768w, https:\/\/conadi.gob.gt\/web\/wp-content\/uploads\/2022\/06\/285725166_392926339547881_8826234156087128460_n-1536x1164.jpg 1536w, https:\/\/conadi.gob.gt\/web\/wp-content\/uploads\/2022\/06\/285725166_392926339547881_8826234156087128460_n-2000x1516.jpg 2000w, https:\/\/conadi.gob.gt\/web\/wp-content\/uploads\/2022\/06\/285725166_392926339547881_8826234156087128460_n.jpg 2048w\" sizes=\"auto, (max-width: 1024px) 100vw, 1024px\" \/><\/figure>\n","protected":false},"excerpt":{"rendered":"<p>En el marco de los 25 a\u00f1os de vida institucional del Consejo Nacional para la Atenci\u00f3n de las Personas con Discapacidad (CONADI), el d\u00eda de hoy se desarrolla el conversatorio \u201cDesaf\u00edos de la inclusi\u00f3n\u201d dirigido a representantes de organizaciones adscritas al Consejo, con el fin de promover un espacio de di\u00e1logo abierto para el abordaje &hellip; <\/p>\n<p class=\"link-more\"><a href=\"https:\/\/conadi.gob.gt\/web\/el-conadi-realiza-conversatorio-desafios-de-la-inclusion\/\" class=\"more-link\">Leer m\u00e1s<span class=\"screen-reader-text\"> \u00abEL CONADI REALIZA CONVERSATORIO \u00abDESAF\u00cdOS DE LA INCLUSI\u00d3N\u00bb\u00bb<\/span><\/a><\/p>\n","protected":false},"author":12,"featured_media":11148,"comment_status":"closed","ping_status":"closed","sticky":false,"template":"","format":"standard","meta":{"footnotes":""},"categories":[3],"tags":[],"class_list":["post-11147","post","type-post","status-publish","format-standard","has-post-thumbnail","hentry","category-noticias"],"_links":{"self":[{"href":"https:\/\/conadi.gob.gt\/web\/wp-json\/wp\/v2\/posts\/11147","targetHints":{"allow":["GET"]}}],"collection":[{"href":"https:\/\/conadi.gob.gt\/web\/wp-json\/wp\/v2\/posts"}],"about":[{"href":"https:\/\/conadi.gob.gt\/web\/wp-json\/wp\/v2\/types\/post"}],"author":[{"embeddable":true,"href":"https:\/\/conadi.gob.gt\/web\/wp-json\/wp\/v2\/users\/12"}],"replies":[{"embeddable":true,"href":"https:\/\/conadi.gob.gt\/web\/wp-json\/wp\/v2\/comments?post=11147"}],"version-history":[{"count":2,"href":"https:\/\/conadi.gob.gt\/web\/wp-json\/wp\/v2\/posts\/11147\/revisions"}],"predecessor-version":[{"id":11153,"href":"https:\/\/conadi.gob.gt\/web\/wp-json\/wp\/v2\/posts\/11147\/revisions\/11153"}],"wp:featuredmedia":[{"embeddable":true,"href":"https:\/\/conadi.gob.gt\/web\/wp-json\/wp\/v2\/media\/11148"}],"wp:attachment":[{"href":"https:\/\/conadi.gob.gt\/web\/wp-json\/wp\/v2\/media?parent=11147"}],"wp:term":[{"taxonomy":"category","embeddable":true,"href":"https:\/\/conadi.gob.gt\/web\/wp-json\/wp\/v2\/categories?post=11147"},{"taxonomy":"post_tag","embeddable":true,"href":"https:\/\/conadi.gob.gt\/web\/wp-json\/wp\/v2\/tags?post=11147"}],"curies":[{"name":"wp","href":"https:\/\/api.w.org\/{rel}","templated":true}]}}