{"id":11166,"date":"2022-06-07T18:57:59","date_gmt":"2022-06-07T18:57:59","guid":{"rendered":"https:\/\/conadi.gob.gt\/web\/?p=11166"},"modified":"2022-06-08T15:51:17","modified_gmt":"2022-06-08T15:51:17","slug":"primer-foro-interinstitucional-para-la-elaboracion-del-ii-informe-de-pais","status":"publish","type":"post","link":"https:\/\/conadi.gob.gt\/web\/primer-foro-interinstitucional-para-la-elaboracion-del-ii-informe-de-pais\/","title":{"rendered":"Primer Foro Interinstitucional para la elaboraci\u00f3n del II Informe de Pa\u00eds"},"content":{"rendered":"\n<figure class=\"wp-block-image size-large\"><img loading=\"lazy\" decoding=\"async\" width=\"1024\" height=\"683\" src=\"https:\/\/conadi.gob.gt\/web\/wp-content\/uploads\/2022\/06\/IMG_5467-1024x683.jpg\" alt=\"\" class=\"wp-image-11170\" srcset=\"https:\/\/conadi.gob.gt\/web\/wp-content\/uploads\/2022\/06\/IMG_5467-1024x683.jpg 1024w, https:\/\/conadi.gob.gt\/web\/wp-content\/uploads\/2022\/06\/IMG_5467-300x200.jpg 300w, https:\/\/conadi.gob.gt\/web\/wp-content\/uploads\/2022\/06\/IMG_5467-768x512.jpg 768w, https:\/\/conadi.gob.gt\/web\/wp-content\/uploads\/2022\/06\/IMG_5467-1536x1024.jpg 1536w, https:\/\/conadi.gob.gt\/web\/wp-content\/uploads\/2022\/06\/IMG_5467-2048x1365.jpg 2048w, https:\/\/conadi.gob.gt\/web\/wp-content\/uploads\/2022\/06\/IMG_5467-2000x1333.jpg 2000w\" sizes=\"auto, (max-width: 1024px) 100vw, 1024px\" \/><\/figure>\n\n\n\n<p>El Primer Foro Interinstitucional para la elaboraci\u00f3n del II Informe de Pa\u00eds sobre la implementaci\u00f3n de la Convenci\u00f3n Sobre los Derechos de las Personas con Discapacidad es desarrollado por el CONADI, la actividad tiene como finalidad lograr un acercamiento con las instituciones p\u00fablicas por medio de sus delegados titulares y suplentes, para que conozcan sobre la Convenci\u00f3n de los Derechos de las personas con Discapacidad; los antecedentes del primer informe de pa\u00eds presentado por el Estado de Guatemala; las observaciones realizadas por el Comit\u00e9 de Expertos de Naciones Unidas realizadas en el 2016 y los lineamientos generales del segundo informe que presentar\u00e1 el Estado de Guatemala en el mes de abril del a\u00f1o 2023.<\/p>\n\n\n\n<p>La licenciada Clarivel Castillo, presidenta del Conadi, agradeci\u00f3 la asistencia de las instituciones representadas e hizo \u00e9nfasis en la importancia del proceso.<\/p>\n\n\n\n<p>En la actividad se cont\u00f3 con participaci\u00f3n del MIDES, MAGA, PGN, SE-CONRED, DEMI, MP, SEGEPLAN, MINEDUC, CNA, SESAN, INAP, MINEX, MINFIN, CODISRA, TSE, MARN, FOPAVI, RENAP, OJ, MSPAS, CADEG, IDPP, MINGOB, INE, MEM, Congreso de la Republica, MINTRAB, IGSS, SGS, INFOM Y COPADEH.<\/p>\n\n\n\n<figure class=\"wp-block-image size-large\"><img loading=\"lazy\" decoding=\"async\" width=\"1024\" height=\"683\" src=\"https:\/\/conadi.gob.gt\/web\/wp-content\/uploads\/2022\/06\/IMG_5475-1024x683.jpg\" alt=\"\" class=\"wp-image-11168\" srcset=\"https:\/\/conadi.gob.gt\/web\/wp-content\/uploads\/2022\/06\/IMG_5475-1024x683.jpg 1024w, https:\/\/conadi.gob.gt\/web\/wp-content\/uploads\/2022\/06\/IMG_5475-300x200.jpg 300w, https:\/\/conadi.gob.gt\/web\/wp-content\/uploads\/2022\/06\/IMG_5475-768x512.jpg 768w, https:\/\/conadi.gob.gt\/web\/wp-content\/uploads\/2022\/06\/IMG_5475-1536x1024.jpg 1536w, https:\/\/conadi.gob.gt\/web\/wp-content\/uploads\/2022\/06\/IMG_5475-2048x1365.jpg 2048w, https:\/\/conadi.gob.gt\/web\/wp-content\/uploads\/2022\/06\/IMG_5475-2000x1333.jpg 2000w\" sizes=\"auto, (max-width: 1024px) 100vw, 1024px\" \/><\/figure>\n\n\n\n<p>Durante el Primer Foro, los delegados de las instituciones participantes ampliaron sus conocimientos en temas como: Informaci\u00f3n general sobre los Derechos de la Personas con Discapacidad el cual fue impartido por el Se\u00f1or Antonio Palma, Voluntario de la ONU y persona con discapacidad visual.<\/p>\n\n\n\n<p>El Licenciado Galvani Volta Puac Puac, encargado de la elaboraci\u00f3n de informes internacionales de CODISRA, imparti\u00f3 los antecedentes relacionados con la elaboraci\u00f3n, entrega y examen al informe inicial de Guatemala y las observaciones realizadas por el comit\u00e9 de expertos de Naciones Unidas, informe inicial realizado en el a\u00f1o 2016. Los lineamientos y plazo para la presentaci\u00f3n del pr\u00f3ximo informe pa\u00eds, presentado por el Licenciado Luis Fernando de Le\u00f3n Laparra, Jefe del departamento de Divulgaci\u00f3n y fomento de derechos humanos y pol\u00edticas p\u00fablicas de COPADEH.<\/p>\n\n\n\n<p>Adem\u00e1s, se realiz\u00f3 la presentaci\u00f3n de plan de cronograma y matriz con observaciones generales del Comit\u00e9 de los Derechos de las Personas con Discapacidad, de la Organizaci\u00f3n de Naciones Unidas al informe inicial de Guatemala, donde los representantes institucionales tuvieron la oportunidad de emitir sus opiniones al respecto.<\/p>\n\n\n\n<figure class=\"wp-block-image size-large\"><img loading=\"lazy\" decoding=\"async\" width=\"1024\" height=\"683\" src=\"https:\/\/conadi.gob.gt\/web\/wp-content\/uploads\/2022\/06\/IMG_5471-1024x683.jpg\" alt=\"\" class=\"wp-image-11171\" srcset=\"https:\/\/conadi.gob.gt\/web\/wp-content\/uploads\/2022\/06\/IMG_5471-1024x683.jpg 1024w, https:\/\/conadi.gob.gt\/web\/wp-content\/uploads\/2022\/06\/IMG_5471-300x200.jpg 300w, https:\/\/conadi.gob.gt\/web\/wp-content\/uploads\/2022\/06\/IMG_5471-768x512.jpg 768w, https:\/\/conadi.gob.gt\/web\/wp-content\/uploads\/2022\/06\/IMG_5471-1536x1024.jpg 1536w, https:\/\/conadi.gob.gt\/web\/wp-content\/uploads\/2022\/06\/IMG_5471-2048x1365.jpg 2048w, https:\/\/conadi.gob.gt\/web\/wp-content\/uploads\/2022\/06\/IMG_5471-2000x1333.jpg 2000w\" sizes=\"auto, (max-width: 1024px) 100vw, 1024px\" \/><\/figure>\n","protected":false},"excerpt":{"rendered":"<p>El Primer Foro Interinstitucional para la elaboraci\u00f3n del II Informe de Pa\u00eds sobre la implementaci\u00f3n de la Convenci\u00f3n Sobre los Derechos de las Personas con Discapacidad es desarrollado por el CONADI, la actividad tiene como finalidad lograr un acercamiento con las instituciones p\u00fablicas por medio de sus delegados titulares y suplentes, para que conozcan sobre &hellip; <\/p>\n<p class=\"link-more\"><a href=\"https:\/\/conadi.gob.gt\/web\/primer-foro-interinstitucional-para-la-elaboracion-del-ii-informe-de-pais\/\" class=\"more-link\">Leer m\u00e1s<span class=\"screen-reader-text\"> \u00abPrimer Foro Interinstitucional para la elaboraci\u00f3n del II Informe de Pa\u00eds\u00bb<\/span><\/a><\/p>\n","protected":false},"author":8,"featured_media":11174,"comment_status":"closed","ping_status":"closed","sticky":false,"template":"","format":"standard","meta":{"footnotes":""},"categories":[3],"tags":[],"class_list":["post-11166","post","type-post","status-publish","format-standard","has-post-thumbnail","hentry","category-noticias"],"_links":{"self":[{"href":"https:\/\/conadi.gob.gt\/web\/wp-json\/wp\/v2\/posts\/11166","targetHints":{"allow":["GET"]}}],"collection":[{"href":"https:\/\/conadi.gob.gt\/web\/wp-json\/wp\/v2\/posts"}],"about":[{"href":"https:\/\/conadi.gob.gt\/web\/wp-json\/wp\/v2\/types\/post"}],"author":[{"embeddable":true,"href":"https:\/\/conadi.gob.gt\/web\/wp-json\/wp\/v2\/users\/8"}],"replies":[{"embeddable":true,"href":"https:\/\/conadi.gob.gt\/web\/wp-json\/wp\/v2\/comments?post=11166"}],"version-history":[{"count":1,"href":"https:\/\/conadi.gob.gt\/web\/wp-json\/wp\/v2\/posts\/11166\/revisions"}],"predecessor-version":[{"id":11172,"href":"https:\/\/conadi.gob.gt\/web\/wp-json\/wp\/v2\/posts\/11166\/revisions\/11172"}],"wp:featuredmedia":[{"embeddable":true,"href":"https:\/\/conadi.gob.gt\/web\/wp-json\/wp\/v2\/media\/11174"}],"wp:attachment":[{"href":"https:\/\/conadi.gob.gt\/web\/wp-json\/wp\/v2\/media?parent=11166"}],"wp:term":[{"taxonomy":"category","embeddable":true,"href":"https:\/\/conadi.gob.gt\/web\/wp-json\/wp\/v2\/categories?post=11166"},{"taxonomy":"post_tag","embeddable":true,"href":"https:\/\/conadi.gob.gt\/web\/wp-json\/wp\/v2\/tags?post=11166"}],"curies":[{"name":"wp","href":"https:\/\/api.w.org\/{rel}","templated":true}]}}