{"id":11366,"date":"2022-07-12T16:23:25","date_gmt":"2022-07-12T16:23:25","guid":{"rendered":"https:\/\/conadi.gob.gt\/web\/?p=11366"},"modified":"2022-07-12T16:24:32","modified_gmt":"2022-07-12T16:24:32","slug":"alianza-busca-promover-el-paradeporte","status":"publish","type":"post","link":"https:\/\/conadi.gob.gt\/web\/alianza-busca-promover-el-paradeporte\/","title":{"rendered":"Alianza busca promover el Paradeporte"},"content":{"rendered":"\n<p>Con la finalidad de promover el derecho al deporte de las personas con discapacidad, el derecho a la igualdad, el acceso a la informaci\u00f3n y el correcto abordaje de la discapacidad con enfoque de derechos humanos, el Consejo Nacional para la Atenci\u00f3n de las Personas con Discapacidad (CONADI) y los <a href=\"https:\/\/www.facebook.com\/CDGuatemaltecos\/?__cft__[0]=AZWbFttZ0YtKXsiCZA9MpLyS9SzQTa_k0mC7RhpkvSTiVgbk2ZfN4NjX1XvbFvJCT3Bzrz5VVEMJyNXqHnXlCAspKsWmh8OgKi10q4GXgCCxr_75p6QwubkOO1883MQ-uza2og1n9dE1HS7Yts7Cfhe5gABKhc7Yb-C8CgP8KATuPg&amp;__tn__=kK-R\">Cronistas Deportivos Guatemaltecos<\/a> (CDG) suscribieron una carta de entendimiento por un periodo de dos a\u00f1os, la cual fue suscrita por Clarivel Castillo, presidenta del CONADI y Rafael Ca\u00f1as, presidente de CDG. <\/p>\n\n\n\n<figure class=\"wp-block-gallery has-nested-images columns-default is-cropped wp-block-gallery-1 is-layout-flex wp-block-gallery-is-layout-flex\">\n<figure class=\"wp-block-image size-large\"><img loading=\"lazy\" decoding=\"async\" width=\"1024\" height=\"683\" data-id=\"11367\" src=\"https:\/\/conadi.gob.gt\/web\/wp-content\/uploads\/2022\/07\/Carta-entendimiento-CONADI-CDG-1024x683.jpg\" alt=\"\" class=\"wp-image-11367\" srcset=\"https:\/\/conadi.gob.gt\/web\/wp-content\/uploads\/2022\/07\/Carta-entendimiento-CONADI-CDG-1024x683.jpg 1024w, https:\/\/conadi.gob.gt\/web\/wp-content\/uploads\/2022\/07\/Carta-entendimiento-CONADI-CDG-300x200.jpg 300w, https:\/\/conadi.gob.gt\/web\/wp-content\/uploads\/2022\/07\/Carta-entendimiento-CONADI-CDG-768x512.jpg 768w, https:\/\/conadi.gob.gt\/web\/wp-content\/uploads\/2022\/07\/Carta-entendimiento-CONADI-CDG-1536x1024.jpg 1536w, https:\/\/conadi.gob.gt\/web\/wp-content\/uploads\/2022\/07\/Carta-entendimiento-CONADI-CDG-2000x1333.jpg 2000w, https:\/\/conadi.gob.gt\/web\/wp-content\/uploads\/2022\/07\/Carta-entendimiento-CONADI-CDG.jpg 2048w\" sizes=\"auto, (max-width: 1024px) 100vw, 1024px\" \/><figcaption><br \/><br \/>El CONADI y Cronistas Deportivos Guatemaltecos, suscribieron carta de entendimiento <br \/>para promover el derecho al deporte de las personas con discapacidad.<\/figcaption><\/figure>\n<\/figure>\n\n\n\n<p>Es importante resaltar que la CDG, ha instaurado un evento deportivo anualmente, al que ha incluido la categor\u00eda discapacidad y se reconoce a un paraatleta destacado con el premio denominado \u201cRolando De Le\u00f3n\u201d, que se instituy\u00f3 en el 2016. <\/p>\n\n\n\n<p>Castillo, en su mensaje institucional destac\u00f3 que esta alianza con los Cronistas Deportivos Guatemaltecos es una estrat\u00e9gica para promover, divulgar y velar por la inclusi\u00f3n de las personas con discapacidad en el desarrollo y masificaci\u00f3n del deporte recreativo y competitivo como lo demanda la Convenci\u00f3n Sobre los Derechos de las Personas con Discapacidad. En tanto, Ca\u00f1as manifest\u00f3 la importancia de promover, difundir y dar a conocer la inclusi\u00f3n de las personas con discapacidad en el deporte a trav\u00e9s de acciones period\u00edsticas especializada de la cr\u00f3nica deportiva.<\/p>\n\n\n\n<figure class=\"wp-block-gallery has-nested-images columns-default is-cropped wp-block-gallery-2 is-layout-flex wp-block-gallery-is-layout-flex\">\n<figure class=\"wp-block-image size-large\"><img loading=\"lazy\" decoding=\"async\" width=\"1024\" height=\"683\" data-id=\"11368\" src=\"https:\/\/conadi.gob.gt\/web\/wp-content\/uploads\/2022\/07\/Carta-entendimiento-CONADI-CDG1-1024x683.jpg\" alt=\"\" class=\"wp-image-11368\" srcset=\"https:\/\/conadi.gob.gt\/web\/wp-content\/uploads\/2022\/07\/Carta-entendimiento-CONADI-CDG1-1024x683.jpg 1024w, https:\/\/conadi.gob.gt\/web\/wp-content\/uploads\/2022\/07\/Carta-entendimiento-CONADI-CDG1-300x200.jpg 300w, https:\/\/conadi.gob.gt\/web\/wp-content\/uploads\/2022\/07\/Carta-entendimiento-CONADI-CDG1-768x512.jpg 768w, https:\/\/conadi.gob.gt\/web\/wp-content\/uploads\/2022\/07\/Carta-entendimiento-CONADI-CDG1-1536x1024.jpg 1536w, https:\/\/conadi.gob.gt\/web\/wp-content\/uploads\/2022\/07\/Carta-entendimiento-CONADI-CDG1-2000x1333.jpg 2000w, https:\/\/conadi.gob.gt\/web\/wp-content\/uploads\/2022\/07\/Carta-entendimiento-CONADI-CDG1.jpg 2048w\" sizes=\"auto, (max-width: 1024px) 100vw, 1024px\" \/><figcaption>Clarivel Castillo, presidenta del CONADI y Rafael Ca\u00f1as, presidente de Cronistas Deportivos Guatemaltecos<br \/> firmaron carta de entendimiento <\/figcaption><\/figure>\n<\/figure>\n","protected":false},"excerpt":{"rendered":"<p>Con la finalidad de promover el derecho al deporte de las personas con discapacidad, el derecho a la igualdad, el acceso a la informaci\u00f3n y el correcto abordaje de la discapacidad con enfoque de derechos humanos, el Consejo Nacional para la Atenci\u00f3n de las Personas con Discapacidad (CONADI) y los Cronistas Deportivos Guatemaltecos (CDG) suscribieron &hellip; <\/p>\n<p class=\"link-more\"><a href=\"https:\/\/conadi.gob.gt\/web\/alianza-busca-promover-el-paradeporte\/\" class=\"more-link\">Leer m\u00e1s<span class=\"screen-reader-text\"> \u00abAlianza busca promover el Paradeporte\u00bb<\/span><\/a><\/p>\n","protected":false},"author":12,"featured_media":11371,"comment_status":"closed","ping_status":"closed","sticky":false,"template":"","format":"standard","meta":{"footnotes":""},"categories":[1],"tags":[],"class_list":["post-11366","post","type-post","status-publish","format-standard","has-post-thumbnail","hentry","category-sin-categoria"],"_links":{"self":[{"href":"https:\/\/conadi.gob.gt\/web\/wp-json\/wp\/v2\/posts\/11366","targetHints":{"allow":["GET"]}}],"collection":[{"href":"https:\/\/conadi.gob.gt\/web\/wp-json\/wp\/v2\/posts"}],"about":[{"href":"https:\/\/conadi.gob.gt\/web\/wp-json\/wp\/v2\/types\/post"}],"author":[{"embeddable":true,"href":"https:\/\/conadi.gob.gt\/web\/wp-json\/wp\/v2\/users\/12"}],"replies":[{"embeddable":true,"href":"https:\/\/conadi.gob.gt\/web\/wp-json\/wp\/v2\/comments?post=11366"}],"version-history":[{"count":1,"href":"https:\/\/conadi.gob.gt\/web\/wp-json\/wp\/v2\/posts\/11366\/revisions"}],"predecessor-version":[{"id":11372,"href":"https:\/\/conadi.gob.gt\/web\/wp-json\/wp\/v2\/posts\/11366\/revisions\/11372"}],"wp:featuredmedia":[{"embeddable":true,"href":"https:\/\/conadi.gob.gt\/web\/wp-json\/wp\/v2\/media\/11371"}],"wp:attachment":[{"href":"https:\/\/conadi.gob.gt\/web\/wp-json\/wp\/v2\/media?parent=11366"}],"wp:term":[{"taxonomy":"category","embeddable":true,"href":"https:\/\/conadi.gob.gt\/web\/wp-json\/wp\/v2\/categories?post=11366"},{"taxonomy":"post_tag","embeddable":true,"href":"https:\/\/conadi.gob.gt\/web\/wp-json\/wp\/v2\/tags?post=11366"}],"curies":[{"name":"wp","href":"https:\/\/api.w.org\/{rel}","templated":true}]}}