{"id":11427,"date":"2022-07-21T20:42:24","date_gmt":"2022-07-21T20:42:24","guid":{"rendered":"https:\/\/conadi.gob.gt\/web\/?p=11427"},"modified":"2022-07-21T21:09:33","modified_gmt":"2022-07-21T21:09:33","slug":"realizan-conversatorio-para-promover-la-gestion-de-cooperacion-internacional","status":"publish","type":"post","link":"https:\/\/conadi.gob.gt\/web\/realizan-conversatorio-para-promover-la-gestion-de-cooperacion-internacional\/","title":{"rendered":"REALIZAN CONVERSATORIO PARA PROMOVER LA GESTI\u00d3N DE COOPERACI\u00d3N INTERNACIONAL"},"content":{"rendered":"\n<figure class=\"wp-block-image size-large\"><img loading=\"lazy\" decoding=\"async\" width=\"1024\" height=\"683\" src=\"https:\/\/conadi.gob.gt\/web\/wp-content\/uploads\/2022\/07\/IMG_6235-1024x683.jpg\" alt=\"\" class=\"wp-image-11428\" srcset=\"https:\/\/conadi.gob.gt\/web\/wp-content\/uploads\/2022\/07\/IMG_6235-1024x683.jpg 1024w, https:\/\/conadi.gob.gt\/web\/wp-content\/uploads\/2022\/07\/IMG_6235-300x200.jpg 300w, https:\/\/conadi.gob.gt\/web\/wp-content\/uploads\/2022\/07\/IMG_6235-768x512.jpg 768w, https:\/\/conadi.gob.gt\/web\/wp-content\/uploads\/2022\/07\/IMG_6235-1536x1024.jpg 1536w, https:\/\/conadi.gob.gt\/web\/wp-content\/uploads\/2022\/07\/IMG_6235-2048x1365.jpg 2048w, https:\/\/conadi.gob.gt\/web\/wp-content\/uploads\/2022\/07\/IMG_6235-2000x1333.jpg 2000w\" sizes=\"auto, (max-width: 1024px) 100vw, 1024px\" \/><figcaption>Representantes de diferentes instituciones adscritas al CONADI participan en el conversatorio<\/figcaption><\/figure>\n\n\n\n<p>Promover una mayor participaci\u00f3n de las organizaciones de personas con discapacidad en la gesti\u00f3n y cooperaci\u00f3n,&nbsp; fue el objetivo del conversatorio \u201cAvances y desaf\u00edos de las Organizaciones de Personas con Discapacidad&nbsp; en la Gesti\u00f3n y Cooperaci\u00f3n\u201d,&nbsp; para el avance del cumplimiento de derechos humanos.<\/p>\n\n\n\n<p>Para el desarrollo de este conversatorio se cont\u00f3 con la participaci\u00f3n de actores estrat\u00e9gicos: Dennis Valvert, director de An\u00e1lisis&nbsp; Seguimiento de la Cooperaci\u00f3n SEGEPLAN, quien imparti\u00f3 el tema \u00abImportancia de la gesti\u00f3n, dise\u00f1o y evaluaci\u00f3n de los proyectos de&nbsp;cooperaci\u00f3n internacional inclusiva\u00bb, quien &nbsp;resalt\u00f3 que en la cooperaci\u00f3n para el desarrollo deben visibilizarse&nbsp; las necesidades de los grupos vulnerables para que se tomen en cuenta en la formulaci\u00f3n de pol\u00edticas p\u00fablicas y den cumplimiento a los Objetivos de Desarrollo Sostenible.<\/p>\n\n\n\n<figure class=\"wp-block-image size-large\"><img loading=\"lazy\" decoding=\"async\" width=\"1024\" height=\"683\" src=\"https:\/\/conadi.gob.gt\/web\/wp-content\/uploads\/2022\/07\/IMG_6228-1024x683.jpg\" alt=\"\" class=\"wp-image-11429\" srcset=\"https:\/\/conadi.gob.gt\/web\/wp-content\/uploads\/2022\/07\/IMG_6228-1024x683.jpg 1024w, https:\/\/conadi.gob.gt\/web\/wp-content\/uploads\/2022\/07\/IMG_6228-300x200.jpg 300w, https:\/\/conadi.gob.gt\/web\/wp-content\/uploads\/2022\/07\/IMG_6228-768x512.jpg 768w, https:\/\/conadi.gob.gt\/web\/wp-content\/uploads\/2022\/07\/IMG_6228-1536x1024.jpg 1536w, https:\/\/conadi.gob.gt\/web\/wp-content\/uploads\/2022\/07\/IMG_6228-2048x1365.jpg 2048w, https:\/\/conadi.gob.gt\/web\/wp-content\/uploads\/2022\/07\/IMG_6228-2000x1333.jpg 2000w\" sizes=\"auto, (max-width: 1024px) 100vw, 1024px\" \/><\/figure>\n\n\n\n<p>Asimismo,&nbsp; Melvyn Teni, representante CISP comparti\u00f3 sobre avances y retos en la gesti\u00f3n y ejecuci\u00f3n de proyectos de cooperaci\u00f3n internacional, qui\u00e9n indic\u00f3 que es importante tomar en cuenta seis principios de la Convenci\u00f3n Sobre los Derechos de las Personas con Discapacidad, entre ellos la reafirmaci\u00f3n de la universalidad, indivisibilidad, interdependencia e interrelaci\u00f3n de los derechos humanos y libertades fundamentales; reconocer que la discapacidad es un concepto que evoluciona y que&nbsp; evoluciona y que resulta de la interacci\u00f3n entre las personas con deficiencias y las barreras debidas a la actitud y al entorno; destaca la importancia de incorporar las cuestiones relativas a la discapacidad como parte integrante de las estrategias pertinentes de desarrollo sostenible; reconocer la necesidad de promover y proteger los derechos humanos; reconocer la importancia de la cooperaci\u00f3n internacional para mejorar las condiciones de vida de las personas con discapacidad y valorar las contribuciones que realizan y pueden realizar las personas con discapacidad en bienestar general y la diversidad de sus comunidades.<\/p>\n\n\n\n<figure class=\"wp-block-image size-large\"><img loading=\"lazy\" decoding=\"async\" width=\"1024\" height=\"683\" src=\"https:\/\/conadi.gob.gt\/web\/wp-content\/uploads\/2022\/07\/IMG_6255-1024x683.jpg\" alt=\"\" class=\"wp-image-11430\" srcset=\"https:\/\/conadi.gob.gt\/web\/wp-content\/uploads\/2022\/07\/IMG_6255-1024x683.jpg 1024w, https:\/\/conadi.gob.gt\/web\/wp-content\/uploads\/2022\/07\/IMG_6255-300x200.jpg 300w, https:\/\/conadi.gob.gt\/web\/wp-content\/uploads\/2022\/07\/IMG_6255-768x512.jpg 768w, https:\/\/conadi.gob.gt\/web\/wp-content\/uploads\/2022\/07\/IMG_6255-1536x1024.jpg 1536w, https:\/\/conadi.gob.gt\/web\/wp-content\/uploads\/2022\/07\/IMG_6255-2048x1365.jpg 2048w, https:\/\/conadi.gob.gt\/web\/wp-content\/uploads\/2022\/07\/IMG_6255-2000x1333.jpg 2000w\" sizes=\"auto, (max-width: 1024px) 100vw, 1024px\" \/><\/figure>\n\n\n\n<p>En tanto, Mikaela Christiansson, especialista en Coordinaci\u00f3n para el Desarrollo de Naciones Unidas, dio a conocer las oportunidades en el Marco de Cooperaci\u00f3n de las Naciones Unidas para el Desarrollo Sostenible enfocados en proyectos con sus seis indicadores realizados en Guatemala en beneficio de las personas con discapacidad.<\/p>\n\n\n\n<figure class=\"wp-block-image size-large\"><img loading=\"lazy\" decoding=\"async\" width=\"1024\" height=\"683\" src=\"https:\/\/conadi.gob.gt\/web\/wp-content\/uploads\/2022\/07\/IMG_6279-1024x683.jpg\" alt=\"\" class=\"wp-image-11431\" srcset=\"https:\/\/conadi.gob.gt\/web\/wp-content\/uploads\/2022\/07\/IMG_6279-1024x683.jpg 1024w, https:\/\/conadi.gob.gt\/web\/wp-content\/uploads\/2022\/07\/IMG_6279-300x200.jpg 300w, https:\/\/conadi.gob.gt\/web\/wp-content\/uploads\/2022\/07\/IMG_6279-768x512.jpg 768w, https:\/\/conadi.gob.gt\/web\/wp-content\/uploads\/2022\/07\/IMG_6279-1536x1024.jpg 1536w, https:\/\/conadi.gob.gt\/web\/wp-content\/uploads\/2022\/07\/IMG_6279-2048x1365.jpg 2048w, https:\/\/conadi.gob.gt\/web\/wp-content\/uploads\/2022\/07\/IMG_6279-2000x1333.jpg 2000w\" sizes=\"auto, (max-width: 1024px) 100vw, 1024px\" \/><\/figure>\n\n\n\n<p>El conversatorio finaliz\u00f3 con el mensaje institucional de la presidenta del CONADI, Clarivel Castillo, quien desatac\u00f3 la importancia de trabajar en conjunto con aliados de la cooperaci\u00f3n para fortalecer el desarrollo integral de las personas con discapacidad. Tambi\u00e9n, resalt\u00f3 que promover\u00e1n m\u00e1s espacios de fortalecimiento en presentaci\u00f3n de proyectos en beneficio del sector.<\/p>\n\n\n\n<figure class=\"wp-block-image size-large\"><img loading=\"lazy\" decoding=\"async\" width=\"1024\" height=\"683\" src=\"https:\/\/conadi.gob.gt\/web\/wp-content\/uploads\/2022\/07\/IMG_6321-1024x683.jpg\" alt=\"\" class=\"wp-image-11435\" srcset=\"https:\/\/conadi.gob.gt\/web\/wp-content\/uploads\/2022\/07\/IMG_6321-1024x683.jpg 1024w, https:\/\/conadi.gob.gt\/web\/wp-content\/uploads\/2022\/07\/IMG_6321-300x200.jpg 300w, https:\/\/conadi.gob.gt\/web\/wp-content\/uploads\/2022\/07\/IMG_6321-768x512.jpg 768w, https:\/\/conadi.gob.gt\/web\/wp-content\/uploads\/2022\/07\/IMG_6321-1536x1024.jpg 1536w, https:\/\/conadi.gob.gt\/web\/wp-content\/uploads\/2022\/07\/IMG_6321-2048x1365.jpg 2048w, https:\/\/conadi.gob.gt\/web\/wp-content\/uploads\/2022\/07\/IMG_6321-2000x1333.jpg 2000w\" sizes=\"auto, (max-width: 1024px) 100vw, 1024px\" \/><\/figure>\n\n\n\n<figure class=\"wp-block-image size-full\"><img loading=\"lazy\" decoding=\"async\" width=\"400\" height=\"400\" src=\"https:\/\/conadi.gob.gt\/web\/wp-content\/uploads\/2022\/07\/collaje.jpg\" alt=\"\" class=\"wp-image-11436\" srcset=\"https:\/\/conadi.gob.gt\/web\/wp-content\/uploads\/2022\/07\/collaje.jpg 400w, https:\/\/conadi.gob.gt\/web\/wp-content\/uploads\/2022\/07\/collaje-300x300.jpg 300w, https:\/\/conadi.gob.gt\/web\/wp-content\/uploads\/2022\/07\/collaje-150x150.jpg 150w\" sizes=\"auto, (max-width: 400px) 100vw, 400px\" \/><\/figure>\n","protected":false},"excerpt":{"rendered":"<p>Promover una mayor participaci\u00f3n de las organizaciones de personas con discapacidad en la gesti\u00f3n y cooperaci\u00f3n,&nbsp; fue el objetivo del conversatorio \u201cAvances y desaf\u00edos de las Organizaciones de Personas con Discapacidad&nbsp; en la Gesti\u00f3n y Cooperaci\u00f3n\u201d,&nbsp; para el avance del cumplimiento de derechos humanos. Para el desarrollo de este conversatorio se cont\u00f3 con la participaci\u00f3n &hellip; <\/p>\n<p class=\"link-more\"><a href=\"https:\/\/conadi.gob.gt\/web\/realizan-conversatorio-para-promover-la-gestion-de-cooperacion-internacional\/\" class=\"more-link\">Leer m\u00e1s<span class=\"screen-reader-text\"> \u00abREALIZAN CONVERSATORIO PARA PROMOVER LA GESTI\u00d3N DE COOPERACI\u00d3N INTERNACIONAL\u00bb<\/span><\/a><\/p>\n","protected":false},"author":12,"featured_media":11428,"comment_status":"closed","ping_status":"closed","sticky":false,"template":"","format":"standard","meta":{"footnotes":""},"categories":[3],"tags":[],"class_list":["post-11427","post","type-post","status-publish","format-standard","has-post-thumbnail","hentry","category-noticias"],"_links":{"self":[{"href":"https:\/\/conadi.gob.gt\/web\/wp-json\/wp\/v2\/posts\/11427","targetHints":{"allow":["GET"]}}],"collection":[{"href":"https:\/\/conadi.gob.gt\/web\/wp-json\/wp\/v2\/posts"}],"about":[{"href":"https:\/\/conadi.gob.gt\/web\/wp-json\/wp\/v2\/types\/post"}],"author":[{"embeddable":true,"href":"https:\/\/conadi.gob.gt\/web\/wp-json\/wp\/v2\/users\/12"}],"replies":[{"embeddable":true,"href":"https:\/\/conadi.gob.gt\/web\/wp-json\/wp\/v2\/comments?post=11427"}],"version-history":[{"count":3,"href":"https:\/\/conadi.gob.gt\/web\/wp-json\/wp\/v2\/posts\/11427\/revisions"}],"predecessor-version":[{"id":11440,"href":"https:\/\/conadi.gob.gt\/web\/wp-json\/wp\/v2\/posts\/11427\/revisions\/11440"}],"wp:featuredmedia":[{"embeddable":true,"href":"https:\/\/conadi.gob.gt\/web\/wp-json\/wp\/v2\/media\/11428"}],"wp:attachment":[{"href":"https:\/\/conadi.gob.gt\/web\/wp-json\/wp\/v2\/media?parent=11427"}],"wp:term":[{"taxonomy":"category","embeddable":true,"href":"https:\/\/conadi.gob.gt\/web\/wp-json\/wp\/v2\/categories?post=11427"},{"taxonomy":"post_tag","embeddable":true,"href":"https:\/\/conadi.gob.gt\/web\/wp-json\/wp\/v2\/tags?post=11427"}],"curies":[{"name":"wp","href":"https:\/\/api.w.org\/{rel}","templated":true}]}}