{"id":11496,"date":"2022-08-03T21:15:58","date_gmt":"2022-08-03T21:15:58","guid":{"rendered":"https:\/\/conadi.gob.gt\/web\/?p=11496"},"modified":"2022-08-03T21:20:59","modified_gmt":"2022-08-03T21:20:59","slug":"conadi-desarrolla-foro-prevencion-de-la-violencia-sexual-y-trata-de-mujeres-y-ninas-con-discapacidad","status":"publish","type":"post","link":"https:\/\/conadi.gob.gt\/web\/conadi-desarrolla-foro-prevencion-de-la-violencia-sexual-y-trata-de-mujeres-y-ninas-con-discapacidad\/","title":{"rendered":"CONADI DESARROLLA FORO: \u201cPREVENCI\u00d3N DE LA VIOLENCIA SEXUAL Y TRATA DE MUJERES Y NI\u00d1AS CON DISCAPACIDAD\u201d"},"content":{"rendered":"\n<figure class=\"wp-block-image size-large\"><img loading=\"lazy\" decoding=\"async\" width=\"1024\" height=\"683\" src=\"https:\/\/conadi.gob.gt\/web\/wp-content\/uploads\/2022\/08\/296542795_434858715354643_179785851727674976_n-1024x683.jpg\" alt=\"\" class=\"wp-image-11497\" srcset=\"https:\/\/conadi.gob.gt\/web\/wp-content\/uploads\/2022\/08\/296542795_434858715354643_179785851727674976_n-1024x683.jpg 1024w, https:\/\/conadi.gob.gt\/web\/wp-content\/uploads\/2022\/08\/296542795_434858715354643_179785851727674976_n-300x200.jpg 300w, https:\/\/conadi.gob.gt\/web\/wp-content\/uploads\/2022\/08\/296542795_434858715354643_179785851727674976_n-768x512.jpg 768w, https:\/\/conadi.gob.gt\/web\/wp-content\/uploads\/2022\/08\/296542795_434858715354643_179785851727674976_n-1536x1024.jpg 1536w, https:\/\/conadi.gob.gt\/web\/wp-content\/uploads\/2022\/08\/296542795_434858715354643_179785851727674976_n-2000x1333.jpg 2000w, https:\/\/conadi.gob.gt\/web\/wp-content\/uploads\/2022\/08\/296542795_434858715354643_179785851727674976_n.jpg 2048w\" sizes=\"auto, (max-width: 1024px) 100vw, 1024px\" \/><\/figure>\n\n\n\n<p>Con el fin de reflexionar acerca de la grave situaci\u00f3n que viven millones de personas v\u00edctimas de trata y la urgencia de promover las medidas necesarias para prevenir, perseguir y sancionar esta grave violaci\u00f3n a los derechos humanos se llev\u00f3 a cabo el foro <strong><em>\u201c<\/em><\/strong><strong><em>Prevenci\u00f3n de la violencia sexual y trata de mujeres y ni\u00f1as con discapacidad\u201d<\/em><\/strong>, &nbsp;organizado por la Comisi\u00f3n Permanente de Interseccionalidad del Consejo Nacional para la Atenci\u00f3n de Personas con Discapacidad (CONADI).<\/p>\n\n\n\n<figure class=\"wp-block-image size-large\"><img loading=\"lazy\" decoding=\"async\" width=\"1024\" height=\"683\" src=\"https:\/\/conadi.gob.gt\/web\/wp-content\/uploads\/2022\/08\/297745486_434858162021365_7988410325116061016_n-1024x683.jpg\" alt=\"\" class=\"wp-image-11502\" srcset=\"https:\/\/conadi.gob.gt\/web\/wp-content\/uploads\/2022\/08\/297745486_434858162021365_7988410325116061016_n-1024x683.jpg 1024w, https:\/\/conadi.gob.gt\/web\/wp-content\/uploads\/2022\/08\/297745486_434858162021365_7988410325116061016_n-300x200.jpg 300w, https:\/\/conadi.gob.gt\/web\/wp-content\/uploads\/2022\/08\/297745486_434858162021365_7988410325116061016_n-768x512.jpg 768w, https:\/\/conadi.gob.gt\/web\/wp-content\/uploads\/2022\/08\/297745486_434858162021365_7988410325116061016_n-1536x1024.jpg 1536w, https:\/\/conadi.gob.gt\/web\/wp-content\/uploads\/2022\/08\/297745486_434858162021365_7988410325116061016_n-2000x1333.jpg 2000w, https:\/\/conadi.gob.gt\/web\/wp-content\/uploads\/2022\/08\/297745486_434858162021365_7988410325116061016_n.jpg 2048w\" sizes=\"auto, (max-width: 1024px) 100vw, 1024px\" \/><\/figure>\n\n\n\n<p>El Censo del 2018, refiere que la poblaci\u00f3n con discapacidad en Guatemala, est\u00e1 mayormente representado por mujeres, es decir 752,154, equivalente al 53.39%. Seg\u00fan estudios e informes recientes, las mujeres y ni\u00f1as con discapacidad tienen mayor riesgo de explotaci\u00f3n y pueden estar expuestas a mayor riesgo de ser v\u00edctimas de la trata de personas.<\/p>\n\n\n\n<p>Vilma Bac, trabajadora Social de la direcci\u00f3n contra Trata de Personas de la Secretar\u00eda Contra la Violencia Sexual Explotaci\u00f3n y Trata de Personas (SVET) habl\u00f3 sobre la pol\u00edtica de la trata y su implementaci\u00f3n a nivel central y territorial; as\u00ed como la ruta de denuncia y tipificaci\u00f3n del delito de trata enfocado a mujeres y ni\u00f1as con discapacidad.<\/p>\n\n\n\n<p>En tanto, Alexander Colop, representante de las Fiscal\u00eda contra la Trata de Personas del Ministerio P\u00fablico de Guatemala (MP), abord\u00f3 sobre los delitos de trata en mujeres y ni\u00f1as con discapacidad.<\/p>\n\n\n\n<figure class=\"wp-block-image size-large\"><img loading=\"lazy\" decoding=\"async\" width=\"1024\" height=\"683\" src=\"https:\/\/conadi.gob.gt\/web\/wp-content\/uploads\/2022\/08\/297508446_434859388687909_810616153765104160_n-1024x683.jpg\" alt=\"\" class=\"wp-image-11500\" srcset=\"https:\/\/conadi.gob.gt\/web\/wp-content\/uploads\/2022\/08\/297508446_434859388687909_810616153765104160_n-1024x683.jpg 1024w, https:\/\/conadi.gob.gt\/web\/wp-content\/uploads\/2022\/08\/297508446_434859388687909_810616153765104160_n-300x200.jpg 300w, https:\/\/conadi.gob.gt\/web\/wp-content\/uploads\/2022\/08\/297508446_434859388687909_810616153765104160_n-768x512.jpg 768w, https:\/\/conadi.gob.gt\/web\/wp-content\/uploads\/2022\/08\/297508446_434859388687909_810616153765104160_n-1536x1024.jpg 1536w, https:\/\/conadi.gob.gt\/web\/wp-content\/uploads\/2022\/08\/297508446_434859388687909_810616153765104160_n-2000x1333.jpg 2000w, https:\/\/conadi.gob.gt\/web\/wp-content\/uploads\/2022\/08\/297508446_434859388687909_810616153765104160_n.jpg 2048w\" sizes=\"auto, (max-width: 1024px) 100vw, 1024px\" \/><\/figure>\n\n\n\n<p>Entre las conclusiones, presentadas por la licenciada Delfina Morataya, representante de la Secretar\u00eda Presidencial de la Mujer (Seprem), enfatiz\u00f3 que las mujeres y ni\u00f1as con discapacidad no cuentan con una protecci\u00f3n social suficiente por lo que las hace m\u00e1s vulnerables hacia la violencia y trata de personas. Asimismo, indic\u00f3 que las mujeres y ni\u00f1as en las \u00e1reas rurales son m\u00e1s expuestas a la violencia y que sus agresores son los mismos familiares. Adem\u00e1s, indic\u00f3 que es importante tener esas alianzas estrat\u00e9gicas con otras instituciones para las personas que brinden la atenci\u00f3n de primera l\u00ednea la realicen con calidad, calidez y de forma diferenciada acorde a su condici\u00f3n de discapacidad, es una acci\u00f3n fundamental para la trata de personas.<\/p>\n\n\n\n<figure class=\"wp-block-image size-large\"><img loading=\"lazy\" decoding=\"async\" width=\"1024\" height=\"690\" src=\"https:\/\/conadi.gob.gt\/web\/wp-content\/uploads\/2022\/08\/297708336_434878162019365_5836588218388734946_n-1024x690.jpg\" alt=\"\" class=\"wp-image-11501\" srcset=\"https:\/\/conadi.gob.gt\/web\/wp-content\/uploads\/2022\/08\/297708336_434878162019365_5836588218388734946_n-1024x690.jpg 1024w, https:\/\/conadi.gob.gt\/web\/wp-content\/uploads\/2022\/08\/297708336_434878162019365_5836588218388734946_n-300x202.jpg 300w, https:\/\/conadi.gob.gt\/web\/wp-content\/uploads\/2022\/08\/297708336_434878162019365_5836588218388734946_n-768x518.jpg 768w, https:\/\/conadi.gob.gt\/web\/wp-content\/uploads\/2022\/08\/297708336_434878162019365_5836588218388734946_n.jpg 1427w\" sizes=\"auto, (max-width: 1024px) 100vw, 1024px\" \/><\/figure>\n","protected":false},"excerpt":{"rendered":"<p>Con el fin de reflexionar acerca de la grave situaci\u00f3n que viven millones de personas v\u00edctimas de trata y la urgencia de promover las medidas necesarias para prevenir, perseguir y sancionar esta grave violaci\u00f3n a los derechos humanos se llev\u00f3 a cabo el foro \u201cPrevenci\u00f3n de la violencia sexual y trata de mujeres y ni\u00f1as &hellip; <\/p>\n<p class=\"link-more\"><a href=\"https:\/\/conadi.gob.gt\/web\/conadi-desarrolla-foro-prevencion-de-la-violencia-sexual-y-trata-de-mujeres-y-ninas-con-discapacidad\/\" class=\"more-link\">Leer m\u00e1s<span class=\"screen-reader-text\"> \u00abCONADI DESARROLLA FORO: \u201cPREVENCI\u00d3N DE LA VIOLENCIA SEXUAL Y TRATA DE MUJERES Y NI\u00d1AS CON DISCAPACIDAD\u201d\u00bb<\/span><\/a><\/p>\n","protected":false},"author":12,"featured_media":11497,"comment_status":"closed","ping_status":"closed","sticky":false,"template":"","format":"standard","meta":{"footnotes":""},"categories":[3],"tags":[],"class_list":["post-11496","post","type-post","status-publish","format-standard","has-post-thumbnail","hentry","category-noticias"],"_links":{"self":[{"href":"https:\/\/conadi.gob.gt\/web\/wp-json\/wp\/v2\/posts\/11496","targetHints":{"allow":["GET"]}}],"collection":[{"href":"https:\/\/conadi.gob.gt\/web\/wp-json\/wp\/v2\/posts"}],"about":[{"href":"https:\/\/conadi.gob.gt\/web\/wp-json\/wp\/v2\/types\/post"}],"author":[{"embeddable":true,"href":"https:\/\/conadi.gob.gt\/web\/wp-json\/wp\/v2\/users\/12"}],"replies":[{"embeddable":true,"href":"https:\/\/conadi.gob.gt\/web\/wp-json\/wp\/v2\/comments?post=11496"}],"version-history":[{"count":2,"href":"https:\/\/conadi.gob.gt\/web\/wp-json\/wp\/v2\/posts\/11496\/revisions"}],"predecessor-version":[{"id":11503,"href":"https:\/\/conadi.gob.gt\/web\/wp-json\/wp\/v2\/posts\/11496\/revisions\/11503"}],"wp:featuredmedia":[{"embeddable":true,"href":"https:\/\/conadi.gob.gt\/web\/wp-json\/wp\/v2\/media\/11497"}],"wp:attachment":[{"href":"https:\/\/conadi.gob.gt\/web\/wp-json\/wp\/v2\/media?parent=11496"}],"wp:term":[{"taxonomy":"category","embeddable":true,"href":"https:\/\/conadi.gob.gt\/web\/wp-json\/wp\/v2\/categories?post=11496"},{"taxonomy":"post_tag","embeddable":true,"href":"https:\/\/conadi.gob.gt\/web\/wp-json\/wp\/v2\/tags?post=11496"}],"curies":[{"name":"wp","href":"https:\/\/api.w.org\/{rel}","templated":true}]}}