{"id":11540,"date":"2022-08-16T15:35:10","date_gmt":"2022-08-16T15:35:10","guid":{"rendered":"https:\/\/conadi.gob.gt\/web\/?p=11540"},"modified":"2022-08-16T15:36:45","modified_gmt":"2022-08-16T15:36:45","slug":"champerico-inaugura-su-oficina-municipal-de-discapacidad","status":"publish","type":"post","link":"https:\/\/conadi.gob.gt\/web\/champerico-inaugura-su-oficina-municipal-de-discapacidad\/","title":{"rendered":"CHAMPERICO INAUGURA SU OFICINA MUNICIPAL DE DISCAPACIDAD"},"content":{"rendered":"\n<p>Champerico inaugur\u00f3 su Oficina Municipal de Discapacidad el 15 de agosto, convirti\u00e9ndose en el tercer municipio de Retalhuleu en contar con una OMD. <\/p>\n\n\n\n<figure class=\"wp-block-image size-large\"><img loading=\"lazy\" decoding=\"async\" width=\"1024\" height=\"683\" src=\"https:\/\/conadi.gob.gt\/web\/wp-content\/uploads\/2022\/08\/299334661_443057451201436_8144783095316109858_n-1024x683.jpg\" alt=\"\" class=\"wp-image-11542\" srcset=\"https:\/\/conadi.gob.gt\/web\/wp-content\/uploads\/2022\/08\/299334661_443057451201436_8144783095316109858_n-1024x683.jpg 1024w, https:\/\/conadi.gob.gt\/web\/wp-content\/uploads\/2022\/08\/299334661_443057451201436_8144783095316109858_n-300x200.jpg 300w, https:\/\/conadi.gob.gt\/web\/wp-content\/uploads\/2022\/08\/299334661_443057451201436_8144783095316109858_n-768x512.jpg 768w, https:\/\/conadi.gob.gt\/web\/wp-content\/uploads\/2022\/08\/299334661_443057451201436_8144783095316109858_n-1536x1024.jpg 1536w, https:\/\/conadi.gob.gt\/web\/wp-content\/uploads\/2022\/08\/299334661_443057451201436_8144783095316109858_n-2000x1333.jpg 2000w, https:\/\/conadi.gob.gt\/web\/wp-content\/uploads\/2022\/08\/299334661_443057451201436_8144783095316109858_n.jpg 2048w\" sizes=\"auto, (max-width: 1024px) 100vw, 1024px\" \/><\/figure>\n\n\n\n<p>El alcalde municipal Rosalio L\u00f3pez, hizo entrega del acuerdo gubernativo de la creaci\u00f3n de la oficina con estas caracter\u00edsitcas a la licenciada Clarivel Castillo, presidenta del Consejo Nacional para la Atenci\u00f3n de las Personas con Discapacidad.<\/p>\n\n\n\n<figure class=\"wp-block-image size-large\"><img loading=\"lazy\" decoding=\"async\" width=\"1024\" height=\"683\" src=\"https:\/\/conadi.gob.gt\/web\/wp-content\/uploads\/2022\/08\/299753411_443055961201585_4201126410047475588_n-1-1024x683.jpg\" alt=\"\" class=\"wp-image-11543\" srcset=\"https:\/\/conadi.gob.gt\/web\/wp-content\/uploads\/2022\/08\/299753411_443055961201585_4201126410047475588_n-1-1024x683.jpg 1024w, https:\/\/conadi.gob.gt\/web\/wp-content\/uploads\/2022\/08\/299753411_443055961201585_4201126410047475588_n-1-300x200.jpg 300w, https:\/\/conadi.gob.gt\/web\/wp-content\/uploads\/2022\/08\/299753411_443055961201585_4201126410047475588_n-1-768x512.jpg 768w, https:\/\/conadi.gob.gt\/web\/wp-content\/uploads\/2022\/08\/299753411_443055961201585_4201126410047475588_n-1-1536x1024.jpg 1536w, https:\/\/conadi.gob.gt\/web\/wp-content\/uploads\/2022\/08\/299753411_443055961201585_4201126410047475588_n-1-2000x1333.jpg 2000w, https:\/\/conadi.gob.gt\/web\/wp-content\/uploads\/2022\/08\/299753411_443055961201585_4201126410047475588_n-1.jpg 2048w\" sizes=\"auto, (max-width: 1024px) 100vw, 1024px\" \/><\/figure>\n\n\n\n<p>El jefe edil argument\u00f3 que en el municipio se han promovido programas de educaci\u00f3n para todos y la inclusi\u00f3n laboral de la poblaci\u00f3n con discapacidad es una de las necesidades identificadas que motivo el establecimiento de esta OMD y present\u00f3 a Jos\u00e9 Chum como encargado de la oficina. En tanto Clarivel Castillo, indic\u00f3 que en Retalhuleu viven alrededor de 31442 personas con discapacidad y en Champerico 3761 de acuerdo al Censo Poblacional del 2018, convirti\u00e9ndose en la tercera comuna en contar con una OMD del departamento. Castillo exhort\u00f3 a otros concejos ediles a atender las necesidades de este importante sector mediante la apertura de una oficina municipal de discapacidad.<\/p>\n\n\n\n<figure class=\"wp-block-image size-large\"><img loading=\"lazy\" decoding=\"async\" width=\"1024\" height=\"683\" src=\"https:\/\/conadi.gob.gt\/web\/wp-content\/uploads\/2022\/08\/298708440_443057324534782_5329341421862635867_n-1024x683.jpg\" alt=\"\" class=\"wp-image-11544\" srcset=\"https:\/\/conadi.gob.gt\/web\/wp-content\/uploads\/2022\/08\/298708440_443057324534782_5329341421862635867_n-1024x683.jpg 1024w, https:\/\/conadi.gob.gt\/web\/wp-content\/uploads\/2022\/08\/298708440_443057324534782_5329341421862635867_n-300x200.jpg 300w, https:\/\/conadi.gob.gt\/web\/wp-content\/uploads\/2022\/08\/298708440_443057324534782_5329341421862635867_n-768x512.jpg 768w, https:\/\/conadi.gob.gt\/web\/wp-content\/uploads\/2022\/08\/298708440_443057324534782_5329341421862635867_n-1536x1024.jpg 1536w, https:\/\/conadi.gob.gt\/web\/wp-content\/uploads\/2022\/08\/298708440_443057324534782_5329341421862635867_n-2000x1333.jpg 2000w, https:\/\/conadi.gob.gt\/web\/wp-content\/uploads\/2022\/08\/298708440_443057324534782_5329341421862635867_n.jpg 2048w\" sizes=\"auto, (max-width: 1024px) 100vw, 1024px\" \/><\/figure>\n\n\n\n<p>En la actividad participaron miembros de junta directiva del CONADI, representantes de instituciones de gobierno a nivel departamental y personas con discapacidad.<\/p>\n","protected":false},"excerpt":{"rendered":"<p>Champerico inaugur\u00f3 su Oficina Municipal de Discapacidad el 15 de agosto, convirti\u00e9ndose en el tercer municipio de Retalhuleu en contar con una OMD. El alcalde municipal Rosalio L\u00f3pez, hizo entrega del acuerdo gubernativo de la creaci\u00f3n de la oficina con estas caracter\u00edsitcas a la licenciada Clarivel Castillo, presidenta del Consejo Nacional para la Atenci\u00f3n de &hellip; <\/p>\n<p class=\"link-more\"><a href=\"https:\/\/conadi.gob.gt\/web\/champerico-inaugura-su-oficina-municipal-de-discapacidad\/\" class=\"more-link\">Leer m\u00e1s<span class=\"screen-reader-text\"> \u00abCHAMPERICO INAUGURA SU OFICINA MUNICIPAL DE DISCAPACIDAD\u00bb<\/span><\/a><\/p>\n","protected":false},"author":12,"featured_media":11546,"comment_status":"closed","ping_status":"closed","sticky":false,"template":"","format":"standard","meta":{"footnotes":""},"categories":[3],"tags":[],"class_list":["post-11540","post","type-post","status-publish","format-standard","has-post-thumbnail","hentry","category-noticias"],"_links":{"self":[{"href":"https:\/\/conadi.gob.gt\/web\/wp-json\/wp\/v2\/posts\/11540","targetHints":{"allow":["GET"]}}],"collection":[{"href":"https:\/\/conadi.gob.gt\/web\/wp-json\/wp\/v2\/posts"}],"about":[{"href":"https:\/\/conadi.gob.gt\/web\/wp-json\/wp\/v2\/types\/post"}],"author":[{"embeddable":true,"href":"https:\/\/conadi.gob.gt\/web\/wp-json\/wp\/v2\/users\/12"}],"replies":[{"embeddable":true,"href":"https:\/\/conadi.gob.gt\/web\/wp-json\/wp\/v2\/comments?post=11540"}],"version-history":[{"count":2,"href":"https:\/\/conadi.gob.gt\/web\/wp-json\/wp\/v2\/posts\/11540\/revisions"}],"predecessor-version":[{"id":11548,"href":"https:\/\/conadi.gob.gt\/web\/wp-json\/wp\/v2\/posts\/11540\/revisions\/11548"}],"wp:featuredmedia":[{"embeddable":true,"href":"https:\/\/conadi.gob.gt\/web\/wp-json\/wp\/v2\/media\/11546"}],"wp:attachment":[{"href":"https:\/\/conadi.gob.gt\/web\/wp-json\/wp\/v2\/media?parent=11540"}],"wp:term":[{"taxonomy":"category","embeddable":true,"href":"https:\/\/conadi.gob.gt\/web\/wp-json\/wp\/v2\/categories?post=11540"},{"taxonomy":"post_tag","embeddable":true,"href":"https:\/\/conadi.gob.gt\/web\/wp-json\/wp\/v2\/tags?post=11540"}],"curies":[{"name":"wp","href":"https:\/\/api.w.org\/{rel}","templated":true}]}}