{"id":11576,"date":"2022-08-19T22:00:45","date_gmt":"2022-08-19T22:00:45","guid":{"rendered":"https:\/\/conadi.gob.gt\/web\/?p=11576"},"modified":"2022-08-22T20:04:13","modified_gmt":"2022-08-22T20:04:13","slug":"conadi-guatemala-y-conadis-ecuador-firman-marco-de-cooperacion","status":"publish","type":"post","link":"https:\/\/conadi.gob.gt\/web\/conadi-guatemala-y-conadis-ecuador-firman-marco-de-cooperacion\/","title":{"rendered":"CONADI GUATEMALA y CONADIS ECUADOR FIRMAN  MARCO DE COOPERACI\u00d3N"},"content":{"rendered":"\n<p>Delegaci\u00f3n del Consejo Nacional para la Atenci\u00f3n de las Personas con Discapacidad de Guatemala (CONADI), sostuvo reuniones con directivos del Consejo Nacional para la Igualdad de Discapacidades del Ecuador (CONADIS), en el marco de la firma de Convenio de cooperaci\u00f3n entre ambas instituciones para el intercambio y transferencia de informaci\u00f3n t\u00e9cnica sobre discapacidad, suscrito el 18 de agosto de 2022.<\/p>\n\n\n\n<figure class=\"wp-block-image size-large\"><img loading=\"lazy\" decoding=\"async\" width=\"1024\" height=\"682\" src=\"https:\/\/conadi.gob.gt\/web\/wp-content\/uploads\/2022\/08\/300205906_434214512083137_2525167208596418661_n-1024x682.jpg\" alt=\"\" class=\"wp-image-11577\" srcset=\"https:\/\/conadi.gob.gt\/web\/wp-content\/uploads\/2022\/08\/300205906_434214512083137_2525167208596418661_n-1024x682.jpg 1024w, https:\/\/conadi.gob.gt\/web\/wp-content\/uploads\/2022\/08\/300205906_434214512083137_2525167208596418661_n-300x200.jpg 300w, https:\/\/conadi.gob.gt\/web\/wp-content\/uploads\/2022\/08\/300205906_434214512083137_2525167208596418661_n-768x512.jpg 768w, https:\/\/conadi.gob.gt\/web\/wp-content\/uploads\/2022\/08\/300205906_434214512083137_2525167208596418661_n.jpg 1280w\" sizes=\"auto, (max-width: 1024px) 100vw, 1024px\" \/><\/figure>\n\n\n\n<p>En el encuentro se abord\u00f3 el tema de Certificaci\u00f3n de la Discapacidad, se conoci\u00f3 la experiencia de Ecuador y los esfuerzos que realiza Guatemala para su implementaci\u00f3n. Asimismo, t\u00e9cnicos del CONADIS mostraron los avances en Turismo Accesible durante la visita al Museo Accesible en el Centro Hist\u00f3rico. Finalmente, la jornada termin\u00f3 con una entrevista realizada en Radio Cat\u00f3lica de Ecuador, donde se conocieron los avances y desaf\u00edos en la promoci\u00f3n y cumplimiento de los derechos de las personas con discapacidad en Guatemala. <\/p>\n\n\n\n<figure class=\"wp-block-image size-large\"><img loading=\"lazy\" decoding=\"async\" width=\"1024\" height=\"682\" src=\"https:\/\/conadi.gob.gt\/web\/wp-content\/uploads\/2022\/08\/300171697_444517401055441_682953887882838752_n-1024x682.jpg\" alt=\"\" class=\"wp-image-11578\" srcset=\"https:\/\/conadi.gob.gt\/web\/wp-content\/uploads\/2022\/08\/300171697_444517401055441_682953887882838752_n-1024x682.jpg 1024w, https:\/\/conadi.gob.gt\/web\/wp-content\/uploads\/2022\/08\/300171697_444517401055441_682953887882838752_n-300x200.jpg 300w, https:\/\/conadi.gob.gt\/web\/wp-content\/uploads\/2022\/08\/300171697_444517401055441_682953887882838752_n-768x512.jpg 768w, https:\/\/conadi.gob.gt\/web\/wp-content\/uploads\/2022\/08\/300171697_444517401055441_682953887882838752_n.jpg 1280w\" sizes=\"auto, (max-width: 1024px) 100vw, 1024px\" \/><\/figure>\n\n\n\n<p>Durante el segundo d\u00eda de vista de la delegaci\u00f3n del CONADI, t\u00e9cnicos de CONADIS Ecuador conocieron los programas del CONADI Guatemala en relaci\u00f3n a Educaci\u00f3n Inclusiva.<\/p>\n\n\n\n<figure class=\"wp-block-image size-large\"><img loading=\"lazy\" decoding=\"async\" width=\"1024\" height=\"683\" src=\"https:\/\/conadi.gob.gt\/web\/wp-content\/uploads\/2022\/08\/300206525_434848305353091_4759864739584931337_n-1024x683.jpg\" alt=\"\" class=\"wp-image-11579\" srcset=\"https:\/\/conadi.gob.gt\/web\/wp-content\/uploads\/2022\/08\/300206525_434848305353091_4759864739584931337_n-1024x683.jpg 1024w, https:\/\/conadi.gob.gt\/web\/wp-content\/uploads\/2022\/08\/300206525_434848305353091_4759864739584931337_n-300x200.jpg 300w, https:\/\/conadi.gob.gt\/web\/wp-content\/uploads\/2022\/08\/300206525_434848305353091_4759864739584931337_n-768x512.jpg 768w, https:\/\/conadi.gob.gt\/web\/wp-content\/uploads\/2022\/08\/300206525_434848305353091_4759864739584931337_n-1536x1024.jpg 1536w, https:\/\/conadi.gob.gt\/web\/wp-content\/uploads\/2022\/08\/300206525_434848305353091_4759864739584931337_n-2000x1333.jpg 2000w, https:\/\/conadi.gob.gt\/web\/wp-content\/uploads\/2022\/08\/300206525_434848305353091_4759864739584931337_n.jpg 2048w\" sizes=\"auto, (max-width: 1024px) 100vw, 1024px\" \/><\/figure>\n\n\n\n<p>Asimismo, se suscribi\u00f3 el convenio marco de cooperaci\u00f3n entre el Consejo Nacional para la Igualdad de Discapacidades del Ecuador (CONADIS) y el Consejo Nacional para la Atenci\u00f3n de las Personas con Discapacidad de Guatemala (CONADI) para el intercambio y transferencia de informaci\u00f3n t\u00e9cnica sobre discapacidad. Los acuerdos fueron firmado por la licenciada Clarivel Castillo, presidenta del CONADI y la doctora Tatiana Escobar, Secretaria T\u00e9cnica de CONADIS Ecuador.<\/p>\n\n\n\n<figure class=\"wp-block-image size-full\"><img loading=\"lazy\" decoding=\"async\" width=\"988\" height=\"554\" src=\"https:\/\/conadi.gob.gt\/web\/wp-content\/uploads\/2022\/08\/ice_screenshot_20220818-142038.png\" alt=\"\" class=\"wp-image-11580\" srcset=\"https:\/\/conadi.gob.gt\/web\/wp-content\/uploads\/2022\/08\/ice_screenshot_20220818-142038.png 988w, https:\/\/conadi.gob.gt\/web\/wp-content\/uploads\/2022\/08\/ice_screenshot_20220818-142038-300x168.png 300w, https:\/\/conadi.gob.gt\/web\/wp-content\/uploads\/2022\/08\/ice_screenshot_20220818-142038-768x431.png 768w\" sizes=\"auto, (max-width: 988px) 100vw, 988px\" \/><\/figure>\n\n\n\n<p><\/p>\n\n\n\n<p>En la visita realizada la licenciada Clarivel Castillo, CONADI fue acompa\u00f1ada por la Dra. Karina Rodr\u00edguez, vocal de junta directiva y t\u00e9cnicos de la instituci\u00f3n, quienes fueron recibidos por la Dra. Tatiana Escobar, secretaria t\u00e9cnica del Consejo Nacional para la Igualdad de Discapacidades (CONADIS).<\/p>\n","protected":false},"excerpt":{"rendered":"<p>Delegaci\u00f3n del Consejo Nacional para la Atenci\u00f3n de las Personas con Discapacidad de Guatemala (CONADI), sostuvo reuniones con directivos del Consejo Nacional para la Igualdad de Discapacidades del Ecuador (CONADIS), en el marco de la firma de Convenio de cooperaci\u00f3n entre ambas instituciones para el intercambio y transferencia de informaci\u00f3n t\u00e9cnica sobre discapacidad, suscrito el &hellip; <\/p>\n<p class=\"link-more\"><a href=\"https:\/\/conadi.gob.gt\/web\/conadi-guatemala-y-conadis-ecuador-firman-marco-de-cooperacion\/\" class=\"more-link\">Leer m\u00e1s<span class=\"screen-reader-text\"> \u00abCONADI GUATEMALA y CONADIS ECUADOR FIRMAN  MARCO DE COOPERACI\u00d3N\u00bb<\/span><\/a><\/p>\n","protected":false},"author":12,"featured_media":11578,"comment_status":"closed","ping_status":"closed","sticky":false,"template":"","format":"standard","meta":{"footnotes":""},"categories":[3],"tags":[],"class_list":["post-11576","post","type-post","status-publish","format-standard","has-post-thumbnail","hentry","category-noticias"],"_links":{"self":[{"href":"https:\/\/conadi.gob.gt\/web\/wp-json\/wp\/v2\/posts\/11576","targetHints":{"allow":["GET"]}}],"collection":[{"href":"https:\/\/conadi.gob.gt\/web\/wp-json\/wp\/v2\/posts"}],"about":[{"href":"https:\/\/conadi.gob.gt\/web\/wp-json\/wp\/v2\/types\/post"}],"author":[{"embeddable":true,"href":"https:\/\/conadi.gob.gt\/web\/wp-json\/wp\/v2\/users\/12"}],"replies":[{"embeddable":true,"href":"https:\/\/conadi.gob.gt\/web\/wp-json\/wp\/v2\/comments?post=11576"}],"version-history":[{"count":2,"href":"https:\/\/conadi.gob.gt\/web\/wp-json\/wp\/v2\/posts\/11576\/revisions"}],"predecessor-version":[{"id":11596,"href":"https:\/\/conadi.gob.gt\/web\/wp-json\/wp\/v2\/posts\/11576\/revisions\/11596"}],"wp:featuredmedia":[{"embeddable":true,"href":"https:\/\/conadi.gob.gt\/web\/wp-json\/wp\/v2\/media\/11578"}],"wp:attachment":[{"href":"https:\/\/conadi.gob.gt\/web\/wp-json\/wp\/v2\/media?parent=11576"}],"wp:term":[{"taxonomy":"category","embeddable":true,"href":"https:\/\/conadi.gob.gt\/web\/wp-json\/wp\/v2\/categories?post=11576"},{"taxonomy":"post_tag","embeddable":true,"href":"https:\/\/conadi.gob.gt\/web\/wp-json\/wp\/v2\/tags?post=11576"}],"curies":[{"name":"wp","href":"https:\/\/api.w.org\/{rel}","templated":true}]}}