{"id":11620,"date":"2022-08-29T18:11:56","date_gmt":"2022-08-29T18:11:56","guid":{"rendered":"https:\/\/conadi.gob.gt\/web\/?p=11620"},"modified":"2022-09-29T20:20:00","modified_gmt":"2022-09-29T20:20:00","slug":"condi-ii-encuentro-omd","status":"publish","type":"post","link":"https:\/\/conadi.gob.gt\/web\/condi-ii-encuentro-omd\/","title":{"rendered":"CONADI LLEVA A CABO EL II ENCUENTRO OMD"},"content":{"rendered":"\n<p>EEl Consejo Nacional para la Atenci\u00f3n de las Personas con Discapacidad (CONADI), llev\u00f3 a cabo el <strong><em>SEGUNDO ENCUENTRO de Oficinas Municipales de Discapacidad (OMD)<\/em><\/strong>, con el objetivo de conocer las buenas pr\u00e1cticas y experiencias exitosas aplicadas por diferentes municipalidades. Asimismo, se desarroll\u00f3 un taller sobre el Estado y Pol\u00edticas P\u00fablicas, impartido por personeros de la Secretar\u00eda de Planificaci\u00f3n y Programaci\u00f3n de la Presidencia (SEGEPLAN).<\/p>\n\n\n\n<figure class=\"wp-block-image size-large\"><img loading=\"lazy\" decoding=\"async\" width=\"1024\" height=\"683\" src=\"https:\/\/conadi.gob.gt\/web\/wp-content\/uploads\/2022\/08\/IMG_6562-1024x683.jpg\" alt=\"\" class=\"wp-image-11622\" srcset=\"https:\/\/conadi.gob.gt\/web\/wp-content\/uploads\/2022\/08\/IMG_6562-1024x683.jpg 1024w, https:\/\/conadi.gob.gt\/web\/wp-content\/uploads\/2022\/08\/IMG_6562-300x200.jpg 300w, https:\/\/conadi.gob.gt\/web\/wp-content\/uploads\/2022\/08\/IMG_6562-768x512.jpg 768w, https:\/\/conadi.gob.gt\/web\/wp-content\/uploads\/2022\/08\/IMG_6562-1536x1024.jpg 1536w, https:\/\/conadi.gob.gt\/web\/wp-content\/uploads\/2022\/08\/IMG_6562-2048x1365.jpg 2048w, https:\/\/conadi.gob.gt\/web\/wp-content\/uploads\/2022\/08\/IMG_6562-2000x1333.jpg 2000w\" sizes=\"auto, (max-width: 1024px) 100vw, 1024px\" \/><\/figure>\n\n\n\n<p>El acto de apertura cont\u00f3 con la participaci\u00f3n de Clarivel Castillo, presidenta del CONADI; Dania Moscoso, directora general y Fausto Reyes, director t\u00e9cnico del Consejo. Castillo en su mensaje institucional, destac\u00f3 la importancia del trabajo en equipo, el fortalecimiento de conocimientos en la tem\u00e1tica de discapacidad para cumplir los compromisos de Estado.<\/p>\n\n\n\n<figure class=\"wp-block-image size-large\"><img loading=\"lazy\" decoding=\"async\" width=\"1024\" height=\"683\" src=\"https:\/\/conadi.gob.gt\/web\/wp-content\/uploads\/2022\/08\/IMG_6594-1024x683.jpg\" alt=\"\" class=\"wp-image-11621\" srcset=\"https:\/\/conadi.gob.gt\/web\/wp-content\/uploads\/2022\/08\/IMG_6594-1024x683.jpg 1024w, https:\/\/conadi.gob.gt\/web\/wp-content\/uploads\/2022\/08\/IMG_6594-300x200.jpg 300w, https:\/\/conadi.gob.gt\/web\/wp-content\/uploads\/2022\/08\/IMG_6594-768x512.jpg 768w, https:\/\/conadi.gob.gt\/web\/wp-content\/uploads\/2022\/08\/IMG_6594-1536x1024.jpg 1536w, https:\/\/conadi.gob.gt\/web\/wp-content\/uploads\/2022\/08\/IMG_6594-2048x1365.jpg 2048w, https:\/\/conadi.gob.gt\/web\/wp-content\/uploads\/2022\/08\/IMG_6594-2000x1333.jpg 2000w\" sizes=\"auto, (max-width: 1024px) 100vw, 1024px\" \/><\/figure>\n\n\n\n<p>Las Oficinas Municipales de Discapacidad, \u00a0se rigen por el c\u00f3digo municipal, siendo un mecanismo institucional de coordinaci\u00f3n e inclusi\u00f3n de las demandas de las personas con discapacidad en los planes, programas y servicios municipales. As\u00ed como un ente interlocutor entre la municipalidad y las personas con discapacidad y sus organizaciones en cada municipio.<\/p>\n\n\n\n<p>Estrella Monterroso, encargada de la OMD de San Benito, Pet\u00e9n, destac\u00f3 que la Oficina que representa coordina apoyos de diagn\u00f3sticos m\u00e9dicos y promueve la educaci\u00f3n inclusiva. En tanto, en la Oficina Municipal de Discapacidad de Municipalidad de Villa Nueva, bajo la coordinaci\u00f3n de Daniel Molina, persona con discapacidad visual, resalt\u00f3 la entrega de dispositivos de apoyo como sillas de ruedas, andadores, muletas para personas con discapacidad f\u00edsica. Asimismo, destac\u00f3 que se promueve el derecho al empleo y a la educaci\u00f3n.<\/p>\n\n\n\n<figure class=\"wp-block-image size-large\"><img loading=\"lazy\" decoding=\"async\" width=\"1024\" height=\"683\" src=\"https:\/\/conadi.gob.gt\/web\/wp-content\/uploads\/2022\/08\/IMG_6659-1024x683.jpg\" alt=\"\" class=\"wp-image-11625\" srcset=\"https:\/\/conadi.gob.gt\/web\/wp-content\/uploads\/2022\/08\/IMG_6659-1024x683.jpg 1024w, https:\/\/conadi.gob.gt\/web\/wp-content\/uploads\/2022\/08\/IMG_6659-300x200.jpg 300w, https:\/\/conadi.gob.gt\/web\/wp-content\/uploads\/2022\/08\/IMG_6659-768x512.jpg 768w, https:\/\/conadi.gob.gt\/web\/wp-content\/uploads\/2022\/08\/IMG_6659-1536x1024.jpg 1536w, https:\/\/conadi.gob.gt\/web\/wp-content\/uploads\/2022\/08\/IMG_6659-2048x1365.jpg 2048w, https:\/\/conadi.gob.gt\/web\/wp-content\/uploads\/2022\/08\/IMG_6659-2000x1333.jpg 2000w\" sizes=\"auto, (max-width: 1024px) 100vw, 1024px\" \/><\/figure>\n\n\n\n<p>Maribel L\u00f3pez de la Municipalidad de Santa Luc\u00eda Utatl\u00e1n, Solol\u00e1, dio a conocer el trabajo que realiza la OMD que representa. Esta oficina cuenta con una alianza con el Centro Maya para el desarrollo integral para personas con discapacidad, donde brindan los servicios de terapia de lenguaje, musicoterapia, fisioterapia, psicolog\u00eda, estimulaci\u00f3n temprana y ocupacional, beneficiando a 53 comunidades de Santa Luc\u00eda Utatl\u00e1n, Solol\u00e1.<\/p>\n\n\n\n<figure class=\"wp-block-image size-large\"><img loading=\"lazy\" decoding=\"async\" width=\"1024\" height=\"683\" src=\"https:\/\/conadi.gob.gt\/web\/wp-content\/uploads\/2022\/08\/IMG_6682-1024x683.jpg\" alt=\"\" class=\"wp-image-11626\" srcset=\"https:\/\/conadi.gob.gt\/web\/wp-content\/uploads\/2022\/08\/IMG_6682-1024x683.jpg 1024w, https:\/\/conadi.gob.gt\/web\/wp-content\/uploads\/2022\/08\/IMG_6682-300x200.jpg 300w, https:\/\/conadi.gob.gt\/web\/wp-content\/uploads\/2022\/08\/IMG_6682-768x512.jpg 768w, https:\/\/conadi.gob.gt\/web\/wp-content\/uploads\/2022\/08\/IMG_6682-1536x1024.jpg 1536w, https:\/\/conadi.gob.gt\/web\/wp-content\/uploads\/2022\/08\/IMG_6682-2048x1365.jpg 2048w, https:\/\/conadi.gob.gt\/web\/wp-content\/uploads\/2022\/08\/IMG_6682-2000x1333.jpg 2000w\" sizes=\"auto, (max-width: 1024px) 100vw, 1024px\" \/><\/figure>\n\n\n\n<p>Asimismo, Melisa Dom\u00ednguez, coordinadora de la OMD de San Francisco El Alto, Totonicap\u00e1n, mencion\u00f3 que cuentan con una biblioteca Braille, coordinan terapias f\u00edsicas y ocupacionales y realizan jornadas m\u00e9dicas para mejorar la calidad de vida de este sector.<\/p>\n\n\n\n<figure class=\"wp-block-image size-large\"><img loading=\"lazy\" decoding=\"async\" width=\"1024\" height=\"683\" src=\"https:\/\/conadi.gob.gt\/web\/wp-content\/uploads\/2022\/08\/IMG_6701-1024x683.jpg\" alt=\"\" class=\"wp-image-11627\" srcset=\"https:\/\/conadi.gob.gt\/web\/wp-content\/uploads\/2022\/08\/IMG_6701-1024x683.jpg 1024w, https:\/\/conadi.gob.gt\/web\/wp-content\/uploads\/2022\/08\/IMG_6701-300x200.jpg 300w, https:\/\/conadi.gob.gt\/web\/wp-content\/uploads\/2022\/08\/IMG_6701-768x512.jpg 768w, https:\/\/conadi.gob.gt\/web\/wp-content\/uploads\/2022\/08\/IMG_6701-1536x1024.jpg 1536w, https:\/\/conadi.gob.gt\/web\/wp-content\/uploads\/2022\/08\/IMG_6701-2048x1365.jpg 2048w, https:\/\/conadi.gob.gt\/web\/wp-content\/uploads\/2022\/08\/IMG_6701-2000x1333.jpg 2000w\" sizes=\"auto, (max-width: 1024px) 100vw, 1024px\" \/><\/figure>\n\n\n\n<p>Paola Sequen, de la OMD de la Municipalidad de Chimaltenango. Dio a conocer las acciones a favor de las personas con discapacidad, como jornadas de evaluaci\u00f3n m\u00e9dica, carreras a beneficio del colectivo, en En tanto, Paola Sequen, de la OMD de la Municipalidad de Chimaltenango, dio a conocer las acciones a favor de las personas con discapacidad, entre estas, jornadas de evaluaci\u00f3n m\u00e9dica, carreras a beneficio del colectivo en coordinaci\u00f3n con el Ministerio de Cultura y Deportes. Indic\u00f3 que trabajan con diferentes centros educativos para la inclusi\u00f3n de personas con discapacidad.<\/p>\n\n\n\n<figure class=\"wp-block-image size-large\"><img loading=\"lazy\" decoding=\"async\" width=\"1024\" height=\"683\" src=\"https:\/\/conadi.gob.gt\/web\/wp-content\/uploads\/2022\/08\/IMG_6777-1024x683.jpg\" alt=\"\" class=\"wp-image-11629\" srcset=\"https:\/\/conadi.gob.gt\/web\/wp-content\/uploads\/2022\/08\/IMG_6777-1024x683.jpg 1024w, https:\/\/conadi.gob.gt\/web\/wp-content\/uploads\/2022\/08\/IMG_6777-300x200.jpg 300w, https:\/\/conadi.gob.gt\/web\/wp-content\/uploads\/2022\/08\/IMG_6777-768x512.jpg 768w, https:\/\/conadi.gob.gt\/web\/wp-content\/uploads\/2022\/08\/IMG_6777-1536x1024.jpg 1536w, https:\/\/conadi.gob.gt\/web\/wp-content\/uploads\/2022\/08\/IMG_6777-2048x1365.jpg 2048w, https:\/\/conadi.gob.gt\/web\/wp-content\/uploads\/2022\/08\/IMG_6777-2000x1333.jpg 2000w\" sizes=\"auto, (max-width: 1024px) 100vw, 1024px\" \/><\/figure>\n\n\n\n<p>Jos\u00e9 Carrera, persona con discapacidad visual, de la OMD de la Municipalidad de Camot\u00e1n, Chiquimula, comparti\u00f3 las barreras que ha encontrado en la utilizaci\u00f3n de equipos tecnol\u00f3gicos. Adem\u00e1s, dio a conocer Jos\u00e9 Carrera, persona con discapacidad visual de Camot\u00e1n, Chiquimula, expuso diferentes acciones ejecutadas por la OMD, como la realizaci\u00f3n de un censo municipal con enfoque de discapacidad y la entrega de equipos de apoyo como muletas y bastones. Asimismo, Carrera indic\u00f3 que han llevado a cabo actividades en los d\u00edas marcos conmemorativos sobre discapacidad para visibilizar a la poblaci\u00f3n con alguna deficiencia y se ha creado un Centro de Capacitaci\u00f3n y una Cl\u00ednica Psicol\u00f3gica para personas con discapacidad. Tambi\u00e9n, han conformado la Red de Mujeres donde participan 38 mujeres con discapacidad.<\/p>\n\n\n\n<figure class=\"wp-block-image size-large\"><img loading=\"lazy\" decoding=\"async\" width=\"1024\" height=\"683\" src=\"https:\/\/conadi.gob.gt\/web\/wp-content\/uploads\/2022\/08\/IMG_6783-1024x683.jpg\" alt=\"\" class=\"wp-image-11630\" srcset=\"https:\/\/conadi.gob.gt\/web\/wp-content\/uploads\/2022\/08\/IMG_6783-1024x683.jpg 1024w, https:\/\/conadi.gob.gt\/web\/wp-content\/uploads\/2022\/08\/IMG_6783-300x200.jpg 300w, https:\/\/conadi.gob.gt\/web\/wp-content\/uploads\/2022\/08\/IMG_6783-768x512.jpg 768w, https:\/\/conadi.gob.gt\/web\/wp-content\/uploads\/2022\/08\/IMG_6783-1536x1024.jpg 1536w, https:\/\/conadi.gob.gt\/web\/wp-content\/uploads\/2022\/08\/IMG_6783-2048x1365.jpg 2048w, https:\/\/conadi.gob.gt\/web\/wp-content\/uploads\/2022\/08\/IMG_6783-2000x1333.jpg 2000w\" sizes=\"auto, (max-width: 1024px) 100vw, 1024px\" \/><\/figure>\n\n\n\n<p>En tanto, el coordinador de la Oficina Municipal de Discapacidad en San Juan Bautista, Suchitep\u00e9quez, Ra\u00fal Castro, persona con discapacidad visual, indic\u00f3 que se han gestionado acciones de protecci\u00f3n social para poblaci\u00f3n con discapacidad y se imparten talleres sobre los derechos del sector. Adem\u00e1s, ha coordinado diferentes actividades deportivas.<\/p>\n\n\n\n<figure class=\"wp-block-image size-large\"><img loading=\"lazy\" decoding=\"async\" width=\"1024\" height=\"683\" src=\"https:\/\/conadi.gob.gt\/web\/wp-content\/uploads\/2022\/08\/IMG_6807-1024x683.jpg\" alt=\"\" class=\"wp-image-11632\" srcset=\"https:\/\/conadi.gob.gt\/web\/wp-content\/uploads\/2022\/08\/IMG_6807-1024x683.jpg 1024w, https:\/\/conadi.gob.gt\/web\/wp-content\/uploads\/2022\/08\/IMG_6807-300x200.jpg 300w, https:\/\/conadi.gob.gt\/web\/wp-content\/uploads\/2022\/08\/IMG_6807-768x512.jpg 768w, https:\/\/conadi.gob.gt\/web\/wp-content\/uploads\/2022\/08\/IMG_6807-1536x1024.jpg 1536w, https:\/\/conadi.gob.gt\/web\/wp-content\/uploads\/2022\/08\/IMG_6807-2048x1365.jpg 2048w, https:\/\/conadi.gob.gt\/web\/wp-content\/uploads\/2022\/08\/IMG_6807-2000x1333.jpg 2000w\" sizes=\"auto, (max-width: 1024px) 100vw, 1024px\" \/><\/figure>\n\n\n\n<p>Finalmente, Lucero Navichoque, representante de la OMD de Mataquescuintla, Jalapa, comparti\u00f3 las acciones desarrolladas por la comuna, como talleres de fortalecimiento de conocimientos sobre la tem\u00e1tica de discapacidad. Adem\u00e1s, se promueve la inclusi\u00f3n laboral, cursos de emprendimientos para vecinos con discapacidad. Asimismo, la municipalidad ha iniciado a implementar elementos de accesibilidad en la infraestructura, como rampas de acceso.<\/p>\n\n\n\n<figure class=\"wp-block-image size-large\"><img loading=\"lazy\" decoding=\"async\" width=\"1024\" height=\"683\" src=\"https:\/\/conadi.gob.gt\/web\/wp-content\/uploads\/2022\/08\/IMG_6864-1024x683.jpg\" alt=\"\" class=\"wp-image-11634\" srcset=\"https:\/\/conadi.gob.gt\/web\/wp-content\/uploads\/2022\/08\/IMG_6864-1024x683.jpg 1024w, https:\/\/conadi.gob.gt\/web\/wp-content\/uploads\/2022\/08\/IMG_6864-300x200.jpg 300w, https:\/\/conadi.gob.gt\/web\/wp-content\/uploads\/2022\/08\/IMG_6864-768x512.jpg 768w, https:\/\/conadi.gob.gt\/web\/wp-content\/uploads\/2022\/08\/IMG_6864-1536x1024.jpg 1536w, https:\/\/conadi.gob.gt\/web\/wp-content\/uploads\/2022\/08\/IMG_6864-2048x1365.jpg 2048w, https:\/\/conadi.gob.gt\/web\/wp-content\/uploads\/2022\/08\/IMG_6864-2000x1333.jpg 2000w\" sizes=\"auto, (max-width: 1024px) 100vw, 1024px\" \/><\/figure>\n\n\n\n<p>A la actividad participaron alrededor de 80 representantes de OMD\u00b4s. de las 111 oficinas de este tipo actualmente establecidas, siendo el objetivo principal contar con una OMD en cada municipio, es decir 340. Las mismas, cuentan con un encargado que tiene el quehacer de identificar a la poblaci\u00f3n con discapacidad, sus principales necesidades, a la vez incidir ante autoridades ediles y posicionar en el plan operativo anual, acciones para atender las demandas. Debe tomarse en cuenta que la Encuesta Nacional en Discapacidad, refiere que la mayor parte de la poblaci\u00f3n con discapacidad se encuentra a nivel departamental, siendo este un argumento importante para implementar un espacio en atenci\u00f3n al colectivo en referencia.<\/p>\n","protected":false},"excerpt":{"rendered":"<p>EEl Consejo Nacional para la Atenci\u00f3n de las Personas con Discapacidad (CONADI), llev\u00f3 a cabo el SEGUNDO ENCUENTRO de Oficinas Municipales de Discapacidad (OMD), con el objetivo de conocer las buenas pr\u00e1cticas y experiencias exitosas aplicadas por diferentes municipalidades. Asimismo, se desarroll\u00f3 un taller sobre el Estado y Pol\u00edticas P\u00fablicas, impartido por personeros de la &hellip; <\/p>\n<p class=\"link-more\"><a href=\"https:\/\/conadi.gob.gt\/web\/condi-ii-encuentro-omd\/\" class=\"more-link\">Leer m\u00e1s<span class=\"screen-reader-text\"> \u00abCONADI LLEVA A CABO EL II ENCUENTRO OMD\u00bb<\/span><\/a><\/p>\n","protected":false},"author":12,"featured_media":11622,"comment_status":"closed","ping_status":"closed","sticky":false,"template":"","format":"standard","meta":{"footnotes":""},"categories":[3],"tags":[],"class_list":["post-11620","post","type-post","status-publish","format-standard","has-post-thumbnail","hentry","category-noticias"],"_links":{"self":[{"href":"https:\/\/conadi.gob.gt\/web\/wp-json\/wp\/v2\/posts\/11620","targetHints":{"allow":["GET"]}}],"collection":[{"href":"https:\/\/conadi.gob.gt\/web\/wp-json\/wp\/v2\/posts"}],"about":[{"href":"https:\/\/conadi.gob.gt\/web\/wp-json\/wp\/v2\/types\/post"}],"author":[{"embeddable":true,"href":"https:\/\/conadi.gob.gt\/web\/wp-json\/wp\/v2\/users\/12"}],"replies":[{"embeddable":true,"href":"https:\/\/conadi.gob.gt\/web\/wp-json\/wp\/v2\/comments?post=11620"}],"version-history":[{"count":5,"href":"https:\/\/conadi.gob.gt\/web\/wp-json\/wp\/v2\/posts\/11620\/revisions"}],"predecessor-version":[{"id":11917,"href":"https:\/\/conadi.gob.gt\/web\/wp-json\/wp\/v2\/posts\/11620\/revisions\/11917"}],"wp:featuredmedia":[{"embeddable":true,"href":"https:\/\/conadi.gob.gt\/web\/wp-json\/wp\/v2\/media\/11622"}],"wp:attachment":[{"href":"https:\/\/conadi.gob.gt\/web\/wp-json\/wp\/v2\/media?parent=11620"}],"wp:term":[{"taxonomy":"category","embeddable":true,"href":"https:\/\/conadi.gob.gt\/web\/wp-json\/wp\/v2\/categories?post=11620"},{"taxonomy":"post_tag","embeddable":true,"href":"https:\/\/conadi.gob.gt\/web\/wp-json\/wp\/v2\/tags?post=11620"}],"curies":[{"name":"wp","href":"https:\/\/api.w.org\/{rel}","templated":true}]}}