{"id":11642,"date":"2022-08-30T18:31:23","date_gmt":"2022-08-30T18:31:23","guid":{"rendered":"https:\/\/conadi.gob.gt\/web\/?p=11642"},"modified":"2022-08-30T20:28:51","modified_gmt":"2022-08-30T20:28:51","slug":"conversatorio-avances-y-desafios-de-la-lengua-de-senas-de-guatemala-lensegua","status":"publish","type":"post","link":"https:\/\/conadi.gob.gt\/web\/conversatorio-avances-y-desafios-de-la-lengua-de-senas-de-guatemala-lensegua\/","title":{"rendered":"CONVERSATORIO: AVANCES Y DESAF\u00cdOS DE LA LENGUA DE SE\u00d1AS DE GUATEMALA (LENSEGUA)"},"content":{"rendered":"\n<p>A 2 a\u00f1os de la aprobaci\u00f3n del Decreto 3-2020 que reconoce la Lengua de Se\u00f1as de Guatemala LENSEGUA, la Unidad de Lengua de Se\u00f1as del CONADI, llev\u00f3 a cabo el conversatorio \u201cAvances y Desaf\u00edos de la Lengua de Se\u00f1as de Guatemala (LENSEGUA), desde el enfoque de desarrollo humano\u201d, en el marco de los 25 a\u00f1os de vida institucional del CONADI. <\/p>\n\n\n\n<figure class=\"wp-block-image size-large\"><img loading=\"lazy\" decoding=\"async\" width=\"1024\" height=\"683\" src=\"https:\/\/conadi.gob.gt\/web\/wp-content\/uploads\/2022\/08\/301890399_450497167124131_4272451296831011592_n-1024x683.jpg\" alt=\"\" class=\"wp-image-11649\" srcset=\"https:\/\/conadi.gob.gt\/web\/wp-content\/uploads\/2022\/08\/301890399_450497167124131_4272451296831011592_n-1024x683.jpg 1024w, https:\/\/conadi.gob.gt\/web\/wp-content\/uploads\/2022\/08\/301890399_450497167124131_4272451296831011592_n-300x200.jpg 300w, https:\/\/conadi.gob.gt\/web\/wp-content\/uploads\/2022\/08\/301890399_450497167124131_4272451296831011592_n-768x512.jpg 768w, https:\/\/conadi.gob.gt\/web\/wp-content\/uploads\/2022\/08\/301890399_450497167124131_4272451296831011592_n-1536x1024.jpg 1536w, https:\/\/conadi.gob.gt\/web\/wp-content\/uploads\/2022\/08\/301890399_450497167124131_4272451296831011592_n-2000x1333.jpg 2000w, https:\/\/conadi.gob.gt\/web\/wp-content\/uploads\/2022\/08\/301890399_450497167124131_4272451296831011592_n.jpg 2048w\" sizes=\"auto, (max-width: 1024px) 100vw, 1024px\" \/><\/figure>\n\n\n\n<p>Entre los panelistas participaron Yenny Vivar, representante de Recursos Humanos de EMETRA; Julio B\u00e1maca de ASORGUA; Mauricio M\u00e9ndez de INTERGUA y Pedro Toledo, jefe de Justicia y Seguridad Ciudadana del CONADI. En su intervenci\u00f3n Julio B\u00e1maca, destac\u00f3 que se debe continuar con la sensibilizaci\u00f3n en los altos mandos de las organizaciones e instituciones, funcionarios y l\u00edderes de Estado, para hacer el cambio y erradicar la mala idea que se tiene de las personas con discapacidad auditiva. <\/p>\n\n\n\n<figure class=\"wp-block-image size-large\"><img loading=\"lazy\" decoding=\"async\" width=\"1024\" height=\"683\" src=\"https:\/\/conadi.gob.gt\/web\/wp-content\/uploads\/2022\/08\/301796049_450487613791753_2414801197400491692_n-1-1024x683.jpg\" alt=\"\" class=\"wp-image-11648\" srcset=\"https:\/\/conadi.gob.gt\/web\/wp-content\/uploads\/2022\/08\/301796049_450487613791753_2414801197400491692_n-1-1024x683.jpg 1024w, https:\/\/conadi.gob.gt\/web\/wp-content\/uploads\/2022\/08\/301796049_450487613791753_2414801197400491692_n-1-300x200.jpg 300w, https:\/\/conadi.gob.gt\/web\/wp-content\/uploads\/2022\/08\/301796049_450487613791753_2414801197400491692_n-1-768x512.jpg 768w, https:\/\/conadi.gob.gt\/web\/wp-content\/uploads\/2022\/08\/301796049_450487613791753_2414801197400491692_n-1-1536x1024.jpg 1536w, https:\/\/conadi.gob.gt\/web\/wp-content\/uploads\/2022\/08\/301796049_450487613791753_2414801197400491692_n-1-2000x1333.jpg 2000w, https:\/\/conadi.gob.gt\/web\/wp-content\/uploads\/2022\/08\/301796049_450487613791753_2414801197400491692_n-1.jpg 2048w\" sizes=\"auto, (max-width: 1024px) 100vw, 1024px\" \/><\/figure>\n\n\n\n<p>En tanto, Mauricio M\u00e9ndez, manifest\u00f3 que los int\u00e9rpretes, son una herramienta humana necesaria para la comunidad sorda, son profesionales &#8211; especialistas en la interpretaci\u00f3n de la lengua de se\u00f1as. Adem\u00e1s, agreg\u00f3 que se debe implementar capacitaciones, crear renglones presupuestarios que permitan crear oportunidades laborales para int\u00e9rpretes en las entidades del Estado y el sector privado.<\/p>\n\n\n\n<p>En Guatemala se estima que existen 240 mil personas sordas que necesitan el cumplimiento del Decreto 3-2020. Por lo que, se necesita avanzar en la institucionalidad en la reformaci\u00f3n y creaci\u00f3n de leyes inclusivas en beneficio del sector poblacional que vive en condici\u00f3n de discapacidad auditiva, resalt\u00f3 Pedro Toledo.<\/p>\n\n\n\n<figure class=\"wp-block-image size-large\"><img loading=\"lazy\" decoding=\"async\" width=\"1024\" height=\"683\" src=\"https:\/\/conadi.gob.gt\/web\/wp-content\/uploads\/2022\/08\/301720159_450479250459256_3034562219223867098_n-1024x683.jpg\" alt=\"\" class=\"wp-image-11644\" srcset=\"https:\/\/conadi.gob.gt\/web\/wp-content\/uploads\/2022\/08\/301720159_450479250459256_3034562219223867098_n-1024x683.jpg 1024w, https:\/\/conadi.gob.gt\/web\/wp-content\/uploads\/2022\/08\/301720159_450479250459256_3034562219223867098_n-300x200.jpg 300w, https:\/\/conadi.gob.gt\/web\/wp-content\/uploads\/2022\/08\/301720159_450479250459256_3034562219223867098_n-768x512.jpg 768w, https:\/\/conadi.gob.gt\/web\/wp-content\/uploads\/2022\/08\/301720159_450479250459256_3034562219223867098_n-1536x1024.jpg 1536w, https:\/\/conadi.gob.gt\/web\/wp-content\/uploads\/2022\/08\/301720159_450479250459256_3034562219223867098_n-2000x1333.jpg 2000w, https:\/\/conadi.gob.gt\/web\/wp-content\/uploads\/2022\/08\/301720159_450479250459256_3034562219223867098_n.jpg 2048w\" sizes=\"auto, (max-width: 1024px) 100vw, 1024px\" \/><\/figure>\n\n\n\n<p>Asimismo, Yenny Vivar, indic\u00f3 que est\u00e1n trabajando en conjunto con CONADI para promover la formaci\u00f3n y toma de conciencia del personal de la Municipalidad de Guatemala; tambi\u0117n, manifest\u00f3 que seguir\u00e1n impulsando proyectos en beneficio de la poblaci\u00f3n con discapacidad. <\/p>\n\n\n\n<p>Tambi\u00e9n, la doctora Karina Rodr\u00edguez, miembro de Junta Directiva y subcoordinadora de la Comisi\u00f3n de Conmemoraciones del CONADI, en su mensaje institucional inst\u00f3 a los presentes a continuar en el trabajo del cumplimiento de los derechos de las personas con discapacidad, \u201cest\u00e1 en nuestras manos el trabajar en conjunto ya que todos somos CONADI, todos somos Guatemala y debemos luchar para que se abran puertas en todos los \u00e1mbitos sociales con las mismas condiciones que los dem\u00e1s, concluy\u00f3.<\/p>\n\n\n\n<figure class=\"wp-block-image size-large\"><img loading=\"lazy\" decoding=\"async\" width=\"1024\" height=\"683\" src=\"https:\/\/conadi.gob.gt\/web\/wp-content\/uploads\/2022\/08\/301862375_450502127123635_3808955420207570153_n-1024x683.jpg\" alt=\"\" class=\"wp-image-11645\" srcset=\"https:\/\/conadi.gob.gt\/web\/wp-content\/uploads\/2022\/08\/301862375_450502127123635_3808955420207570153_n-1024x683.jpg 1024w, https:\/\/conadi.gob.gt\/web\/wp-content\/uploads\/2022\/08\/301862375_450502127123635_3808955420207570153_n-300x200.jpg 300w, https:\/\/conadi.gob.gt\/web\/wp-content\/uploads\/2022\/08\/301862375_450502127123635_3808955420207570153_n-768x512.jpg 768w, https:\/\/conadi.gob.gt\/web\/wp-content\/uploads\/2022\/08\/301862375_450502127123635_3808955420207570153_n-1536x1024.jpg 1536w, https:\/\/conadi.gob.gt\/web\/wp-content\/uploads\/2022\/08\/301862375_450502127123635_3808955420207570153_n-2000x1333.jpg 2000w, https:\/\/conadi.gob.gt\/web\/wp-content\/uploads\/2022\/08\/301862375_450502127123635_3808955420207570153_n.jpg 2048w\" sizes=\"auto, (max-width: 1024px) 100vw, 1024px\" \/><\/figure>\n\n\n\n<p>Asimismo, Gerardo Meza, tesorero de Junta Directiva del CONADI, se refiri\u00f3 a la importancia de la aplicaci\u00f3n de la Lengua de Se\u00f1as en los medios de comunicaci\u00f3n e generar la informaci\u00f3n accesible en LENSEGUA, ya que las personas con discapacidad tambi\u00e9n tienen el derecho a la accesibilidad.<\/p>\n\n\n\n<figure class=\"wp-block-image size-large\"><img loading=\"lazy\" decoding=\"async\" width=\"1024\" height=\"683\" src=\"https:\/\/conadi.gob.gt\/web\/wp-content\/uploads\/2022\/08\/301797235_450498523790662_7051640417947571580_n-1024x683.jpg\" alt=\"\" class=\"wp-image-11646\" srcset=\"https:\/\/conadi.gob.gt\/web\/wp-content\/uploads\/2022\/08\/301797235_450498523790662_7051640417947571580_n-1024x683.jpg 1024w, https:\/\/conadi.gob.gt\/web\/wp-content\/uploads\/2022\/08\/301797235_450498523790662_7051640417947571580_n-300x200.jpg 300w, https:\/\/conadi.gob.gt\/web\/wp-content\/uploads\/2022\/08\/301797235_450498523790662_7051640417947571580_n-768x512.jpg 768w, https:\/\/conadi.gob.gt\/web\/wp-content\/uploads\/2022\/08\/301797235_450498523790662_7051640417947571580_n-1536x1024.jpg 1536w, https:\/\/conadi.gob.gt\/web\/wp-content\/uploads\/2022\/08\/301797235_450498523790662_7051640417947571580_n-2000x1333.jpg 2000w, https:\/\/conadi.gob.gt\/web\/wp-content\/uploads\/2022\/08\/301797235_450498523790662_7051640417947571580_n.jpg 2048w\" sizes=\"auto, (max-width: 1024px) 100vw, 1024px\" \/><\/figure>\n","protected":false},"excerpt":{"rendered":"<p>A 2 a\u00f1os de la aprobaci\u00f3n del Decreto 3-2020 que reconoce la Lengua de Se\u00f1as de Guatemala LENSEGUA, la Unidad de Lengua de Se\u00f1as del CONADI, llev\u00f3 a cabo el conversatorio \u201cAvances y Desaf\u00edos de la Lengua de Se\u00f1as de Guatemala (LENSEGUA), desde el enfoque de desarrollo humano\u201d, en el marco de los 25 a\u00f1os &hellip; <\/p>\n<p class=\"link-more\"><a href=\"https:\/\/conadi.gob.gt\/web\/conversatorio-avances-y-desafios-de-la-lengua-de-senas-de-guatemala-lensegua\/\" class=\"more-link\">Leer m\u00e1s<span class=\"screen-reader-text\"> \u00abCONVERSATORIO: AVANCES Y DESAF\u00cdOS DE LA LENGUA DE SE\u00d1AS DE GUATEMALA (LENSEGUA)\u00bb<\/span><\/a><\/p>\n","protected":false},"author":12,"featured_media":11648,"comment_status":"closed","ping_status":"closed","sticky":false,"template":"","format":"standard","meta":{"footnotes":""},"categories":[3],"tags":[],"class_list":["post-11642","post","type-post","status-publish","format-standard","has-post-thumbnail","hentry","category-noticias"],"_links":{"self":[{"href":"https:\/\/conadi.gob.gt\/web\/wp-json\/wp\/v2\/posts\/11642","targetHints":{"allow":["GET"]}}],"collection":[{"href":"https:\/\/conadi.gob.gt\/web\/wp-json\/wp\/v2\/posts"}],"about":[{"href":"https:\/\/conadi.gob.gt\/web\/wp-json\/wp\/v2\/types\/post"}],"author":[{"embeddable":true,"href":"https:\/\/conadi.gob.gt\/web\/wp-json\/wp\/v2\/users\/12"}],"replies":[{"embeddable":true,"href":"https:\/\/conadi.gob.gt\/web\/wp-json\/wp\/v2\/comments?post=11642"}],"version-history":[{"count":4,"href":"https:\/\/conadi.gob.gt\/web\/wp-json\/wp\/v2\/posts\/11642\/revisions"}],"predecessor-version":[{"id":11656,"href":"https:\/\/conadi.gob.gt\/web\/wp-json\/wp\/v2\/posts\/11642\/revisions\/11656"}],"wp:featuredmedia":[{"embeddable":true,"href":"https:\/\/conadi.gob.gt\/web\/wp-json\/wp\/v2\/media\/11648"}],"wp:attachment":[{"href":"https:\/\/conadi.gob.gt\/web\/wp-json\/wp\/v2\/media?parent=11642"}],"wp:term":[{"taxonomy":"category","embeddable":true,"href":"https:\/\/conadi.gob.gt\/web\/wp-json\/wp\/v2\/categories?post=11642"},{"taxonomy":"post_tag","embeddable":true,"href":"https:\/\/conadi.gob.gt\/web\/wp-json\/wp\/v2\/tags?post=11642"}],"curies":[{"name":"wp","href":"https:\/\/api.w.org\/{rel}","templated":true}]}}