{"id":11670,"date":"2022-09-05T21:39:00","date_gmt":"2022-09-05T21:39:00","guid":{"rendered":"https:\/\/conadi.gob.gt\/web\/?p=11670"},"modified":"2022-09-06T18:17:24","modified_gmt":"2022-09-06T18:17:24","slug":"reunion-nacional-sobre-el-abordaje-e-inclusion-de-la-poblacion-con-discapacidad-pertenecientes-a-los-pueblos-originarios","status":"publish","type":"post","link":"https:\/\/conadi.gob.gt\/web\/reunion-nacional-sobre-el-abordaje-e-inclusion-de-la-poblacion-con-discapacidad-pertenecientes-a-los-pueblos-originarios\/","title":{"rendered":"REUNI\u00d3N NACIONAL SOBRE EL ABORDAJE E INCLUSI\u00d3N DE LA POBLACI\u00d3N CON DISCAPACIDAD PERTENECIENTES A LOS PUEBLOS ORIGINARIOS"},"content":{"rendered":"\n<p>Un an\u00e1lisis situacional de la poblaci\u00f3n ind\u00edgena con discapacidad fue presentado en la \u201cReuni\u00f3n Nacional sobre el abordaje e inclusi\u00f3n de la poblaci\u00f3n con discapacidad pertenecientes a los pueblos originarios\u201d.<\/p>\n\n\n\n<figure class=\"wp-block-image size-large\"><img loading=\"lazy\" decoding=\"async\" width=\"1024\" height=\"683\" src=\"https:\/\/conadi.gob.gt\/web\/wp-content\/uploads\/2022\/09\/IMG_7075-1024x683.jpg\" alt=\"\" class=\"wp-image-11671\" srcset=\"https:\/\/conadi.gob.gt\/web\/wp-content\/uploads\/2022\/09\/IMG_7075-1024x683.jpg 1024w, https:\/\/conadi.gob.gt\/web\/wp-content\/uploads\/2022\/09\/IMG_7075-300x200.jpg 300w, https:\/\/conadi.gob.gt\/web\/wp-content\/uploads\/2022\/09\/IMG_7075-768x512.jpg 768w, https:\/\/conadi.gob.gt\/web\/wp-content\/uploads\/2022\/09\/IMG_7075-1536x1024.jpg 1536w, https:\/\/conadi.gob.gt\/web\/wp-content\/uploads\/2022\/09\/IMG_7075-2048x1365.jpg 2048w, https:\/\/conadi.gob.gt\/web\/wp-content\/uploads\/2022\/09\/IMG_7075-2000x1333.jpg 2000w\" sizes=\"auto, (max-width: 1024px) 100vw, 1024px\" \/><\/figure>\n\n\n\n<p>Durante el desarrollo de la reuni\u00f3n se realiz\u00f3 un foro, donde participaron profesionales en el tema de pueblos originarios con los temas: Reconocimiento de los pueblos originarios con discapacidad desde un enfoque de Derechos Humanos, Discapacidad desde la perspectiva de la salud incluyente, Indicadores sobre los Derechos Humanos de los pueblos originarios con discapacidad.<\/p>\n\n\n\n<p>En el acto protocolario particip\u00f3 Dania Moscoso, directora general del CONADI, quien destac\u00f3 en su mensaje institucional, la importancia del trabajo en equipo para que se fortalezcan los lazos y estrategias para dar cumplimiento a lo que demanda la Convenci\u00f3n sobre los Derechos de las Personas con Discapacidad. Asimismo, inst\u00f3 a los presentes para hacer incidencia en las instituciones donde laboran y lograr una Guatemala m\u00e1s incluyente. <\/p>\n\n\n\n<figure class=\"wp-block-image size-large\"><img loading=\"lazy\" decoding=\"async\" width=\"1024\" height=\"683\" src=\"https:\/\/conadi.gob.gt\/web\/wp-content\/uploads\/2022\/09\/IMG_7099-1024x683.jpg\" alt=\"\" class=\"wp-image-11672\" srcset=\"https:\/\/conadi.gob.gt\/web\/wp-content\/uploads\/2022\/09\/IMG_7099-1024x683.jpg 1024w, https:\/\/conadi.gob.gt\/web\/wp-content\/uploads\/2022\/09\/IMG_7099-300x200.jpg 300w, https:\/\/conadi.gob.gt\/web\/wp-content\/uploads\/2022\/09\/IMG_7099-768x512.jpg 768w, https:\/\/conadi.gob.gt\/web\/wp-content\/uploads\/2022\/09\/IMG_7099-1536x1024.jpg 1536w, https:\/\/conadi.gob.gt\/web\/wp-content\/uploads\/2022\/09\/IMG_7099-2048x1365.jpg 2048w, https:\/\/conadi.gob.gt\/web\/wp-content\/uploads\/2022\/09\/IMG_7099-2000x1333.jpg 2000w\" sizes=\"auto, (max-width: 1024px) 100vw, 1024px\" \/><\/figure>\n\n\n\n<p>Participaron en la reuni\u00f3n representantes del Sistema de Naciones Unidas, Ministerio de Desarrollo Social (MIDES), MICUDE, MSPAS, SVET, CONJUVE, PDH, MINECO, MARN, MINTRAB, DEMI, MINEX, USAC, Comisi\u00f3n de Lideresas Ind\u00edgenas con discapacidad, Asociaci\u00f3n Jareb Francisco (ASOJEF) de Solol\u00e1, misma que ha sido organizada por el departamento de Incidencia Pol\u00edtica en coordinaci\u00f3n con el departamento de Desarrollo de Investigaci\u00f3n y An\u00e1lisis de la Informaci\u00f3n del CONADI.<\/p>\n\n\n\n<p>En seguimiento al \u00abForo Discapacidad y Pueblos Originarios\u00bb, que se desarroll\u00f3 en la reuni\u00f3n nacional sobre el abordaje e inclusi\u00f3n de la poblaci\u00f3n con discapacidad pertenecientes a los pueblos originarios.<\/p>\n\n\n\n<p>Se cont\u00f3 con la participaci\u00f3n de Byron Paredes, defensor de pueblos ind\u00edgenas de la Procuradur\u00eda de los Derechos Humanos (PDH), abordando el tema: Reconocimiento de los pueblos originarios con discapacidad desde un enfoque de Derechos Humanos, destacando que existe un alto porcentaje de denuncias que recibe la defensor\u00eda sobre discriminaci\u00f3n hacia los pueblos ind\u00edgenas; adem\u00e1s, argument\u00f3 que se han establecido rutas para el abordaje de la tem\u00e1tica de discapacidad y se realizan coordinaciones de manera interinstitucional en el \u00e1mbito nacional, espec\u00edficamente con aquellas que brindan protecci\u00f3n a los derechos humanos de los pueblos ind\u00edgenas.<\/p>\n\n\n\n<figure class=\"wp-block-image size-large\"><img loading=\"lazy\" decoding=\"async\" width=\"1024\" height=\"683\" src=\"https:\/\/conadi.gob.gt\/web\/wp-content\/uploads\/2022\/09\/IMG_7151-1024x683.jpg\" alt=\"\" class=\"wp-image-11673\" srcset=\"https:\/\/conadi.gob.gt\/web\/wp-content\/uploads\/2022\/09\/IMG_7151-1024x683.jpg 1024w, https:\/\/conadi.gob.gt\/web\/wp-content\/uploads\/2022\/09\/IMG_7151-300x200.jpg 300w, https:\/\/conadi.gob.gt\/web\/wp-content\/uploads\/2022\/09\/IMG_7151-768x512.jpg 768w, https:\/\/conadi.gob.gt\/web\/wp-content\/uploads\/2022\/09\/IMG_7151-1536x1024.jpg 1536w, https:\/\/conadi.gob.gt\/web\/wp-content\/uploads\/2022\/09\/IMG_7151-2048x1365.jpg 2048w, https:\/\/conadi.gob.gt\/web\/wp-content\/uploads\/2022\/09\/IMG_7151-2000x1333.jpg 2000w\" sizes=\"auto, (max-width: 1024px) 100vw, 1024px\" \/><\/figure>\n\n\n\n<p>En tanto, Donato Camey, representante del Instituto de Salud Incluyente (ISIS), present\u00f3 algunos datos estad\u00edsticos sobre salud incluyente para las personas con discapacidad, como porcentajes de acceso a rehabilitaci\u00f3n de la poblaci\u00f3n con discapacidad. Asimismo, desarroll\u00f3 el tema de salud desde una perspectiva incluyente, donde mencion\u00f3 la diferencia entre este modelo y el modelo hegem\u00f3nico. Dio a conocer la propuesta de abordaje de la discapacidad desde la visi\u00f3n incluyente, la cual est\u00e1 conformada por directrices como la atenci\u00f3n basaba en red, adscripci\u00f3n poblacional, creaci\u00f3n de planes de emergencia, mecanismos comunitarios y resalt\u00f3 que es importante hacer part\u00edcipes a las personas con discapacidad en la comunidad para la toma de decisiones y mejorar los accesos en todos los \u00e1mbitos; la salud debe de darse con pertinencia cultural basados en los modelos de salud, especialmente los de origen ancestral y popular.<\/p>\n\n\n\n<figure class=\"wp-block-image size-large\"><img loading=\"lazy\" decoding=\"async\" width=\"1024\" height=\"683\" src=\"https:\/\/conadi.gob.gt\/web\/wp-content\/uploads\/2022\/09\/IMG_7165-1024x683.jpg\" alt=\"\" class=\"wp-image-11681\" srcset=\"https:\/\/conadi.gob.gt\/web\/wp-content\/uploads\/2022\/09\/IMG_7165-1024x683.jpg 1024w, https:\/\/conadi.gob.gt\/web\/wp-content\/uploads\/2022\/09\/IMG_7165-300x200.jpg 300w, https:\/\/conadi.gob.gt\/web\/wp-content\/uploads\/2022\/09\/IMG_7165-768x512.jpg 768w, https:\/\/conadi.gob.gt\/web\/wp-content\/uploads\/2022\/09\/IMG_7165-1536x1024.jpg 1536w, https:\/\/conadi.gob.gt\/web\/wp-content\/uploads\/2022\/09\/IMG_7165-2048x1365.jpg 2048w, https:\/\/conadi.gob.gt\/web\/wp-content\/uploads\/2022\/09\/IMG_7165-2000x1333.jpg 2000w\" sizes=\"auto, (max-width: 1024px) 100vw, 1024px\" \/><\/figure>\n\n\n\n<p>Esteban G\u00f3mez, jefe del departamento de Desarrollo de Investigaci\u00f3n y An\u00e1lisis de la informaci\u00f3n del CONADI, dio a conocer los indicadores sobre los Derechos Humanos de los pueblos originarios con discapacidad, resaltando que la mayor cantidad de personas con discapacidad dentro de los pueblos ind\u00edgenas se encuentran en el departamento de Alta Verapaz, Quiche y Huehuetenango.<\/p>\n\n\n\n<figure class=\"wp-block-image size-large\"><img loading=\"lazy\" decoding=\"async\" width=\"1024\" height=\"683\" src=\"https:\/\/conadi.gob.gt\/web\/wp-content\/uploads\/2022\/09\/IMG_7087-1024x683.jpg\" alt=\"\" class=\"wp-image-11682\" srcset=\"https:\/\/conadi.gob.gt\/web\/wp-content\/uploads\/2022\/09\/IMG_7087-1024x683.jpg 1024w, https:\/\/conadi.gob.gt\/web\/wp-content\/uploads\/2022\/09\/IMG_7087-300x200.jpg 300w, https:\/\/conadi.gob.gt\/web\/wp-content\/uploads\/2022\/09\/IMG_7087-768x512.jpg 768w, https:\/\/conadi.gob.gt\/web\/wp-content\/uploads\/2022\/09\/IMG_7087-1536x1024.jpg 1536w, https:\/\/conadi.gob.gt\/web\/wp-content\/uploads\/2022\/09\/IMG_7087-2048x1365.jpg 2048w, https:\/\/conadi.gob.gt\/web\/wp-content\/uploads\/2022\/09\/IMG_7087-2000x1333.jpg 2000w\" sizes=\"auto, (max-width: 1024px) 100vw, 1024px\" \/><\/figure>\n\n\n\n<p>Para este foro, se cont\u00f3 con la participaci\u00f3n de Zilpa Arriola, representante de Oficina del Alto Comisionado de las Naciones Unidas para los Derechos Humanos (OACNUDH), como moderadora.<\/p>\n\n\n\n<figure class=\"wp-block-image size-large\"><img loading=\"lazy\" decoding=\"async\" width=\"1024\" height=\"683\" src=\"https:\/\/conadi.gob.gt\/web\/wp-content\/uploads\/2022\/09\/IMG_7139-1024x683.jpg\" alt=\"\" class=\"wp-image-11676\" srcset=\"https:\/\/conadi.gob.gt\/web\/wp-content\/uploads\/2022\/09\/IMG_7139-1024x683.jpg 1024w, https:\/\/conadi.gob.gt\/web\/wp-content\/uploads\/2022\/09\/IMG_7139-300x200.jpg 300w, https:\/\/conadi.gob.gt\/web\/wp-content\/uploads\/2022\/09\/IMG_7139-768x512.jpg 768w, https:\/\/conadi.gob.gt\/web\/wp-content\/uploads\/2022\/09\/IMG_7139-1536x1024.jpg 1536w, https:\/\/conadi.gob.gt\/web\/wp-content\/uploads\/2022\/09\/IMG_7139-2048x1365.jpg 2048w, https:\/\/conadi.gob.gt\/web\/wp-content\/uploads\/2022\/09\/IMG_7139-2000x1333.jpg 2000w\" sizes=\"auto, (max-width: 1024px) 100vw, 1024px\" \/><\/figure>\n\n\n\n<p>Posteriormente, Dolmary Nicol\u00e1s, T\u00e9cnico del Depto. de Incidencia Pol\u00edtica, CONADI, present\u00f3 las acciones realizadas en el abordaje de los pueblos originarios con discapacidad que ha dado seguimiento el CONADI en respuesta a las recomendaciones de pa\u00eds, realizadas por el Comit\u00e9 de Expertos sobre los Derechos de las Personas con Discapacidad emitidas en el 2016.<\/p>\n\n\n\n<figure class=\"wp-block-image size-large\"><img loading=\"lazy\" decoding=\"async\" width=\"1024\" height=\"683\" src=\"https:\/\/conadi.gob.gt\/web\/wp-content\/uploads\/2022\/09\/IMG_7179-1024x683.jpg\" alt=\"\" class=\"wp-image-11677\" srcset=\"https:\/\/conadi.gob.gt\/web\/wp-content\/uploads\/2022\/09\/IMG_7179-1024x683.jpg 1024w, https:\/\/conadi.gob.gt\/web\/wp-content\/uploads\/2022\/09\/IMG_7179-300x200.jpg 300w, https:\/\/conadi.gob.gt\/web\/wp-content\/uploads\/2022\/09\/IMG_7179-768x512.jpg 768w, https:\/\/conadi.gob.gt\/web\/wp-content\/uploads\/2022\/09\/IMG_7179-1536x1024.jpg 1536w, https:\/\/conadi.gob.gt\/web\/wp-content\/uploads\/2022\/09\/IMG_7179-2048x1365.jpg 2048w, https:\/\/conadi.gob.gt\/web\/wp-content\/uploads\/2022\/09\/IMG_7179-2000x1333.jpg 2000w\" sizes=\"auto, (max-width: 1024px) 100vw, 1024px\" \/><\/figure>\n\n\n\n<p><\/p>\n","protected":false},"excerpt":{"rendered":"<p>Un an\u00e1lisis situacional de la poblaci\u00f3n ind\u00edgena con discapacidad fue presentado en la \u201cReuni\u00f3n Nacional sobre el abordaje e inclusi\u00f3n de la poblaci\u00f3n con discapacidad pertenecientes a los pueblos originarios\u201d. Durante el desarrollo de la reuni\u00f3n se realiz\u00f3 un foro, donde participaron profesionales en el tema de pueblos originarios con los temas: Reconocimiento de los &hellip; <\/p>\n<p class=\"link-more\"><a href=\"https:\/\/conadi.gob.gt\/web\/reunion-nacional-sobre-el-abordaje-e-inclusion-de-la-poblacion-con-discapacidad-pertenecientes-a-los-pueblos-originarios\/\" class=\"more-link\">Leer m\u00e1s<span class=\"screen-reader-text\"> \u00abREUNI\u00d3N NACIONAL SOBRE EL ABORDAJE E INCLUSI\u00d3N DE LA POBLACI\u00d3N CON DISCAPACIDAD PERTENECIENTES A LOS PUEBLOS ORIGINARIOS\u00bb<\/span><\/a><\/p>\n","protected":false},"author":12,"featured_media":11671,"comment_status":"closed","ping_status":"closed","sticky":false,"template":"","format":"standard","meta":{"footnotes":""},"categories":[3],"tags":[],"class_list":["post-11670","post","type-post","status-publish","format-standard","has-post-thumbnail","hentry","category-noticias"],"_links":{"self":[{"href":"https:\/\/conadi.gob.gt\/web\/wp-json\/wp\/v2\/posts\/11670","targetHints":{"allow":["GET"]}}],"collection":[{"href":"https:\/\/conadi.gob.gt\/web\/wp-json\/wp\/v2\/posts"}],"about":[{"href":"https:\/\/conadi.gob.gt\/web\/wp-json\/wp\/v2\/types\/post"}],"author":[{"embeddable":true,"href":"https:\/\/conadi.gob.gt\/web\/wp-json\/wp\/v2\/users\/12"}],"replies":[{"embeddable":true,"href":"https:\/\/conadi.gob.gt\/web\/wp-json\/wp\/v2\/comments?post=11670"}],"version-history":[{"count":3,"href":"https:\/\/conadi.gob.gt\/web\/wp-json\/wp\/v2\/posts\/11670\/revisions"}],"predecessor-version":[{"id":11706,"href":"https:\/\/conadi.gob.gt\/web\/wp-json\/wp\/v2\/posts\/11670\/revisions\/11706"}],"wp:featuredmedia":[{"embeddable":true,"href":"https:\/\/conadi.gob.gt\/web\/wp-json\/wp\/v2\/media\/11671"}],"wp:attachment":[{"href":"https:\/\/conadi.gob.gt\/web\/wp-json\/wp\/v2\/media?parent=11670"}],"wp:term":[{"taxonomy":"category","embeddable":true,"href":"https:\/\/conadi.gob.gt\/web\/wp-json\/wp\/v2\/categories?post=11670"},{"taxonomy":"post_tag","embeddable":true,"href":"https:\/\/conadi.gob.gt\/web\/wp-json\/wp\/v2\/tags?post=11670"}],"curies":[{"name":"wp","href":"https:\/\/api.w.org\/{rel}","templated":true}]}}