{"id":11684,"date":"2022-09-06T17:00:53","date_gmt":"2022-09-06T17:00:53","guid":{"rendered":"https:\/\/conadi.gob.gt\/web\/?p=11684"},"modified":"2022-09-12T22:19:38","modified_gmt":"2022-09-12T22:19:38","slug":"programa-de-voluntarios-japoneses","status":"publish","type":"post","link":"https:\/\/conadi.gob.gt\/web\/programa-de-voluntarios-japoneses\/","title":{"rendered":"VOLUNTARIA JAPONESA BRINDAR\u00c1 APOYO AL CAIPD"},"content":{"rendered":"\n<p>En seguimiento al compromiso adquirido con el programa de voluntarios japoneses de la Agencia de Cooperaci\u00f3n Internacional del Jap\u00f3n en Guatemala (JICA Guatemala), el Consejo para la Atenci\u00f3n de Personas con Discapacidad (CONADI), asisti\u00f3 a \u201cReuni\u00f3n de entrega oficial de voluntarios a instituciones contrapartes\u201d.<\/p>\n\n\n\n<figure class=\"wp-block-image size-large\"><img loading=\"lazy\" decoding=\"async\" width=\"1024\" height=\"682\" src=\"https:\/\/conadi.gob.gt\/web\/wp-content\/uploads\/2022\/09\/WhatsApp-Image-2022-09-01-at-11.17.48-1024x682.jpeg\" alt=\"\" class=\"wp-image-11686\" srcset=\"https:\/\/conadi.gob.gt\/web\/wp-content\/uploads\/2022\/09\/WhatsApp-Image-2022-09-01-at-11.17.48-1024x682.jpeg 1024w, https:\/\/conadi.gob.gt\/web\/wp-content\/uploads\/2022\/09\/WhatsApp-Image-2022-09-01-at-11.17.48-300x200.jpeg 300w, https:\/\/conadi.gob.gt\/web\/wp-content\/uploads\/2022\/09\/WhatsApp-Image-2022-09-01-at-11.17.48-768x512.jpeg 768w, https:\/\/conadi.gob.gt\/web\/wp-content\/uploads\/2022\/09\/WhatsApp-Image-2022-09-01-at-11.17.48.jpeg 1280w\" sizes=\"auto, (max-width: 1024px) 100vw, 1024px\" \/><\/figure>\n\n\n\n<p>Yukiko Watanabe, voluntaria que trabajar\u00e1 y apoyar\u00e1 al Centro de atenci\u00f3n integral para personas con discapacidad (CAIPD), en conjunto con CONADI en programas que buscan beneficiar a las comunidades del municipio de San Ger\u00f3nimo, Baja Verapaz. <\/p>\n\n\n\n<figure class=\"wp-block-image size-large\"><img loading=\"lazy\" decoding=\"async\" width=\"1024\" height=\"682\" src=\"https:\/\/conadi.gob.gt\/web\/wp-content\/uploads\/2022\/09\/WhatsApp-Image-2022-09-01-at-11.17.13-2-1024x682.jpeg\" alt=\"\" class=\"wp-image-11687\" srcset=\"https:\/\/conadi.gob.gt\/web\/wp-content\/uploads\/2022\/09\/WhatsApp-Image-2022-09-01-at-11.17.13-2-1024x682.jpeg 1024w, https:\/\/conadi.gob.gt\/web\/wp-content\/uploads\/2022\/09\/WhatsApp-Image-2022-09-01-at-11.17.13-2-300x200.jpeg 300w, https:\/\/conadi.gob.gt\/web\/wp-content\/uploads\/2022\/09\/WhatsApp-Image-2022-09-01-at-11.17.13-2-768x512.jpeg 768w, https:\/\/conadi.gob.gt\/web\/wp-content\/uploads\/2022\/09\/WhatsApp-Image-2022-09-01-at-11.17.13-2.jpeg 1280w\" sizes=\"auto, (max-width: 1024px) 100vw, 1024px\" \/><\/figure>\n\n\n\n<p>Mar\u00eda Aguilar, especialista de la Direcci\u00f3n de Gesti\u00f3n de Secretar\u00eda de Planificaci\u00f3n y Programaci\u00f3n de la Presidencia de la Rep\u00fablica de Guatemala (SEGEPLAN), indic\u00f3 que el objetivo del programa de voluntarios es el fortalecimiento de las instituciones en los requerimientos que soliciten.<\/p>\n\n\n\n<p>Los voluntarios se desempe\u00f1ar\u00e1n en los departamentos de Baja Verapaz, Totonicap\u00e1n, Quich\u00e9 y Alta Verapaz. En representaci\u00f3n del CONADI participaron Clarivel Castillo, presidenta del Consejo y Fausto Reyes, director t\u00e9cnico.<\/p>\n\n\n\n<p>\u00abHoy se une Yukiko Watanabe, a la familia del Centro de Atenci\u00f3n Integral para Personas con Discapacidad (CAIPD) de la municipalidad de San Ger\u00f3nimo y al Consejo Nacional para la Atenci\u00f3n de las Personas con Discapacidad (CONADI)\u00bb, dio a conocer Clarivel Castillo, presidenta del CONADI. Con motivo presentar a la especialista en trabajo social en desarrollo comunitario con el equipo de colaboradores que integran la atenci\u00f3n del CAIPD, con quienes trabajar\u00e1 durante dos a\u00f1os a partir del d\u00eda viernes 2 de septiembre del a\u00f1o en curso.<\/p>\n\n\n\n<figure class=\"wp-block-image size-large\"><img loading=\"lazy\" decoding=\"async\" width=\"1024\" height=\"682\" src=\"https:\/\/conadi.gob.gt\/web\/wp-content\/uploads\/2022\/09\/WhatsApp-Image-2022-09-02-at-13.04.12-2-1024x682.jpeg\" alt=\"\" class=\"wp-image-11690\" srcset=\"https:\/\/conadi.gob.gt\/web\/wp-content\/uploads\/2022\/09\/WhatsApp-Image-2022-09-02-at-13.04.12-2-1024x682.jpeg 1024w, https:\/\/conadi.gob.gt\/web\/wp-content\/uploads\/2022\/09\/WhatsApp-Image-2022-09-02-at-13.04.12-2-300x200.jpeg 300w, https:\/\/conadi.gob.gt\/web\/wp-content\/uploads\/2022\/09\/WhatsApp-Image-2022-09-02-at-13.04.12-2-768x512.jpeg 768w, https:\/\/conadi.gob.gt\/web\/wp-content\/uploads\/2022\/09\/WhatsApp-Image-2022-09-02-at-13.04.12-2.jpeg 1280w\" sizes=\"auto, (max-width: 1024px) 100vw, 1024px\" \/><\/figure>\n\n\n\n<p>Lady Alvarado, administradora del CAIPD, recibi\u00f3 a la voluntaria y expres\u00f3 su agradecimiento por el apoyo que brindar\u00e1. <\/p>\n\n\n\n<p>Jos\u00e9 Rolando Mej\u00eda, S\u00edndico II de la municipalidad, expres\u00f3 la importancia de la igualdad de condiciones y acciones para que la Poblaci\u00f3n con discapacidad del municipio. Se\u00f1al\u00f3 que el contar con la experiencia de la se\u00f1orita Watanabe, fortalecer\u00e1 el recurso humano y enriquecer\u00e1 la integraci\u00f3n de las personas con discapacidad al objetivo de desarrollo social del CAIPD.<\/p>\n\n\n\n<figure class=\"wp-block-image size-large\"><img loading=\"lazy\" decoding=\"async\" width=\"1024\" height=\"682\" src=\"https:\/\/conadi.gob.gt\/web\/wp-content\/uploads\/2022\/09\/WhatsApp-Image-2022-09-02-at-13.02.58-1024x682.jpeg\" alt=\"\" class=\"wp-image-11689\" srcset=\"https:\/\/conadi.gob.gt\/web\/wp-content\/uploads\/2022\/09\/WhatsApp-Image-2022-09-02-at-13.02.58-1024x682.jpeg 1024w, https:\/\/conadi.gob.gt\/web\/wp-content\/uploads\/2022\/09\/WhatsApp-Image-2022-09-02-at-13.02.58-300x200.jpeg 300w, https:\/\/conadi.gob.gt\/web\/wp-content\/uploads\/2022\/09\/WhatsApp-Image-2022-09-02-at-13.02.58-768x512.jpeg 768w, https:\/\/conadi.gob.gt\/web\/wp-content\/uploads\/2022\/09\/WhatsApp-Image-2022-09-02-at-13.02.58.jpeg 1280w\" sizes=\"auto, (max-width: 1024px) 100vw, 1024px\" \/><\/figure>\n\n\n\n<p>Un recorrido por las instalaciones del Centro de Atenci\u00f3n Integral para Personas con Discapacidad de San Jer\u00f3nimo, Baja Verapaz, llev\u00f3 a cabo Yukiko Watanabe, trabajadora social en desarrollo comunitario del programa de voluntarios japoneses de la Agencia de Cooperaci\u00f3n Internacional del Jap\u00f3n en Guatemala (JICA Guatemala) acompa\u00f1ada de la presidenta del Conadi, Clarivel Castillo y t\u00e9cnicos de la instituci\u00f3n.<\/p>\n\n\n\n<figure class=\"wp-block-image size-large\"><img loading=\"lazy\" decoding=\"async\" width=\"1024\" height=\"682\" src=\"https:\/\/conadi.gob.gt\/web\/wp-content\/uploads\/2022\/09\/WhatsApp-Image-2022-09-02-at-13.30.00-1024x682.jpeg\" alt=\"\" class=\"wp-image-11691\" srcset=\"https:\/\/conadi.gob.gt\/web\/wp-content\/uploads\/2022\/09\/WhatsApp-Image-2022-09-02-at-13.30.00-1024x682.jpeg 1024w, https:\/\/conadi.gob.gt\/web\/wp-content\/uploads\/2022\/09\/WhatsApp-Image-2022-09-02-at-13.30.00-300x200.jpeg 300w, https:\/\/conadi.gob.gt\/web\/wp-content\/uploads\/2022\/09\/WhatsApp-Image-2022-09-02-at-13.30.00-768x512.jpeg 768w, https:\/\/conadi.gob.gt\/web\/wp-content\/uploads\/2022\/09\/WhatsApp-Image-2022-09-02-at-13.30.00.jpeg 1280w\" sizes=\"auto, (max-width: 1024px) 100vw, 1024px\" \/><\/figure>\n\n\n\n<p>Asimismo, la voluntaria asi\u00e1tica conoci\u00f3 las instalaciones de la municipalidad, polic\u00eda nacional y de la Direcci\u00f3n Municipal de la Mujer (DMM), dependencias que se desempe\u00f1an como canal de comunicaci\u00f3n con las comunidades donde se trabaja en apoyo a las personas con discapacidad.<\/p>\n\n\n\n<figure class=\"wp-block-image size-large\"><img loading=\"lazy\" decoding=\"async\" width=\"1024\" height=\"682\" src=\"https:\/\/conadi.gob.gt\/web\/wp-content\/uploads\/2022\/09\/WhatsApp-Image-2022-09-02-at-13.29.59-1024x682.jpeg\" alt=\"\" class=\"wp-image-11692\" srcset=\"https:\/\/conadi.gob.gt\/web\/wp-content\/uploads\/2022\/09\/WhatsApp-Image-2022-09-02-at-13.29.59-1024x682.jpeg 1024w, https:\/\/conadi.gob.gt\/web\/wp-content\/uploads\/2022\/09\/WhatsApp-Image-2022-09-02-at-13.29.59-300x200.jpeg 300w, https:\/\/conadi.gob.gt\/web\/wp-content\/uploads\/2022\/09\/WhatsApp-Image-2022-09-02-at-13.29.59-768x512.jpeg 768w, https:\/\/conadi.gob.gt\/web\/wp-content\/uploads\/2022\/09\/WhatsApp-Image-2022-09-02-at-13.29.59.jpeg 1280w\" sizes=\"auto, (max-width: 1024px) 100vw, 1024px\" \/><\/figure>\n\n\n\n<p><\/p>\n","protected":false},"excerpt":{"rendered":"<p>En seguimiento al compromiso adquirido con el programa de voluntarios japoneses de la Agencia de Cooperaci\u00f3n Internacional del Jap\u00f3n en Guatemala (JICA Guatemala), el Consejo para la Atenci\u00f3n de Personas con Discapacidad (CONADI), asisti\u00f3 a \u201cReuni\u00f3n de entrega oficial de voluntarios a instituciones contrapartes\u201d. Yukiko Watanabe, voluntaria que trabajar\u00e1 y apoyar\u00e1 al Centro de atenci\u00f3n &hellip; <\/p>\n<p class=\"link-more\"><a href=\"https:\/\/conadi.gob.gt\/web\/programa-de-voluntarios-japoneses\/\" class=\"more-link\">Leer m\u00e1s<span class=\"screen-reader-text\"> \u00abVOLUNTARIA JAPONESA BRINDAR\u00c1 APOYO AL CAIPD\u00bb<\/span><\/a><\/p>\n","protected":false},"author":12,"featured_media":11686,"comment_status":"closed","ping_status":"closed","sticky":false,"template":"","format":"standard","meta":{"footnotes":""},"categories":[3],"tags":[],"class_list":["post-11684","post","type-post","status-publish","format-standard","has-post-thumbnail","hentry","category-noticias"],"_links":{"self":[{"href":"https:\/\/conadi.gob.gt\/web\/wp-json\/wp\/v2\/posts\/11684","targetHints":{"allow":["GET"]}}],"collection":[{"href":"https:\/\/conadi.gob.gt\/web\/wp-json\/wp\/v2\/posts"}],"about":[{"href":"https:\/\/conadi.gob.gt\/web\/wp-json\/wp\/v2\/types\/post"}],"author":[{"embeddable":true,"href":"https:\/\/conadi.gob.gt\/web\/wp-json\/wp\/v2\/users\/12"}],"replies":[{"embeddable":true,"href":"https:\/\/conadi.gob.gt\/web\/wp-json\/wp\/v2\/comments?post=11684"}],"version-history":[{"count":2,"href":"https:\/\/conadi.gob.gt\/web\/wp-json\/wp\/v2\/posts\/11684\/revisions"}],"predecessor-version":[{"id":11797,"href":"https:\/\/conadi.gob.gt\/web\/wp-json\/wp\/v2\/posts\/11684\/revisions\/11797"}],"wp:featuredmedia":[{"embeddable":true,"href":"https:\/\/conadi.gob.gt\/web\/wp-json\/wp\/v2\/media\/11686"}],"wp:attachment":[{"href":"https:\/\/conadi.gob.gt\/web\/wp-json\/wp\/v2\/media?parent=11684"}],"wp:term":[{"taxonomy":"category","embeddable":true,"href":"https:\/\/conadi.gob.gt\/web\/wp-json\/wp\/v2\/categories?post=11684"},{"taxonomy":"post_tag","embeddable":true,"href":"https:\/\/conadi.gob.gt\/web\/wp-json\/wp\/v2\/tags?post=11684"}],"curies":[{"name":"wp","href":"https:\/\/api.w.org\/{rel}","templated":true}]}}