{"id":11694,"date":"2022-09-28T16:47:12","date_gmt":"2022-09-28T16:47:12","guid":{"rendered":"https:\/\/conadi.gob.gt\/web\/?p=11694"},"modified":"2022-09-28T20:23:13","modified_gmt":"2022-09-28T20:23:13","slug":"taller-participacion-ciudadana-civica-y-politica","status":"publish","type":"post","link":"https:\/\/conadi.gob.gt\/web\/taller-participacion-ciudadana-civica-y-politica\/","title":{"rendered":"TALLER \u201cPARTICIPACI\u00d3N CIUDADANA, C\u00cdVICA Y POL\u00cdTICA\u201d"},"content":{"rendered":"\n<p>Para fortalecer las capacidades y promover la inclusi\u00f3n de las personas con discapacidad, se realiz\u00f3 el taller \u201cParticipaci\u00f3n ciudadana, c\u00edvica y pol\u00edtica\u201d,  dirigido a representantes de organizaciones adscritas al CONADI, en Panajachel, Solol\u00e1. Con esta acci\u00f3n se busca dar cumplimiento al art\u00edculo 29 \u00abParticipaci\u00f3n en la vida pol\u00edtica y p\u00fablica\u00bb de la Convenci\u00f3n Sobre los Derechos de las Personas con Discapacidad.<\/p>\n\n\n\n<figure class=\"wp-block-image size-large\"><img loading=\"lazy\" decoding=\"async\" width=\"1024\" height=\"682\" src=\"https:\/\/conadi.gob.gt\/web\/wp-content\/uploads\/2022\/09\/WhatsApp-Image-2022-09-01-at-15.53.48-1024x682.jpeg\" alt=\"\" class=\"wp-image-11697\" srcset=\"https:\/\/conadi.gob.gt\/web\/wp-content\/uploads\/2022\/09\/WhatsApp-Image-2022-09-01-at-15.53.48-1024x682.jpeg 1024w, https:\/\/conadi.gob.gt\/web\/wp-content\/uploads\/2022\/09\/WhatsApp-Image-2022-09-01-at-15.53.48-300x200.jpeg 300w, https:\/\/conadi.gob.gt\/web\/wp-content\/uploads\/2022\/09\/WhatsApp-Image-2022-09-01-at-15.53.48-768x512.jpeg 768w, https:\/\/conadi.gob.gt\/web\/wp-content\/uploads\/2022\/09\/WhatsApp-Image-2022-09-01-at-15.53.48.jpeg 1280w\" sizes=\"auto, (max-width: 1024px) 100vw, 1024px\" \/><\/figure>\n\n\n\n<p>Alrededor de 42 representantes de organizaciones de personas con discapacidad se capacitaron en los temas de ciudadan\u00eda, autoridades electorales, organizaciones pol\u00edticas y proceso electoral. El taller fue organizado por la Comisi\u00f3n de Fortalecimiento de las personas con discapacidad para el fomento de su participaci\u00f3n ciudadana con el apoyo del departamento de Participaci\u00f3n Ciudadana del CONADI en coordinaci\u00f3n con el Tribunal Supremo Electoral.<\/p>\n\n\n\n<p>En el un acto protocolario donde participaron Karina Rodr\u00edguez, miembro de Junta Directiva del CONADI; Eduardo Curruchich, subcoordinador de la Comisi\u00f3n de Fortalecimiento de las Personas con Discapacidad para el Fomento de su Participaci\u00f3n Ciudadana del Consejo y Victoria Aldana Morales, jefa del departamento de Capacitaci\u00f3n Interna del Tribunal Supremo Electoral.<\/p>\n\n\n\n<figure class=\"wp-block-image size-large\"><img loading=\"lazy\" decoding=\"async\" width=\"1024\" height=\"683\" src=\"https:\/\/conadi.gob.gt\/web\/wp-content\/uploads\/2022\/09\/IMG_7268-1024x683.jpg\" alt=\"\" class=\"wp-image-11698\" srcset=\"https:\/\/conadi.gob.gt\/web\/wp-content\/uploads\/2022\/09\/IMG_7268-1024x683.jpg 1024w, https:\/\/conadi.gob.gt\/web\/wp-content\/uploads\/2022\/09\/IMG_7268-300x200.jpg 300w, https:\/\/conadi.gob.gt\/web\/wp-content\/uploads\/2022\/09\/IMG_7268-768x512.jpg 768w, https:\/\/conadi.gob.gt\/web\/wp-content\/uploads\/2022\/09\/IMG_7268-1536x1024.jpg 1536w, https:\/\/conadi.gob.gt\/web\/wp-content\/uploads\/2022\/09\/IMG_7268-2048x1365.jpg 2048w, https:\/\/conadi.gob.gt\/web\/wp-content\/uploads\/2022\/09\/IMG_7268-2000x1333.jpg 2000w\" sizes=\"auto, (max-width: 1024px) 100vw, 1024px\" \/><\/figure>\n\n\n\n<p>En su mensaje institucional Rodr\u00edguez, destac\u00f3 la importancia de capacitar a los miembros de las organizaciones de personas con discapacidad del CONADI para que les permita fomentar acciones de desarrollo, visibilizaci\u00f3n e inclusi\u00f3n de las personas que viven en condici\u00f3n de discapacidad y ejercer el pleno goce de sus derechos como ciudadanos, participando en la vida pol\u00edtica y p\u00fablica.<\/p>\n\n\n\n<p>En el taller se realiz\u00f3 actividad de integraci\u00f3n, donde cada mesa nombr\u00f3 a un representante para conocer \u00bfCu\u00e1l es la misi\u00f3n de participaci\u00f3n en el taller?. Entre las respuestas que brindaron los participantes, est\u00e1 el lograr integraci\u00f3n, inclusi\u00f3n, empoderamiento, respeto y participaci\u00f3n en los procesos electorales y participaci\u00f3n pol\u00edtica y p\u00fablica. La actividad estuvo a cargo de la Dra. Karina Rodr\u00edguez, integrante de la Comisi\u00f3n de Fortalecimiento de las Personas con Discapacidad para el Fomento de su Participaci\u00f3n Ciudadana del CONADI.<\/p>\n\n\n\n<figure class=\"wp-block-image size-large\"><img loading=\"lazy\" decoding=\"async\" width=\"1024\" height=\"683\" src=\"https:\/\/conadi.gob.gt\/web\/wp-content\/uploads\/2022\/09\/305095442_455085383331976_5159087912324541660_n-1024x683.jpg\" alt=\"\" class=\"wp-image-11699\" srcset=\"https:\/\/conadi.gob.gt\/web\/wp-content\/uploads\/2022\/09\/305095442_455085383331976_5159087912324541660_n-1024x683.jpg 1024w, https:\/\/conadi.gob.gt\/web\/wp-content\/uploads\/2022\/09\/305095442_455085383331976_5159087912324541660_n-300x200.jpg 300w, https:\/\/conadi.gob.gt\/web\/wp-content\/uploads\/2022\/09\/305095442_455085383331976_5159087912324541660_n-768x512.jpg 768w, https:\/\/conadi.gob.gt\/web\/wp-content\/uploads\/2022\/09\/305095442_455085383331976_5159087912324541660_n-1536x1024.jpg 1536w, https:\/\/conadi.gob.gt\/web\/wp-content\/uploads\/2022\/09\/305095442_455085383331976_5159087912324541660_n-2000x1333.jpg 2000w, https:\/\/conadi.gob.gt\/web\/wp-content\/uploads\/2022\/09\/305095442_455085383331976_5159087912324541660_n.jpg 2048w\" sizes=\"auto, (max-width: 1024px) 100vw, 1024px\" \/><\/figure>\n\n\n\n<p>Posteriormente, la Licda. Victoria Aldana Morales, jefa del departamento de Capacitaci\u00f3n Interna del Tribunal Supremo Electoral, abord\u00f3 los derechos y obligaciones de la ciudadan\u00eda, la importancia del empadronamiento y actualizaci\u00f3n de datos para que en las pr\u00f3ximas elecciones en el padr\u00f3n electoral asigne un centro de votaci\u00f3n cerca de la residencia; identificar quienes son las autoridades, c\u00f3mo se integran, sus funciones y \u00f3rganos electorales; tambi\u00e9n, reconocer las diferencias entre las organizaciones pol\u00edticas, las funciones de cada una; as\u00ed como reconocer las etapas del proceso y las actividades que se pueden realizar en cada una de ellas.<\/p>\n\n\n\n<figure class=\"wp-block-image size-large\"><img loading=\"lazy\" decoding=\"async\" width=\"1024\" height=\"683\" src=\"https:\/\/conadi.gob.gt\/web\/wp-content\/uploads\/2022\/09\/304956484_455087346665113_7628005931369603785_n-1024x683.jpg\" alt=\"\" class=\"wp-image-11701\" srcset=\"https:\/\/conadi.gob.gt\/web\/wp-content\/uploads\/2022\/09\/304956484_455087346665113_7628005931369603785_n-1024x683.jpg 1024w, https:\/\/conadi.gob.gt\/web\/wp-content\/uploads\/2022\/09\/304956484_455087346665113_7628005931369603785_n-300x200.jpg 300w, https:\/\/conadi.gob.gt\/web\/wp-content\/uploads\/2022\/09\/304956484_455087346665113_7628005931369603785_n-768x512.jpg 768w, https:\/\/conadi.gob.gt\/web\/wp-content\/uploads\/2022\/09\/304956484_455087346665113_7628005931369603785_n-1536x1024.jpg 1536w, https:\/\/conadi.gob.gt\/web\/wp-content\/uploads\/2022\/09\/304956484_455087346665113_7628005931369603785_n-2000x1333.jpg 2000w, https:\/\/conadi.gob.gt\/web\/wp-content\/uploads\/2022\/09\/304956484_455087346665113_7628005931369603785_n.jpg 2048w\" sizes=\"auto, (max-width: 1024px) 100vw, 1024px\" \/><\/figure>\n\n\n\n<p>Al finalizar el taller, fue entregado un diploma de participaci\u00f3n a cada uno de los representantes de las organizaciones de personas con discapacidad, mismo que fue entregado por los representantes de la Comisi\u00f3n de Fortalecimiento de las Personas con Discapacidad para el Fomento de su Participaci\u00f3n Ciudadana del CONADI.<\/p>\n\n\n\n<figure class=\"wp-block-image size-large\"><img loading=\"lazy\" decoding=\"async\" width=\"1024\" height=\"683\" src=\"https:\/\/conadi.gob.gt\/web\/wp-content\/uploads\/2022\/09\/305028818_455095899997591_9040496686098381280_n-1024x683.jpg\" alt=\"\" class=\"wp-image-11703\" srcset=\"https:\/\/conadi.gob.gt\/web\/wp-content\/uploads\/2022\/09\/305028818_455095899997591_9040496686098381280_n-1024x683.jpg 1024w, https:\/\/conadi.gob.gt\/web\/wp-content\/uploads\/2022\/09\/305028818_455095899997591_9040496686098381280_n-300x200.jpg 300w, https:\/\/conadi.gob.gt\/web\/wp-content\/uploads\/2022\/09\/305028818_455095899997591_9040496686098381280_n-768x512.jpg 768w, https:\/\/conadi.gob.gt\/web\/wp-content\/uploads\/2022\/09\/305028818_455095899997591_9040496686098381280_n-1536x1024.jpg 1536w, https:\/\/conadi.gob.gt\/web\/wp-content\/uploads\/2022\/09\/305028818_455095899997591_9040496686098381280_n-2000x1333.jpg 2000w, https:\/\/conadi.gob.gt\/web\/wp-content\/uploads\/2022\/09\/305028818_455095899997591_9040496686098381280_n.jpg 2048w\" sizes=\"auto, (max-width: 1024px) 100vw, 1024px\" \/><\/figure>\n\n\n\n<p><\/p>\n","protected":false},"excerpt":{"rendered":"<p>Para fortalecer las capacidades y promover la inclusi\u00f3n de las personas con discapacidad, se realiz\u00f3 el taller \u201cParticipaci\u00f3n ciudadana, c\u00edvica y pol\u00edtica\u201d, dirigido a representantes de organizaciones adscritas al CONADI, en Panajachel, Solol\u00e1. Con esta acci\u00f3n se busca dar cumplimiento al art\u00edculo 29 \u00abParticipaci\u00f3n en la vida pol\u00edtica y p\u00fablica\u00bb de la Convenci\u00f3n Sobre los &hellip; <\/p>\n<p class=\"link-more\"><a href=\"https:\/\/conadi.gob.gt\/web\/taller-participacion-ciudadana-civica-y-politica\/\" class=\"more-link\">Leer m\u00e1s<span class=\"screen-reader-text\"> \u00abTALLER \u201cPARTICIPACI\u00d3N CIUDADANA, C\u00cdVICA Y POL\u00cdTICA\u201d\u00bb<\/span><\/a><\/p>\n","protected":false},"author":12,"featured_media":11697,"comment_status":"closed","ping_status":"closed","sticky":false,"template":"","format":"standard","meta":{"footnotes":""},"categories":[3],"tags":[],"class_list":["post-11694","post","type-post","status-publish","format-standard","has-post-thumbnail","hentry","category-noticias"],"_links":{"self":[{"href":"https:\/\/conadi.gob.gt\/web\/wp-json\/wp\/v2\/posts\/11694","targetHints":{"allow":["GET"]}}],"collection":[{"href":"https:\/\/conadi.gob.gt\/web\/wp-json\/wp\/v2\/posts"}],"about":[{"href":"https:\/\/conadi.gob.gt\/web\/wp-json\/wp\/v2\/types\/post"}],"author":[{"embeddable":true,"href":"https:\/\/conadi.gob.gt\/web\/wp-json\/wp\/v2\/users\/12"}],"replies":[{"embeddable":true,"href":"https:\/\/conadi.gob.gt\/web\/wp-json\/wp\/v2\/comments?post=11694"}],"version-history":[{"count":4,"href":"https:\/\/conadi.gob.gt\/web\/wp-json\/wp\/v2\/posts\/11694\/revisions"}],"predecessor-version":[{"id":11914,"href":"https:\/\/conadi.gob.gt\/web\/wp-json\/wp\/v2\/posts\/11694\/revisions\/11914"}],"wp:featuredmedia":[{"embeddable":true,"href":"https:\/\/conadi.gob.gt\/web\/wp-json\/wp\/v2\/media\/11697"}],"wp:attachment":[{"href":"https:\/\/conadi.gob.gt\/web\/wp-json\/wp\/v2\/media?parent=11694"}],"wp:term":[{"taxonomy":"category","embeddable":true,"href":"https:\/\/conadi.gob.gt\/web\/wp-json\/wp\/v2\/categories?post=11694"},{"taxonomy":"post_tag","embeddable":true,"href":"https:\/\/conadi.gob.gt\/web\/wp-json\/wp\/v2\/tags?post=11694"}],"curies":[{"name":"wp","href":"https:\/\/api.w.org\/{rel}","templated":true}]}}