{"id":11798,"date":"2022-09-14T21:41:02","date_gmt":"2022-09-14T21:41:02","guid":{"rendered":"https:\/\/conadi.gob.gt\/web\/?p=11798"},"modified":"2022-09-28T20:14:55","modified_gmt":"2022-09-28T20:14:55","slug":"conadi-y-pid-intercambian-de-experiencias-sobre-certificacion-de-personas-con-discapacidad","status":"publish","type":"post","link":"https:\/\/conadi.gob.gt\/web\/conadi-y-pid-intercambian-de-experiencias-sobre-certificacion-de-personas-con-discapacidad\/","title":{"rendered":"CONADI Y PID INTERCAMBIAN DE EXPERIENCIAS SOBRE CERTIFICACI\u00d3N DE PERSONAS CON DISCAPACIDAD"},"content":{"rendered":"\n<p>Luego de entrar en vigencia el Acuerdo Ministerial 214-2022, para la implementaci\u00f3n de la&nbsp; Comisi\u00f3n Intrainstitucional del Sistema Nacional de Certificaci\u00f3n de Personas con Discapacidad, se realiz\u00f3 un intercambio de experiencias sobre certificaci\u00f3n de las personas con discapacidad en pa\u00edses de Am\u00e9rica Latina, actividad organizada por el Consejo Nacional para la Atenci\u00f3n de las Personas con Discapacidad (CONADI) en coordinaci\u00f3n con el Programa Iberoamericano de Discapacidad (PID).<\/p>\n\n\n\n<figure class=\"wp-block-image size-large\"><img loading=\"lazy\" decoding=\"async\" width=\"1024\" height=\"683\" src=\"https:\/\/conadi.gob.gt\/web\/wp-content\/uploads\/2022\/09\/IMG_7925-1024x683.jpg\" alt=\"\" class=\"wp-image-11821\" srcset=\"https:\/\/conadi.gob.gt\/web\/wp-content\/uploads\/2022\/09\/IMG_7925-1024x683.jpg 1024w, https:\/\/conadi.gob.gt\/web\/wp-content\/uploads\/2022\/09\/IMG_7925-300x200.jpg 300w, https:\/\/conadi.gob.gt\/web\/wp-content\/uploads\/2022\/09\/IMG_7925-768x512.jpg 768w, https:\/\/conadi.gob.gt\/web\/wp-content\/uploads\/2022\/09\/IMG_7925-1536x1024.jpg 1536w, https:\/\/conadi.gob.gt\/web\/wp-content\/uploads\/2022\/09\/IMG_7925-2048x1365.jpg 2048w, https:\/\/conadi.gob.gt\/web\/wp-content\/uploads\/2022\/09\/IMG_7925-2000x1333.jpg 2000w\" sizes=\"auto, (max-width: 1024px) 100vw, 1024px\" \/><\/figure>\n\n\n\n<p>Con un acto protocolario dio inicio este intercambio de experiencias, donde particip\u00f3 Clarivel Castillo, presidenta del CONADI; Dania Moscosco, directora general de Consejo; Gloria Serrano en representaci\u00f3n de\u00a0 la viceministra t\u00e9cnica de salud, Lesli Samayoa y Martha Salazar, analista de discapacidad PNUD.<\/p>\n\n\n\n<p>Castillo, resalt\u00f3 que deber\u00e1n implementarse mesas intra\/interinstitucionales para monitorear el avance del plan piloto de certificaci\u00f3n, el cual se debe realizar de acuerdo a la condici\u00f3n de cada persona. As\u00ed mismo, inst\u00f3 a los representantes del Ministerio de Salud y Agencias de cooperaci\u00f3n a seguir para el cumplimiento los derechos de las personas con discapacidad.<\/p>\n\n\n\n<figure class=\"wp-block-gallery has-nested-images columns-default is-cropped wp-block-gallery-1 is-layout-flex wp-block-gallery-is-layout-flex\">\n<figure class=\"wp-block-image size-large\"><img loading=\"lazy\" decoding=\"async\" width=\"1024\" height=\"683\" data-id=\"11842\" src=\"https:\/\/conadi.gob.gt\/web\/wp-content\/uploads\/2022\/09\/IMG_8004-1024x683.jpg\" alt=\"\" class=\"wp-image-11842\" srcset=\"https:\/\/conadi.gob.gt\/web\/wp-content\/uploads\/2022\/09\/IMG_8004-1024x683.jpg 1024w, https:\/\/conadi.gob.gt\/web\/wp-content\/uploads\/2022\/09\/IMG_8004-300x200.jpg 300w, https:\/\/conadi.gob.gt\/web\/wp-content\/uploads\/2022\/09\/IMG_8004-768x512.jpg 768w, https:\/\/conadi.gob.gt\/web\/wp-content\/uploads\/2022\/09\/IMG_8004-1536x1024.jpg 1536w, https:\/\/conadi.gob.gt\/web\/wp-content\/uploads\/2022\/09\/IMG_8004-2048x1365.jpg 2048w, https:\/\/conadi.gob.gt\/web\/wp-content\/uploads\/2022\/09\/IMG_8004-2000x1333.jpg 2000w\" sizes=\"auto, (max-width: 1024px) 100vw, 1024px\" \/><\/figure>\n<\/figure>\n\n\n\n<p>Tambi\u00e9n, se cont\u00f3 con la presencia de Edgar Batres, presidente de la Comisi\u00f3n del Menor y de la Familia del Congreso de la Rep\u00fablica, quien incentiv\u00f3 al MSPAS y al CONADI a realizar m\u00e1s acciones para el beneficio de las personas con discapacidad.<\/p>\n\n\n\n<figure class=\"wp-block-image size-large\"><img loading=\"lazy\" decoding=\"async\" width=\"1024\" height=\"683\" src=\"https:\/\/conadi.gob.gt\/web\/wp-content\/uploads\/2022\/09\/IMG_7975-1024x683.jpg\" alt=\"\" class=\"wp-image-11843\" srcset=\"https:\/\/conadi.gob.gt\/web\/wp-content\/uploads\/2022\/09\/IMG_7975-1024x683.jpg 1024w, https:\/\/conadi.gob.gt\/web\/wp-content\/uploads\/2022\/09\/IMG_7975-300x200.jpg 300w, https:\/\/conadi.gob.gt\/web\/wp-content\/uploads\/2022\/09\/IMG_7975-768x512.jpg 768w, https:\/\/conadi.gob.gt\/web\/wp-content\/uploads\/2022\/09\/IMG_7975-1536x1024.jpg 1536w, https:\/\/conadi.gob.gt\/web\/wp-content\/uploads\/2022\/09\/IMG_7975-2048x1365.jpg 2048w, https:\/\/conadi.gob.gt\/web\/wp-content\/uploads\/2022\/09\/IMG_7975-2000x1333.jpg 2000w\" sizes=\"auto, (max-width: 1024px) 100vw, 1024px\" \/><\/figure>\n\n\n\n<p>Posteriormente, se dieron a conocer experiencias de certificaci\u00f3n de personas con discapacidad en pa\u00edses de Am\u00e9rica Latina y Espa\u00f1a, a cargo de Antonio Jim\u00e9nez, representante del PID, quien comparti\u00f3 informaci\u00f3n sobre discriminaci\u00f3n hacia las personas con discapacidad, factores sociales a tomar en cuenta para beneficiar a la poblaci\u00f3n con discapacidad como pol\u00edticas y normas, actitudes, prestaci\u00f3n de servicios, accesibilidad, participaci\u00f3n y datos relevantes y concretos sobre discapacidad.<\/p>\n\n\n\n<figure class=\"wp-block-image size-large\"><img loading=\"lazy\" decoding=\"async\" width=\"1024\" height=\"683\" src=\"https:\/\/conadi.gob.gt\/web\/wp-content\/uploads\/2022\/09\/IMG_8076-1024x683.jpg\" alt=\"\" class=\"wp-image-11844\" srcset=\"https:\/\/conadi.gob.gt\/web\/wp-content\/uploads\/2022\/09\/IMG_8076-1024x683.jpg 1024w, https:\/\/conadi.gob.gt\/web\/wp-content\/uploads\/2022\/09\/IMG_8076-300x200.jpg 300w, https:\/\/conadi.gob.gt\/web\/wp-content\/uploads\/2022\/09\/IMG_8076-768x512.jpg 768w, https:\/\/conadi.gob.gt\/web\/wp-content\/uploads\/2022\/09\/IMG_8076-1536x1024.jpg 1536w, https:\/\/conadi.gob.gt\/web\/wp-content\/uploads\/2022\/09\/IMG_8076-2048x1365.jpg 2048w, https:\/\/conadi.gob.gt\/web\/wp-content\/uploads\/2022\/09\/IMG_8076-2000x1333.jpg 2000w\" sizes=\"auto, (max-width: 1024px) 100vw, 1024px\" \/><\/figure>\n\n\n\n<p>Adem\u00e1s, dio a conocer procesos de valoraci\u00f3n en otros pa\u00edses, se\u00f1al\u00f3 que en Argentina existe certificado \u00fanico de discapacidad desde los a\u00f1os 80 y recientemente lanzaron la versi\u00f3n digital de dicha documento. El pa\u00eds sudamericano, \u00a0es uno de los primeros en poner en marcha sistemas de certificaci\u00f3n. En tanto, Brasil aplic\u00f3 el \u201cmodelo ling\u00fc\u00edstico fuzzy\u201d, con el fin de equilibrar la puntuaci\u00f3n de las 41 actividades seg\u00fan los tipos de discapacidad, las denominadas \u201csituaciones emblem\u00e1ticas\u201d y la dependencia de terceros. En Chile La certificaci\u00f3n de la discapacidad est\u00e1 regulada en el T\u00edtulo II de la Ley 20.422 de 2010, que establece normas para la igualdad de oportunidades e inclusi\u00f3n social de las personas con discapacidad, la certificaci\u00f3n se inscribe en el Registro Nacional de la Discapacidad (RND), que le permite acceder a programas y beneficios sociales del Estado. Ecuador, distingue entre persona con discapacidad y persona con deficiencia o condici\u00f3n discapacitante. En cuanto a Espa\u00f1a se origin\u00f3 el proceso en 1982, este ha tenido reformas en 1999 y 2022, actualmente est\u00e1 en preparaci\u00f3n una nueva regulaci\u00f3n. El certificado cubre al 80% de la poblaci\u00f3n estimada.<\/p>\n\n\n\n<p>Finalmente Helga Luna, representante de Ministerio de Salud P\u00fablica y Asistencia Social, desarroll\u00f3 la situaci\u00f3n de la certificaci\u00f3n de las personas con discapacidad en Guatemala, presentando el plan piloto de dicho proceso.<\/p>\n\n\n\n<figure class=\"wp-block-image size-large\"><img loading=\"lazy\" decoding=\"async\" width=\"1024\" height=\"683\" src=\"https:\/\/conadi.gob.gt\/web\/wp-content\/uploads\/2022\/09\/IMG_8053-1024x683.jpg\" alt=\"\" class=\"wp-image-11845\" srcset=\"https:\/\/conadi.gob.gt\/web\/wp-content\/uploads\/2022\/09\/IMG_8053-1024x683.jpg 1024w, https:\/\/conadi.gob.gt\/web\/wp-content\/uploads\/2022\/09\/IMG_8053-300x200.jpg 300w, https:\/\/conadi.gob.gt\/web\/wp-content\/uploads\/2022\/09\/IMG_8053-768x512.jpg 768w, https:\/\/conadi.gob.gt\/web\/wp-content\/uploads\/2022\/09\/IMG_8053-1536x1024.jpg 1536w, https:\/\/conadi.gob.gt\/web\/wp-content\/uploads\/2022\/09\/IMG_8053-2048x1365.jpg 2048w, https:\/\/conadi.gob.gt\/web\/wp-content\/uploads\/2022\/09\/IMG_8053-2000x1333.jpg 2000w\" sizes=\"auto, (max-width: 1024px) 100vw, 1024px\" \/><\/figure>\n\n\n\n<p>La actividad fue dirigida a representantes de la coordinaci\u00f3n de hospitales y programa de discapacidad del Ministerio de Salud P\u00fablica y Asistencia Social (MSPAS), Congreso de la Rep\u00fablica, Programa de la Naciones Unidas para el Desarrollo (PNUD), Oficina del Alto Comisionado de Naciones Unidas de Derechos Humanos (OACNUDH), Fondo de Poblaci\u00f3n de Naciones Unidas (UNFPA).<\/p>\n","protected":false},"excerpt":{"rendered":"<p>Luego de entrar en vigencia el Acuerdo Ministerial 214-2022, para la implementaci\u00f3n de la&nbsp; Comisi\u00f3n Intrainstitucional del Sistema Nacional de Certificaci\u00f3n de Personas con Discapacidad, se realiz\u00f3 un intercambio de experiencias sobre certificaci\u00f3n de las personas con discapacidad en pa\u00edses de Am\u00e9rica Latina, actividad organizada por el Consejo Nacional para la Atenci\u00f3n de las Personas &hellip; <\/p>\n<p class=\"link-more\"><a href=\"https:\/\/conadi.gob.gt\/web\/conadi-y-pid-intercambian-de-experiencias-sobre-certificacion-de-personas-con-discapacidad\/\" class=\"more-link\">Leer m\u00e1s<span class=\"screen-reader-text\"> \u00abCONADI Y PID INTERCAMBIAN DE EXPERIENCIAS SOBRE CERTIFICACI\u00d3N DE PERSONAS CON DISCAPACIDAD\u00bb<\/span><\/a><\/p>\n","protected":false},"author":12,"featured_media":11821,"comment_status":"closed","ping_status":"closed","sticky":false,"template":"","format":"standard","meta":{"footnotes":""},"categories":[3],"tags":[],"class_list":["post-11798","post","type-post","status-publish","format-standard","has-post-thumbnail","hentry","category-noticias"],"_links":{"self":[{"href":"https:\/\/conadi.gob.gt\/web\/wp-json\/wp\/v2\/posts\/11798","targetHints":{"allow":["GET"]}}],"collection":[{"href":"https:\/\/conadi.gob.gt\/web\/wp-json\/wp\/v2\/posts"}],"about":[{"href":"https:\/\/conadi.gob.gt\/web\/wp-json\/wp\/v2\/types\/post"}],"author":[{"embeddable":true,"href":"https:\/\/conadi.gob.gt\/web\/wp-json\/wp\/v2\/users\/12"}],"replies":[{"embeddable":true,"href":"https:\/\/conadi.gob.gt\/web\/wp-json\/wp\/v2\/comments?post=11798"}],"version-history":[{"count":5,"href":"https:\/\/conadi.gob.gt\/web\/wp-json\/wp\/v2\/posts\/11798\/revisions"}],"predecessor-version":[{"id":11912,"href":"https:\/\/conadi.gob.gt\/web\/wp-json\/wp\/v2\/posts\/11798\/revisions\/11912"}],"wp:featuredmedia":[{"embeddable":true,"href":"https:\/\/conadi.gob.gt\/web\/wp-json\/wp\/v2\/media\/11821"}],"wp:attachment":[{"href":"https:\/\/conadi.gob.gt\/web\/wp-json\/wp\/v2\/media?parent=11798"}],"wp:term":[{"taxonomy":"category","embeddable":true,"href":"https:\/\/conadi.gob.gt\/web\/wp-json\/wp\/v2\/categories?post=11798"},{"taxonomy":"post_tag","embeddable":true,"href":"https:\/\/conadi.gob.gt\/web\/wp-json\/wp\/v2\/tags?post=11798"}],"curies":[{"name":"wp","href":"https:\/\/api.w.org\/{rel}","templated":true}]}}