{"id":11872,"date":"2022-09-29T20:43:07","date_gmt":"2022-09-29T20:43:07","guid":{"rendered":"https:\/\/conadi.gob.gt\/web\/?p=11872"},"modified":"2022-09-29T20:43:07","modified_gmt":"2022-09-29T20:43:07","slug":"conadi-y-aecid-llevan-a-cabo-capacitacion-la-formacion-en-cultura-para-el-desarrollo","status":"publish","type":"post","link":"https:\/\/conadi.gob.gt\/web\/conadi-y-aecid-llevan-a-cabo-capacitacion-la-formacion-en-cultura-para-el-desarrollo\/","title":{"rendered":"CONADI y AECID  LLEVAN A CABO CAPACITACI\u00d3N \u201cLa FORMACI\u00d3N EN CULTURA PARA EL DESARROLLO\u201d"},"content":{"rendered":"\n<p>En el marco del desarrollo de la estrategia de mejora de la accesibilidad universal en sitios patrimoniales, el Consejo Nacional para la Atenci\u00f3n de las Personas con Discapacidad (CONADI) y la Agencia Espa\u00f1ola de Cooperaci\u00f3n Internacional para el Desarrollo Aecid Guatemala, llevaron a cabo capacitaci\u00f3n \u201cLa Formaci\u00f3n en cultura para el Desarrollo\u201d del 19 al 22 de septiembre. La actividad tuvo como objetivo mejorar las capacidades en materia de accesibilidad a los bienes culturales de los gestores y t\u00e9cnicos responsables de la protecci\u00f3n, difusi\u00f3n y gesti\u00f3n sostenible del patrimonio cultural y natural de Guatemala.<\/p>\n\n\n\n<figure class=\"wp-block-image size-large\"><img loading=\"lazy\" decoding=\"async\" width=\"1024\" height=\"682\" src=\"https:\/\/conadi.gob.gt\/web\/wp-content\/uploads\/2022\/09\/WhatsApp-Image-2022-09-22-at-15.32.29-1024x682.jpeg\" alt=\"\" class=\"wp-image-11895\" srcset=\"https:\/\/conadi.gob.gt\/web\/wp-content\/uploads\/2022\/09\/WhatsApp-Image-2022-09-22-at-15.32.29-1024x682.jpeg 1024w, https:\/\/conadi.gob.gt\/web\/wp-content\/uploads\/2022\/09\/WhatsApp-Image-2022-09-22-at-15.32.29-300x200.jpeg 300w, https:\/\/conadi.gob.gt\/web\/wp-content\/uploads\/2022\/09\/WhatsApp-Image-2022-09-22-at-15.32.29-768x512.jpeg 768w, https:\/\/conadi.gob.gt\/web\/wp-content\/uploads\/2022\/09\/WhatsApp-Image-2022-09-22-at-15.32.29.jpeg 1280w\" sizes=\"auto, (max-width: 1024px) 100vw, 1024px\" \/><\/figure>\n\n\n\n<p>Clarivel Castillo, presidenta del CONADI en su mensaje institucional manifest\u00f3 que es muy significativo para la instituci\u00f3n promover proyectos de desarrollo para mejora de la accesibilidad universal en sitios patrimoniales, que como ente rector incide para que se respeten los derechos de las personas con discapacidad. Asimismo, resalt\u00f3 que es un proyecto muy importante y significativo en los 25 a\u00f1os de vida institucional.<\/p>\n\n\n\n<p>Luis Mozas del Programa de Patrimonio para el Desarrollo AECID, resalt\u00f3 que los gestores de patrimonio cultural y natural conozcan y se adhieran al proyecto de estrategia para promover la accesibilidad de las personas con discapacidad en la vida cultural, actividades de esparcimiento, acceso a servicios e instalaciones tur\u00edsticas.<\/p>\n\n\n\n<figure class=\"wp-block-image size-large\"><img loading=\"lazy\" decoding=\"async\" width=\"1024\" height=\"683\" src=\"https:\/\/conadi.gob.gt\/web\/wp-content\/uploads\/2022\/09\/307925602_467490552091459_6121684837208401751_n-1024x683.jpg\" alt=\"\" class=\"wp-image-11873\" srcset=\"https:\/\/conadi.gob.gt\/web\/wp-content\/uploads\/2022\/09\/307925602_467490552091459_6121684837208401751_n-1024x683.jpg 1024w, https:\/\/conadi.gob.gt\/web\/wp-content\/uploads\/2022\/09\/307925602_467490552091459_6121684837208401751_n-300x200.jpg 300w, https:\/\/conadi.gob.gt\/web\/wp-content\/uploads\/2022\/09\/307925602_467490552091459_6121684837208401751_n-768x512.jpg 768w, https:\/\/conadi.gob.gt\/web\/wp-content\/uploads\/2022\/09\/307925602_467490552091459_6121684837208401751_n.jpg 1500w\" sizes=\"auto, (max-width: 1024px) 100vw, 1024px\" \/><\/figure>\n\n\n\n<p>Dentro de los temas abordados en el primer d\u00eda est\u00e1n: introducci\u00f3n a la legislaci\u00f3n sobre accesibilidad en Guatemala; las personas con discapacidad en su relaci\u00f3n con el entorno construido, gu\u00eda de AECID para la inclusi\u00f3n de la discapacidad en la cooperaci\u00f3n para el desarrollo y el valor de la accesibilidad para el desarrollo social y cultural de las comunidades.<\/p>\n\n\n\n<p>Durante el segundo d\u00eda del Foro Accesibilidad Universal al Patrimonio Cultural de Guatemala, el cual es llevado a cabo por el Consejo Nacional para la Atenci\u00f3n de las Personas con Discapacidad (CONADI) y de <a rel=\"noreferrer noopener\" href=\"https:\/\/www.facebook.com\/aecid.guatemala?__cft__[0]=AZUQkhw1ysYPconc_65CdSrl3SUW8bY4Ov0FNbOV6yq5aKrtLzbsBYmsR-bFvEtKNIdn20kldKoKANNLKMw778ogW5YT-o_Karnz2V5bfApT3hpqElPWI6xC-yBlFIVXvAU&amp;__tn__=-]K-R\" target=\"_blank\"><strong>Aecid Guatemala<\/strong><\/a> en el marco del Programa de Patrimonio para el Desarrollo.<\/p>\n\n\n\n<figure class=\"wp-block-image size-large\"><img loading=\"lazy\" decoding=\"async\" width=\"1024\" height=\"682\" src=\"https:\/\/conadi.gob.gt\/web\/wp-content\/uploads\/2022\/09\/WhatsApp-Image-2022-09-20-at-13.40.55-1024x682.jpeg\" alt=\"\" class=\"wp-image-11877\" srcset=\"https:\/\/conadi.gob.gt\/web\/wp-content\/uploads\/2022\/09\/WhatsApp-Image-2022-09-20-at-13.40.55-1024x682.jpeg 1024w, https:\/\/conadi.gob.gt\/web\/wp-content\/uploads\/2022\/09\/WhatsApp-Image-2022-09-20-at-13.40.55-300x200.jpeg 300w, https:\/\/conadi.gob.gt\/web\/wp-content\/uploads\/2022\/09\/WhatsApp-Image-2022-09-20-at-13.40.55-768x512.jpeg 768w, https:\/\/conadi.gob.gt\/web\/wp-content\/uploads\/2022\/09\/WhatsApp-Image-2022-09-20-at-13.40.55.jpeg 1280w\" sizes=\"auto, (max-width: 1024px) 100vw, 1024px\" \/><\/figure>\n\n\n\n<p>Las ponencias se centraron en la Accesibilidad al entorno f\u00edsico, contando con los expositores Nieves Peinado de CEAPAT\/FACS y Carlos de Roja Torralba de FACS, quienes abordaron el tema de Accesibilidad en el entorno construido I y II, ellos mostraron las buenas pr\u00e1cticas en construcciones y proyectos que se desarrollan en Espa\u00f1a pensados en ser totalmente con entornos accesibles no pensando \u00fanicamente en personas con discapacidad sino, tomando la accesibilidad como un todo una manera de construir para todos.<\/p>\n\n\n\n<p>Israel Mu\u00f1oz del Ayuntamiento de \u00c1vila, en modalidad telem\u00e1tica, expuso sobre La accesibilidad en la Planificaci\u00f3n municipal, el ejemplo del Ayuntamiento de \u00c1vila, en donde resalta la importancia de la participaci\u00f3n asociativa, han dejado asesorarse por expertos y poseen oficinas de accesibilidad como centro de coordinaci\u00f3n y hacen \u00e9nfasis en que siempre debe existir sensibilizaci\u00f3n, formaci\u00f3n y visibilizaci\u00f3n.<\/p>\n\n\n\n<p>Noelia Cuenca del Ayuntamiento de Madrid en modalidad Telem\u00e1tica, comparti\u00f3 la Metodolog\u00eda para la elaboraci\u00f3n de un Plan Estrat\u00e9gico de Accesibilidad. El Ayuntamiento de Madrid, en materia de accesibilidad, ofrece servicios para garantizar la vida inclusiva y participativa de todas las personas a trav\u00e9s de la igualdad de oportunidades; buscan ser una ciudad conocida y valorada por sus ciudadanos, usuarios y visitantes, por su nivel de accesibilidad a entornos, productos y servicios, con altos est\u00e1ndares de calidad y usabilidad.<\/p>\n\n\n\n<p>La accesibilidad en el entorno natural fue el tema que imparti\u00f3 tambi\u00e9n Nieves Peinado de CEAPAT, Brind\u00f3 un an\u00e1lisis del marco normativo en torno al patrimonio mundial, cultural y natural, Socializ\u00f3 ejemplos sobre proyectos de inclusi\u00f3n y accesibilidad en paisajes naturales, culturales, playas, procesiones y dem\u00e1s entornos naturales. <\/p>\n\n\n\n<figure class=\"wp-block-image size-large\"><img loading=\"lazy\" decoding=\"async\" width=\"1024\" height=\"682\" src=\"https:\/\/conadi.gob.gt\/web\/wp-content\/uploads\/2022\/09\/WhatsApp-Image-2022-09-20-at-13.40.58-1024x682.jpeg\" alt=\"\" class=\"wp-image-11882\" srcset=\"https:\/\/conadi.gob.gt\/web\/wp-content\/uploads\/2022\/09\/WhatsApp-Image-2022-09-20-at-13.40.58-1024x682.jpeg 1024w, https:\/\/conadi.gob.gt\/web\/wp-content\/uploads\/2022\/09\/WhatsApp-Image-2022-09-20-at-13.40.58-300x200.jpeg 300w, https:\/\/conadi.gob.gt\/web\/wp-content\/uploads\/2022\/09\/WhatsApp-Image-2022-09-20-at-13.40.58-768x512.jpeg 768w, https:\/\/conadi.gob.gt\/web\/wp-content\/uploads\/2022\/09\/WhatsApp-Image-2022-09-20-at-13.40.58.jpeg 1280w\" sizes=\"auto, (max-width: 1024px) 100vw, 1024px\" \/><\/figure>\n\n\n\n<p>Elena de Mier Torrecilla en modalidad telem\u00e1tica, expuso sobre las herramientas para un dise\u00f1o accesible, el conjunto literario, entre manuales, publicaciones y herramientas disponibles para la implementaci\u00f3n de dise\u00f1o accesibles en distintos contextos. Aecid Guatemala<\/p>\n\n\n\n<p>En la tercer d\u00eda se desarrollaron las siguientes ponencias: el equilibrio necesario entre accesibilidad y conservaci\u00f3n del patrimonio, a cargo de Carlos de Rojas Torrealba de FACS, destacando que la accesibilidad es un enfoque inclusivo al patrimonio, sobre todo a trav\u00e9s de ajustes razonables y dise\u00f1o universal, velando por el valor hist\u00f3rico al patrimonio.<\/p>\n\n\n\n<figure class=\"wp-block-image size-large\"><img loading=\"lazy\" decoding=\"async\" width=\"1024\" height=\"683\" src=\"https:\/\/conadi.gob.gt\/web\/wp-content\/uploads\/2022\/09\/308437375_468965828610598_9103035506928732845_n-1024x683.jpg\" alt=\"\" class=\"wp-image-11885\" srcset=\"https:\/\/conadi.gob.gt\/web\/wp-content\/uploads\/2022\/09\/308437375_468965828610598_9103035506928732845_n-1024x683.jpg 1024w, https:\/\/conadi.gob.gt\/web\/wp-content\/uploads\/2022\/09\/308437375_468965828610598_9103035506928732845_n-300x200.jpg 300w, https:\/\/conadi.gob.gt\/web\/wp-content\/uploads\/2022\/09\/308437375_468965828610598_9103035506928732845_n-768x512.jpg 768w, https:\/\/conadi.gob.gt\/web\/wp-content\/uploads\/2022\/09\/308437375_468965828610598_9103035506928732845_n-1536x1024.jpg 1536w, https:\/\/conadi.gob.gt\/web\/wp-content\/uploads\/2022\/09\/308437375_468965828610598_9103035506928732845_n-2000x1333.jpg 2000w, https:\/\/conadi.gob.gt\/web\/wp-content\/uploads\/2022\/09\/308437375_468965828610598_9103035506928732845_n.jpg 2048w\" sizes=\"auto, (max-width: 1024px) 100vw, 1024px\" \/><\/figure>\n\n\n\n<p>En tanto, Nieves Peinado, aborda sobre la norma UNE accesibilidad al patrimonio cultural inmueble, criterios y metodolog\u00eda, dio \u00e9nfasis en que el trabajo en equipo, con actitud y valoraci\u00f3n se puede realizar cambios para tener acceso a los diferentes espacios culturales para las personas con discapacidad. Lograr la accesibilidad es un reto que representa a las ciudades; definitivamente la accesibilidad es un valor agregado a los diferentes espacios y que las normas son un balance para preservaci\u00f3n del patrimonio y cumplimiento de los derechos humanos.<\/p>\n\n\n\n<figure class=\"wp-block-image size-large\"><img loading=\"lazy\" decoding=\"async\" width=\"1024\" height=\"683\" src=\"https:\/\/conadi.gob.gt\/web\/wp-content\/uploads\/2022\/09\/308178039_468966005277247_7193503206987122805_n-1024x683.jpg\" alt=\"\" class=\"wp-image-11886\" srcset=\"https:\/\/conadi.gob.gt\/web\/wp-content\/uploads\/2022\/09\/308178039_468966005277247_7193503206987122805_n-1024x683.jpg 1024w, https:\/\/conadi.gob.gt\/web\/wp-content\/uploads\/2022\/09\/308178039_468966005277247_7193503206987122805_n-300x200.jpg 300w, https:\/\/conadi.gob.gt\/web\/wp-content\/uploads\/2022\/09\/308178039_468966005277247_7193503206987122805_n-768x512.jpg 768w, https:\/\/conadi.gob.gt\/web\/wp-content\/uploads\/2022\/09\/308178039_468966005277247_7193503206987122805_n-1536x1024.jpg 1536w, https:\/\/conadi.gob.gt\/web\/wp-content\/uploads\/2022\/09\/308178039_468966005277247_7193503206987122805_n.jpg 1800w\" sizes=\"auto, (max-width: 1024px) 100vw, 1024px\" \/><\/figure>\n\n\n\n<p>Tambi\u00e9n, se tuvo una presentaci\u00f3n en la modalidad telem\u00e1tica donde se habl\u00f3 de la importancia de alianzas para un patrimonio accesible, impartido por Francisco Menor y Elena de Mier Torrecilla. Los ponentes enfatizaron que hacer accesible los patrimonios culturales deber\u00edan de ser una responsabilidad de todos los gobiernos para atender a lo que demanda la Convenci\u00f3n sobre los Derechos de las Personas con Discapacidad, misma que fue ratificada en Guatemala y otros pa\u00edses, entre ellos Espa\u00f1a.<\/p>\n\n\n\n<p>Con el desarrollo del tema Turismo Accesible, se da por concluido el Taller Accesibilidad universal al patrimonio cultural de Guatemala, que tuvo una duraci\u00f3n de cuatro d\u00edas, organizado por el Consejo Nacional para la Atenci\u00f3n de las Personas con Discapacidad (CONADI) y la Agencia Espa\u00f1ola de Cooperaci\u00f3n Internacional para el Desarrollo Aecid Guatemala.<\/p>\n\n\n\n<figure class=\"wp-block-image size-large\"><img loading=\"lazy\" decoding=\"async\" width=\"1024\" height=\"682\" src=\"https:\/\/conadi.gob.gt\/web\/wp-content\/uploads\/2022\/09\/WhatsApp-Image-2022-09-22-at-15.32.16-5-1024x682.jpeg\" alt=\"\" class=\"wp-image-11889\" srcset=\"https:\/\/conadi.gob.gt\/web\/wp-content\/uploads\/2022\/09\/WhatsApp-Image-2022-09-22-at-15.32.16-5-1024x682.jpeg 1024w, https:\/\/conadi.gob.gt\/web\/wp-content\/uploads\/2022\/09\/WhatsApp-Image-2022-09-22-at-15.32.16-5-300x200.jpeg 300w, https:\/\/conadi.gob.gt\/web\/wp-content\/uploads\/2022\/09\/WhatsApp-Image-2022-09-22-at-15.32.16-5-768x512.jpeg 768w, https:\/\/conadi.gob.gt\/web\/wp-content\/uploads\/2022\/09\/WhatsApp-Image-2022-09-22-at-15.32.16-5.jpeg 1280w\" sizes=\"auto, (max-width: 1024px) 100vw, 1024px\" \/><\/figure>\n\n\n\n<p>Dentro de las ponencias del d\u00eda se desarrollaron los temas en modalidad telem\u00e1tica por Francisco Menor Monasterio y Elena de Mier Torrecilla de FACS con el tema de Turismo Accesible: una oportunidad para la puesta en valor del patrimonio cultural; quienes enfatizaron los beneficios que contempla para un pa\u00eds el contar con espacios accesibles, pero sobre todo espacios tur\u00edsticos accesibles, ya que genera rentas, regal\u00edas, empleos, mejora la imagen del pa\u00eds, reduce las brechas de discriminaci\u00f3n, pero sobre todo da cumplimiento al marco normativo que garantiza la inclusi\u00f3n de las personas con discapacidad. <\/p>\n\n\n\n<figure class=\"wp-block-image size-large\"><img loading=\"lazy\" decoding=\"async\" width=\"1024\" height=\"682\" src=\"https:\/\/conadi.gob.gt\/web\/wp-content\/uploads\/2022\/09\/WhatsApp-Image-2022-09-22-at-15.32.16-1-1024x682.jpeg\" alt=\"\" class=\"wp-image-11890\" srcset=\"https:\/\/conadi.gob.gt\/web\/wp-content\/uploads\/2022\/09\/WhatsApp-Image-2022-09-22-at-15.32.16-1-1024x682.jpeg 1024w, https:\/\/conadi.gob.gt\/web\/wp-content\/uploads\/2022\/09\/WhatsApp-Image-2022-09-22-at-15.32.16-1-300x200.jpeg 300w, https:\/\/conadi.gob.gt\/web\/wp-content\/uploads\/2022\/09\/WhatsApp-Image-2022-09-22-at-15.32.16-1-768x512.jpeg 768w, https:\/\/conadi.gob.gt\/web\/wp-content\/uploads\/2022\/09\/WhatsApp-Image-2022-09-22-at-15.32.16-1.jpeg 1280w\" sizes=\"auto, (max-width: 1024px) 100vw, 1024px\" \/><\/figure>\n\n\n\n<p>Nieves Peinado de CEAPAT comparti\u00f3 su conocimiento en el tema de Normas ISO Turismo Accesible para todos. Conceptos clave de gesti\u00f3n y ejemplos pr\u00e1cticos; esta es una norma que se debe poner en pr\u00e1ctica en Guatemala y dentro de los elementos que se aportaron es fundamental fortalecer la inclusi\u00f3n y no solamente la integraci\u00f3n de las personas con discapacidad dentro de todo este proceso de turismo accesible. Tambi\u00e9n expuso el tema de Seguridad para todos en centros hist\u00f3ricos, es fundamental implementar espacios de alerta temprana ante cualquier situaci\u00f3n contemplando las distintas condiciones de la poblaci\u00f3n y discapacidades as\u00ed estaremos cumpliendo con centros seguros para todos.<\/p>\n\n\n\n<figure class=\"wp-block-image size-large\"><img loading=\"lazy\" decoding=\"async\" width=\"1024\" height=\"682\" src=\"https:\/\/conadi.gob.gt\/web\/wp-content\/uploads\/2022\/09\/WhatsApp-Image-2022-09-22-at-15.32.16-3-1024x682.jpeg\" alt=\"\" class=\"wp-image-11891\" srcset=\"https:\/\/conadi.gob.gt\/web\/wp-content\/uploads\/2022\/09\/WhatsApp-Image-2022-09-22-at-15.32.16-3-1024x682.jpeg 1024w, https:\/\/conadi.gob.gt\/web\/wp-content\/uploads\/2022\/09\/WhatsApp-Image-2022-09-22-at-15.32.16-3-300x200.jpeg 300w, https:\/\/conadi.gob.gt\/web\/wp-content\/uploads\/2022\/09\/WhatsApp-Image-2022-09-22-at-15.32.16-3-768x512.jpeg 768w, https:\/\/conadi.gob.gt\/web\/wp-content\/uploads\/2022\/09\/WhatsApp-Image-2022-09-22-at-15.32.16-3.jpeg 1280w\" sizes=\"auto, (max-width: 1024px) 100vw, 1024px\" \/><\/figure>\n\n\n\n<p>Israel Mu\u00f1oz del Ayuntamiento de \u00c1vila intervino a trav\u00e9s de Modalidad telem\u00e1tica con el tema Buenas pr\u00e1cticas de turismo accesible; quien a trav\u00e9s de fotograf\u00edas ejemplific\u00f3 las buenas pr\u00e1cticas que se han realizado en el Ayuntamiento de \u00c1vila. Se resalt\u00f3 la importancia de colocar a la persona como centro para el dise\u00f1o y la accesibilidad y que es importante crear y promover formatos accesibles para todos, m\u00e1s en espacios de inter\u00e9s p\u00fablico.<\/p>\n\n\n\n<figure class=\"wp-block-image size-large\"><img loading=\"lazy\" decoding=\"async\" width=\"1024\" height=\"682\" src=\"https:\/\/conadi.gob.gt\/web\/wp-content\/uploads\/2022\/09\/WhatsApp-Image-2022-09-22-at-15.32.16-4-1-1024x682.jpeg\" alt=\"\" class=\"wp-image-11892\" srcset=\"https:\/\/conadi.gob.gt\/web\/wp-content\/uploads\/2022\/09\/WhatsApp-Image-2022-09-22-at-15.32.16-4-1-1024x682.jpeg 1024w, https:\/\/conadi.gob.gt\/web\/wp-content\/uploads\/2022\/09\/WhatsApp-Image-2022-09-22-at-15.32.16-4-1-300x200.jpeg 300w, https:\/\/conadi.gob.gt\/web\/wp-content\/uploads\/2022\/09\/WhatsApp-Image-2022-09-22-at-15.32.16-4-1-768x512.jpeg 768w, https:\/\/conadi.gob.gt\/web\/wp-content\/uploads\/2022\/09\/WhatsApp-Image-2022-09-22-at-15.32.16-4-1.jpeg 1280w\" sizes=\"auto, (max-width: 1024px) 100vw, 1024px\" \/><\/figure>\n\n\n\n<p>Carlos de Rojas Torralba de FACS expuso sobre las Buenas Pr\u00e1cticas de Turismo Accesible, realizando un recorrido tur\u00edstico virtual a trav\u00e9s de im\u00e1genes un recorrido tur\u00edstico, donde present\u00f3 muchos ejemplos de c\u00f3mo hacer accesibles lugares y sitios arqueol\u00f3gicos e hist\u00f3ricos y hace reflexionar que en Guatemala hay muchos lugares que deben ser accesibles para todos.<\/p>\n\n\n\n<figure class=\"wp-block-image size-large\"><img loading=\"lazy\" decoding=\"async\" width=\"1024\" height=\"682\" src=\"https:\/\/conadi.gob.gt\/web\/wp-content\/uploads\/2022\/09\/WhatsApp-Image-2022-09-22-at-15.32.16-6-1024x682.jpeg\" alt=\"\" class=\"wp-image-11893\" srcset=\"https:\/\/conadi.gob.gt\/web\/wp-content\/uploads\/2022\/09\/WhatsApp-Image-2022-09-22-at-15.32.16-6-1024x682.jpeg 1024w, https:\/\/conadi.gob.gt\/web\/wp-content\/uploads\/2022\/09\/WhatsApp-Image-2022-09-22-at-15.32.16-6-300x200.jpeg 300w, https:\/\/conadi.gob.gt\/web\/wp-content\/uploads\/2022\/09\/WhatsApp-Image-2022-09-22-at-15.32.16-6-768x512.jpeg 768w, https:\/\/conadi.gob.gt\/web\/wp-content\/uploads\/2022\/09\/WhatsApp-Image-2022-09-22-at-15.32.16-6.jpeg 1280w\" sizes=\"auto, (max-width: 1024px) 100vw, 1024px\" \/><\/figure>\n\n\n\n<p>La actividad finaliz\u00f3 con las conclusiones generales del tema las cuales estuvieron a cargo de Luis Mozas, Experto Coordinador del Programa de Patrimonio para el Desarrollo (AECID), adem\u00e1s Clarivel Castillo, Presidenta del Conadi, agradeci\u00f3 la participaci\u00f3n de las entidades que aceptaron la invitaci\u00f3n para dicho taller, as\u00ed como a los ponentes quienes compartieron sus conocimientos e inst\u00f3 a trabajar en conjunto ya que todos tenemos algo que aportar en el tema de accesibilidad en espacios tur\u00edsticos.<\/p>\n\n\n\n<figure class=\"wp-block-image size-large\"><img loading=\"lazy\" decoding=\"async\" width=\"1024\" height=\"682\" src=\"https:\/\/conadi.gob.gt\/web\/wp-content\/uploads\/2022\/09\/WhatsApp-Image-2022-09-22-at-15.32.17-1-1024x682.jpeg\" alt=\"\" class=\"wp-image-11894\" srcset=\"https:\/\/conadi.gob.gt\/web\/wp-content\/uploads\/2022\/09\/WhatsApp-Image-2022-09-22-at-15.32.17-1-1024x682.jpeg 1024w, https:\/\/conadi.gob.gt\/web\/wp-content\/uploads\/2022\/09\/WhatsApp-Image-2022-09-22-at-15.32.17-1-300x200.jpeg 300w, https:\/\/conadi.gob.gt\/web\/wp-content\/uploads\/2022\/09\/WhatsApp-Image-2022-09-22-at-15.32.17-1-768x512.jpeg 768w, https:\/\/conadi.gob.gt\/web\/wp-content\/uploads\/2022\/09\/WhatsApp-Image-2022-09-22-at-15.32.17-1.jpeg 1280w\" sizes=\"auto, (max-width: 1024px) 100vw, 1024px\" \/><\/figure>\n\n\n\n<p><\/p>\n","protected":false},"excerpt":{"rendered":"<p>En el marco del desarrollo de la estrategia de mejora de la accesibilidad universal en sitios patrimoniales, el Consejo Nacional para la Atenci\u00f3n de las Personas con Discapacidad (CONADI) y la Agencia Espa\u00f1ola de Cooperaci\u00f3n Internacional para el Desarrollo Aecid Guatemala, llevaron a cabo capacitaci\u00f3n \u201cLa Formaci\u00f3n en cultura para el Desarrollo\u201d del 19 al &hellip; <\/p>\n<p class=\"link-more\"><a href=\"https:\/\/conadi.gob.gt\/web\/conadi-y-aecid-llevan-a-cabo-capacitacion-la-formacion-en-cultura-para-el-desarrollo\/\" class=\"more-link\">Leer m\u00e1s<span class=\"screen-reader-text\"> \u00abCONADI y AECID  LLEVAN A CABO CAPACITACI\u00d3N \u201cLa FORMACI\u00d3N EN CULTURA PARA EL DESARROLLO\u201d\u00bb<\/span><\/a><\/p>\n","protected":false},"author":12,"featured_media":11895,"comment_status":"closed","ping_status":"closed","sticky":false,"template":"","format":"standard","meta":{"footnotes":""},"categories":[3],"tags":[],"class_list":["post-11872","post","type-post","status-publish","format-standard","has-post-thumbnail","hentry","category-noticias"],"_links":{"self":[{"href":"https:\/\/conadi.gob.gt\/web\/wp-json\/wp\/v2\/posts\/11872","targetHints":{"allow":["GET"]}}],"collection":[{"href":"https:\/\/conadi.gob.gt\/web\/wp-json\/wp\/v2\/posts"}],"about":[{"href":"https:\/\/conadi.gob.gt\/web\/wp-json\/wp\/v2\/types\/post"}],"author":[{"embeddable":true,"href":"https:\/\/conadi.gob.gt\/web\/wp-json\/wp\/v2\/users\/12"}],"replies":[{"embeddable":true,"href":"https:\/\/conadi.gob.gt\/web\/wp-json\/wp\/v2\/comments?post=11872"}],"version-history":[{"count":2,"href":"https:\/\/conadi.gob.gt\/web\/wp-json\/wp\/v2\/posts\/11872\/revisions"}],"predecessor-version":[{"id":11918,"href":"https:\/\/conadi.gob.gt\/web\/wp-json\/wp\/v2\/posts\/11872\/revisions\/11918"}],"wp:featuredmedia":[{"embeddable":true,"href":"https:\/\/conadi.gob.gt\/web\/wp-json\/wp\/v2\/media\/11895"}],"wp:attachment":[{"href":"https:\/\/conadi.gob.gt\/web\/wp-json\/wp\/v2\/media?parent=11872"}],"wp:term":[{"taxonomy":"category","embeddable":true,"href":"https:\/\/conadi.gob.gt\/web\/wp-json\/wp\/v2\/categories?post=11872"},{"taxonomy":"post_tag","embeddable":true,"href":"https:\/\/conadi.gob.gt\/web\/wp-json\/wp\/v2\/tags?post=11872"}],"curies":[{"name":"wp","href":"https:\/\/api.w.org\/{rel}","templated":true}]}}