{"id":11897,"date":"2022-09-28T20:08:32","date_gmt":"2022-09-28T20:08:32","guid":{"rendered":"https:\/\/conadi.gob.gt\/web\/?p=11897"},"modified":"2022-09-28T20:08:33","modified_gmt":"2022-09-28T20:08:33","slug":"conmemoracion-del-dia-nacional-e-internacional-de-la-lengua-de-senas","status":"publish","type":"post","link":"https:\/\/conadi.gob.gt\/web\/conmemoracion-del-dia-nacional-e-internacional-de-la-lengua-de-senas\/","title":{"rendered":"CONMEMORACI\u00d3N DEL D\u00cdA NACIONAL E INTERNACIONAL DE LA LENGUA DE SE\u00d1AS"},"content":{"rendered":"\n<p>En el marco del D\u00eda Nacional de la Lengua de Se\u00f1as de Guatemala (LENSEGUA), representantes del sub sector de personas con discapacidad auditiva del <a rel=\"noreferrer noopener\" href=\"https:\/\/www.facebook.com\/conadiguate?__cft__[0]=AZVJPslb7Ugabg5FHlyAlbp1omNgT_9ckOF7QcFwwRNklFeQye9bCS7x5mSJmowr5qjhgdH_uqV4RZ9DKNcITMATNvjEjJNdgNz3RGoVf1M33Q6qqk11wZHLYwa5r29Z7tc&amp;__tn__=-]K-R\" target=\"_blank\"><strong>CONADI<\/strong><\/a>, hicieron el llamado a las instituciones p\u00fablicas y al sector privado a implementar la lengua de se\u00f1as en sus proyectos, programas y actividades para dar cumplimiento al art\u00edculo 21 de la Convenci\u00f3n sobre los Derechos de las Personas con Discapacidad, respecto a Libertad de expresi\u00f3n y de opini\u00f3n y acceso a la informaci\u00f3n.<\/p>\n\n\n\n<figure class=\"wp-block-image size-large\"><img loading=\"lazy\" decoding=\"async\" width=\"1024\" height=\"683\" src=\"https:\/\/conadi.gob.gt\/web\/wp-content\/uploads\/2022\/09\/IMG_6584-1-1024x683.jpg\" alt=\"\" class=\"wp-image-11899\" srcset=\"https:\/\/conadi.gob.gt\/web\/wp-content\/uploads\/2022\/09\/IMG_6584-1-1024x683.jpg 1024w, https:\/\/conadi.gob.gt\/web\/wp-content\/uploads\/2022\/09\/IMG_6584-1-300x200.jpg 300w, https:\/\/conadi.gob.gt\/web\/wp-content\/uploads\/2022\/09\/IMG_6584-1-768x512.jpg 768w, https:\/\/conadi.gob.gt\/web\/wp-content\/uploads\/2022\/09\/IMG_6584-1-1536x1024.jpg 1536w, https:\/\/conadi.gob.gt\/web\/wp-content\/uploads\/2022\/09\/IMG_6584-1-2048x1365.jpg 2048w, https:\/\/conadi.gob.gt\/web\/wp-content\/uploads\/2022\/09\/IMG_6584-1-2000x1333.jpg 2000w\" sizes=\"auto, (max-width: 1024px) 100vw, 1024px\" \/><\/figure>\n\n\n\n<p>Esta es la tercera oportunidad que se conmemora el D\u00eda Nacional de la Lengua de Se\u00f1as de Guatemala, medio de comunicaci\u00f3n compuesto por el conjunto de gestos, formas, m\u00edmicas manuales y movimientos corporales caracter\u00edsticos con gram\u00e1tica propia de las personas sordas y sordociegas, reconocidos en la rep\u00fablica. <\/p>\n\n\n\n<figure class=\"wp-block-image size-large\"><img loading=\"lazy\" decoding=\"async\" width=\"1024\" height=\"683\" src=\"https:\/\/conadi.gob.gt\/web\/wp-content\/uploads\/2022\/09\/IMG_6604-1024x683.jpg\" alt=\"\" class=\"wp-image-11901\" srcset=\"https:\/\/conadi.gob.gt\/web\/wp-content\/uploads\/2022\/09\/IMG_6604-1024x683.jpg 1024w, https:\/\/conadi.gob.gt\/web\/wp-content\/uploads\/2022\/09\/IMG_6604-300x200.jpg 300w, https:\/\/conadi.gob.gt\/web\/wp-content\/uploads\/2022\/09\/IMG_6604-768x512.jpg 768w, https:\/\/conadi.gob.gt\/web\/wp-content\/uploads\/2022\/09\/IMG_6604-1536x1024.jpg 1536w, https:\/\/conadi.gob.gt\/web\/wp-content\/uploads\/2022\/09\/IMG_6604-2048x1365.jpg 2048w, https:\/\/conadi.gob.gt\/web\/wp-content\/uploads\/2022\/09\/IMG_6604-2000x1333.jpg 2000w\" sizes=\"auto, (max-width: 1024px) 100vw, 1024px\" \/><\/figure>\n\n\n\n<p>El 23 de septiembre, fue reconocido en el pa\u00eds como el D\u00eda Nacional de la Lengua de Se\u00f1as de Guatemala, a trav\u00e9s de la aprobaci\u00f3n del Decreto 3-2022, Ley que Reconoce y Aprueba la Lengua de Se\u00f1as de Guatemala (LENSEGUA). La normativa tiene como objeto el acceso a la comunicaci\u00f3n e informaci\u00f3n de la Comunidad Sorda como su primera lengua; as\u00ed como promover la educaci\u00f3n inclusiva, promoci\u00f3n de la informaci\u00f3n en medios audiovisuales con el recuadro del int\u00e9rprete y la ense\u00f1anza de la Lengua de Se\u00f1as.<\/p>\n\n\n\n<p>De acuerdo al movimiento de personas con discapacidad auditiva, alrededor de 230 mil personas viven con alguna deficiencia auditiva. En el 2018, este d\u00eda se celebr\u00f3 por primera ocasi\u00f3n a nivel internacional, por iniciativa de la Federaci\u00f3n Mundial de Sordos. <\/p>\n\n\n\n<figure class=\"wp-block-image size-large\"><img loading=\"lazy\" decoding=\"async\" width=\"1024\" height=\"683\" src=\"https:\/\/conadi.gob.gt\/web\/wp-content\/uploads\/2022\/09\/IMG_6657-1024x683.jpg\" alt=\"\" class=\"wp-image-11903\" srcset=\"https:\/\/conadi.gob.gt\/web\/wp-content\/uploads\/2022\/09\/IMG_6657-1024x683.jpg 1024w, https:\/\/conadi.gob.gt\/web\/wp-content\/uploads\/2022\/09\/IMG_6657-300x200.jpg 300w, https:\/\/conadi.gob.gt\/web\/wp-content\/uploads\/2022\/09\/IMG_6657-768x512.jpg 768w, https:\/\/conadi.gob.gt\/web\/wp-content\/uploads\/2022\/09\/IMG_6657-1536x1024.jpg 1536w, https:\/\/conadi.gob.gt\/web\/wp-content\/uploads\/2022\/09\/IMG_6657-2048x1365.jpg 2048w, https:\/\/conadi.gob.gt\/web\/wp-content\/uploads\/2022\/09\/IMG_6657-2000x1333.jpg 2000w\" sizes=\"auto, (max-width: 1024px) 100vw, 1024px\" \/><\/figure>\n\n\n\n<p>La conferencia de prensa cont\u00f3 con la participaci\u00f3n de Dania Moscoso, directora general del CONADI; Gerardo Meza, miembro de la Junta Directiva del Consejo; Elfego M\u00e9ndez, representante de la Asociaci\u00f3n de Sordas de Guatemala (ASORGUA); Edgar Tzun, representante de ADSQ; Antonio Barrientos, representante de Ense\u00f1as Guatemala; Rebeca S\u00e1nchez, vicepresidenta de INTERGUA.<\/p>\n\n\n\n<figure class=\"wp-block-image size-large\"><img loading=\"lazy\" decoding=\"async\" width=\"1024\" height=\"683\" src=\"https:\/\/conadi.gob.gt\/web\/wp-content\/uploads\/2022\/09\/IMG_6602-1024x683.jpg\" alt=\"\" class=\"wp-image-11900\" srcset=\"https:\/\/conadi.gob.gt\/web\/wp-content\/uploads\/2022\/09\/IMG_6602-1024x683.jpg 1024w, https:\/\/conadi.gob.gt\/web\/wp-content\/uploads\/2022\/09\/IMG_6602-300x200.jpg 300w, https:\/\/conadi.gob.gt\/web\/wp-content\/uploads\/2022\/09\/IMG_6602-768x512.jpg 768w, https:\/\/conadi.gob.gt\/web\/wp-content\/uploads\/2022\/09\/IMG_6602-1536x1024.jpg 1536w, https:\/\/conadi.gob.gt\/web\/wp-content\/uploads\/2022\/09\/IMG_6602-2048x1365.jpg 2048w, https:\/\/conadi.gob.gt\/web\/wp-content\/uploads\/2022\/09\/IMG_6602-2000x1333.jpg 2000w\" sizes=\"auto, (max-width: 1024px) 100vw, 1024px\" \/><\/figure>\n\n\n\n<p>As\u00ed mismo, se llev\u00f3 a cabo una feria para promover la inclusi\u00f3n de la comunidad sorda. Actividad que dio inicio con un acto protocolario participando Clarivel Castillo, presidenta del Conadi; Gerardo Meza, miembro de Junta Directiva y Dania Moscoso, directora general del Consejo.<\/p>\n\n\n\n<figure class=\"wp-block-image size-large\"><img loading=\"lazy\" decoding=\"async\" width=\"1024\" height=\"683\" src=\"https:\/\/conadi.gob.gt\/web\/wp-content\/uploads\/2022\/09\/308714224_470429051797609_3125923904846750659_n-1024x683.jpg\" alt=\"\" class=\"wp-image-11905\" srcset=\"https:\/\/conadi.gob.gt\/web\/wp-content\/uploads\/2022\/09\/308714224_470429051797609_3125923904846750659_n-1024x683.jpg 1024w, https:\/\/conadi.gob.gt\/web\/wp-content\/uploads\/2022\/09\/308714224_470429051797609_3125923904846750659_n-300x200.jpg 300w, https:\/\/conadi.gob.gt\/web\/wp-content\/uploads\/2022\/09\/308714224_470429051797609_3125923904846750659_n-768x512.jpg 768w, https:\/\/conadi.gob.gt\/web\/wp-content\/uploads\/2022\/09\/308714224_470429051797609_3125923904846750659_n-1536x1024.jpg 1536w, https:\/\/conadi.gob.gt\/web\/wp-content\/uploads\/2022\/09\/308714224_470429051797609_3125923904846750659_n-2000x1333.jpg 2000w, https:\/\/conadi.gob.gt\/web\/wp-content\/uploads\/2022\/09\/308714224_470429051797609_3125923904846750659_n.jpg 2048w\" sizes=\"auto, (max-width: 1024px) 100vw, 1024px\" \/><\/figure>\n\n\n\n<p>Con la presentaci\u00f3n de bailes de personas sordas se apertura el acto cultural, participando el grupo de ni\u00f1os sordos del Benem\u00e9rito Comit\u00e9 ProCiegos y Sordos de Guatemala y el grupo de baile de la Asociaci\u00f3n de Sordos de Suchitep\u00e9quez (ASORSUCHI).<\/p>\n\n\n\n<figure class=\"wp-block-image size-large\"><img loading=\"lazy\" decoding=\"async\" width=\"1024\" height=\"683\" src=\"https:\/\/conadi.gob.gt\/web\/wp-content\/uploads\/2022\/09\/308450566_470428225131025_6520479031333650716_n-1024x683.jpg\" alt=\"\" class=\"wp-image-11906\" srcset=\"https:\/\/conadi.gob.gt\/web\/wp-content\/uploads\/2022\/09\/308450566_470428225131025_6520479031333650716_n-1024x683.jpg 1024w, https:\/\/conadi.gob.gt\/web\/wp-content\/uploads\/2022\/09\/308450566_470428225131025_6520479031333650716_n-300x200.jpg 300w, https:\/\/conadi.gob.gt\/web\/wp-content\/uploads\/2022\/09\/308450566_470428225131025_6520479031333650716_n-768x512.jpg 768w, https:\/\/conadi.gob.gt\/web\/wp-content\/uploads\/2022\/09\/308450566_470428225131025_6520479031333650716_n-1536x1024.jpg 1536w, https:\/\/conadi.gob.gt\/web\/wp-content\/uploads\/2022\/09\/308450566_470428225131025_6520479031333650716_n-2000x1333.jpg 2000w, https:\/\/conadi.gob.gt\/web\/wp-content\/uploads\/2022\/09\/308450566_470428225131025_6520479031333650716_n.jpg 2048w\" sizes=\"auto, (max-width: 1024px) 100vw, 1024px\" \/><\/figure>\n\n\n\n<p>Adem\u00e1s, se realizaron dos ponencias: Cultura e identidad de personas sordas, dirigida por Manuel Barrientos de la Academia de Lengua de Se\u00f1as Amatitl\u00e1n (AMALENSEGUA), abordando sobre la terminolog\u00eda correcta para referirse a una persona sorda, que debe existir una igualdad de derechos entre oyentes y sordos, la importancia del empoderamiento de las personas sordas para gozar de una vida independiente.<\/p>\n\n\n\n<p>La Fundaci\u00f3n Guatemalteca para ni\u00f1os con Sordoceguera Alex Fundal, dieron a conocer la importancia de comunicarse con una persona con sordoceguera, la cual debe realizarse a trav\u00e9s de lengua de se\u00f1as como un sistema alternativo de comunicaci\u00f3n, la cual se realiza a trav\u00e9s del tacto; tambi\u00e9n se puede realizar por medio de pictogramas (dibujos que expresan ideas). Una persona con sordoceguera debe contar con el apoyo de la familia y as\u00ed lograr su inclusi\u00f3n social.<\/p>\n\n\n\n<figure class=\"wp-block-image size-large\"><img loading=\"lazy\" decoding=\"async\" width=\"1024\" height=\"683\" src=\"https:\/\/conadi.gob.gt\/web\/wp-content\/uploads\/2022\/09\/308807938_470428021797712_4210981418746557215_n-1024x683.jpg\" alt=\"\" class=\"wp-image-11907\" srcset=\"https:\/\/conadi.gob.gt\/web\/wp-content\/uploads\/2022\/09\/308807938_470428021797712_4210981418746557215_n-1024x683.jpg 1024w, https:\/\/conadi.gob.gt\/web\/wp-content\/uploads\/2022\/09\/308807938_470428021797712_4210981418746557215_n-300x200.jpg 300w, https:\/\/conadi.gob.gt\/web\/wp-content\/uploads\/2022\/09\/308807938_470428021797712_4210981418746557215_n-768x512.jpg 768w, https:\/\/conadi.gob.gt\/web\/wp-content\/uploads\/2022\/09\/308807938_470428021797712_4210981418746557215_n-1536x1024.jpg 1536w, https:\/\/conadi.gob.gt\/web\/wp-content\/uploads\/2022\/09\/308807938_470428021797712_4210981418746557215_n-2000x1333.jpg 2000w, https:\/\/conadi.gob.gt\/web\/wp-content\/uploads\/2022\/09\/308807938_470428021797712_4210981418746557215_n.jpg 2048w\" sizes=\"auto, (max-width: 1024px) 100vw, 1024px\" \/><\/figure>\n\n\n\n<p>Posteriormente, los asistentes realizaron un recorrido por los diferentes stands, donde pudieron adquirir informaci\u00f3n acerca de las instituciones de personas sordas, mesas de juegos interactivos como memoria, loter\u00eda, entre otros, en las instalaciones del Consejo Nacional de la Juventud<\/p>\n\n\n\n<figure class=\"wp-block-image size-large\"><img loading=\"lazy\" decoding=\"async\" width=\"1024\" height=\"683\" src=\"https:\/\/conadi.gob.gt\/web\/wp-content\/uploads\/2022\/09\/308788401_470428331797681_4858331613376381511_n-1024x683.jpg\" alt=\"\" class=\"wp-image-11909\" srcset=\"https:\/\/conadi.gob.gt\/web\/wp-content\/uploads\/2022\/09\/308788401_470428331797681_4858331613376381511_n-1024x683.jpg 1024w, https:\/\/conadi.gob.gt\/web\/wp-content\/uploads\/2022\/09\/308788401_470428331797681_4858331613376381511_n-300x200.jpg 300w, https:\/\/conadi.gob.gt\/web\/wp-content\/uploads\/2022\/09\/308788401_470428331797681_4858331613376381511_n-768x512.jpg 768w, https:\/\/conadi.gob.gt\/web\/wp-content\/uploads\/2022\/09\/308788401_470428331797681_4858331613376381511_n-1536x1024.jpg 1536w, https:\/\/conadi.gob.gt\/web\/wp-content\/uploads\/2022\/09\/308788401_470428331797681_4858331613376381511_n-2000x1333.jpg 2000w, https:\/\/conadi.gob.gt\/web\/wp-content\/uploads\/2022\/09\/308788401_470428331797681_4858331613376381511_n.jpg 2048w\" sizes=\"auto, (max-width: 1024px) 100vw, 1024px\" \/><\/figure>\n","protected":false},"excerpt":{"rendered":"<p>En el marco del D\u00eda Nacional de la Lengua de Se\u00f1as de Guatemala (LENSEGUA), representantes del sub sector de personas con discapacidad auditiva del CONADI, hicieron el llamado a las instituciones p\u00fablicas y al sector privado a implementar la lengua de se\u00f1as en sus proyectos, programas y actividades para dar cumplimiento al art\u00edculo 21 de &hellip; <\/p>\n<p class=\"link-more\"><a href=\"https:\/\/conadi.gob.gt\/web\/conmemoracion-del-dia-nacional-e-internacional-de-la-lengua-de-senas\/\" class=\"more-link\">Leer m\u00e1s<span class=\"screen-reader-text\"> \u00abCONMEMORACI\u00d3N DEL D\u00cdA NACIONAL E INTERNACIONAL DE LA LENGUA DE SE\u00d1AS\u00bb<\/span><\/a><\/p>\n","protected":false},"author":12,"featured_media":11909,"comment_status":"closed","ping_status":"closed","sticky":false,"template":"","format":"standard","meta":{"footnotes":""},"categories":[3],"tags":[],"class_list":["post-11897","post","type-post","status-publish","format-standard","has-post-thumbnail","hentry","category-noticias"],"_links":{"self":[{"href":"https:\/\/conadi.gob.gt\/web\/wp-json\/wp\/v2\/posts\/11897","targetHints":{"allow":["GET"]}}],"collection":[{"href":"https:\/\/conadi.gob.gt\/web\/wp-json\/wp\/v2\/posts"}],"about":[{"href":"https:\/\/conadi.gob.gt\/web\/wp-json\/wp\/v2\/types\/post"}],"author":[{"embeddable":true,"href":"https:\/\/conadi.gob.gt\/web\/wp-json\/wp\/v2\/users\/12"}],"replies":[{"embeddable":true,"href":"https:\/\/conadi.gob.gt\/web\/wp-json\/wp\/v2\/comments?post=11897"}],"version-history":[{"count":1,"href":"https:\/\/conadi.gob.gt\/web\/wp-json\/wp\/v2\/posts\/11897\/revisions"}],"predecessor-version":[{"id":11910,"href":"https:\/\/conadi.gob.gt\/web\/wp-json\/wp\/v2\/posts\/11897\/revisions\/11910"}],"wp:featuredmedia":[{"embeddable":true,"href":"https:\/\/conadi.gob.gt\/web\/wp-json\/wp\/v2\/media\/11909"}],"wp:attachment":[{"href":"https:\/\/conadi.gob.gt\/web\/wp-json\/wp\/v2\/media?parent=11897"}],"wp:term":[{"taxonomy":"category","embeddable":true,"href":"https:\/\/conadi.gob.gt\/web\/wp-json\/wp\/v2\/categories?post=11897"},{"taxonomy":"post_tag","embeddable":true,"href":"https:\/\/conadi.gob.gt\/web\/wp-json\/wp\/v2\/tags?post=11897"}],"curies":[{"name":"wp","href":"https:\/\/api.w.org\/{rel}","templated":true}]}}