{"id":11987,"date":"2022-10-08T02:56:42","date_gmt":"2022-10-08T02:56:42","guid":{"rendered":"https:\/\/conadi.gob.gt\/web\/?p=11987"},"modified":"2022-10-21T21:41:49","modified_gmt":"2022-10-21T21:41:49","slug":"convocatoria-para-eleccion-y-acreditamiento-de-representante-titular-y-suplente-de-subsectores-de-conadi","status":"publish","type":"post","link":"https:\/\/conadi.gob.gt\/web\/convocatoria-para-eleccion-y-acreditamiento-de-representante-titular-y-suplente-de-subsectores-de-conadi\/","title":{"rendered":"CONVOCATORIA PARA ELECCI\u00d3N Y ACREDITAMIENTO DE REPRESENTANTE TITULAR Y SUPLENTE DE SUBSECTORES DE CONADI."},"content":{"rendered":"\n<p>CONVOCATORIA PARA ELECCI\u00d3N Y ACREDITAMIENTO DE REPRESENTANTE TITULAR Y SUPLENTE DE SUBSECTORES DE CONADI.<\/p>\n\n\n\n<p>La Comisi\u00f3n Electoral CONVOCA a Asamblea de los Subsectores de la Sociedad Civil, para elecci\u00f3n de su representante TITULAR y SUPLENTE. <\/p>\n\n\n\n<p>En fechas y horarios que se detallan a continuaci\u00f3n<\/p>\n\n\n\n<p>SUBSECTOR FECHA HORARIO LUGAR<\/p>\n\n\n\n<p>Subsector de organismos e instituciones que prestan atenci\u00f3n directa a las personas con discapacidad 14\/11\/2022 8:00 horas V\u00eda 5, 4-68 zona 4, Ciudad de Guatemala.<\/p>\n\n\n\n<p>Organismos e instituciones que promueven acciones a favor de las personas con discapacidad 14\/11\/2022 11:00 V\u00eda 5, 4-68 zona 4, Ciudad de Guatemala.<\/p>\n\n\n\n<p>Subsector de organizaciones de personas con discapacidad por causa del conflicto armado 14\/11\/2022 14:00 V\u00eda 5, 4-68 zona 4, Ciudad de Guatemala.<\/p>\n\n\n\n<p>Subsector de organizaciones de personas con discapacidad visual 14\/11\/2022 17:00 V\u00eda 5, 4-68 zona 4, Ciudad de Guatemala.<\/p>\n\n\n\n<p>Subsector de organizaciones de padres, madres y familiares de personas con discapacidad 15\/11\/2022 8:00 V\u00eda 5, 4-68 zona 4, Ciudad de Guatemala. <\/p>\n\n\n\n<p>Subsector de organizaciones de personas con discapacidad auditiva 15\/11\/2022 11:00 V\u00eda 5, 4-68 zona 4, Ciudad de Guatemala.<\/p>\n\n\n\n<p>Subsector de organizaciones de personas con discapacidad f\u00edsica 15\/11\/2022 14:00 V\u00eda 5, 4-68 zona 4, Ciudad de Guatemala.<\/p>\n\n\n\n<p>CONVOCATORIA PARA ELECCI\u00d3N Y ACREDITAMIENTO DE REPRESENTANTE TITULAR Y SUPLENTE DE SUBSECTORES DE CONADI.<\/p>\n\n\n\n<p>Se insta a las organizaciones civiles que integran los Subsectores a enviar su documentaci\u00f3n necesaria a partir del 10 de octubre del 2022 hasta UNA HORA antes en el lugar donde se realice la asamblea seg\u00fan fecha y hora asignada para cada Subsector.<\/p>\n\n\n\n<p>La documentaci\u00f3n que deben enviar o presentar seg\u00fan los art\u00edculos 11 y 12 del Reglamento General de Elecciones:<\/p>\n\n\n\n<p>Art\u00edculo 11. Requisitos para optar al cargo de Delegado titular o suplente de los subsectores:<\/p>\n\n\n\n<p>a. Ser delegado titular de una organizaci\u00f3n adscrita al CONADI y estar activa en el subsector respectivo<\/p>\n\n\n\n<p>b. Fotocopia simple de estatutos de la organizaci\u00f3n<\/p>\n\n\n\n<p>c. Nombramiento de organizaci\u00f3n que representa emitido por su autoridad competente o representante legal, deconformidad con sus estatutos.<\/p>\n\n\n\n<p>d. Finiquito administrativo y financiero extendido por CONADI, vigente<\/p>\n\n\n\n<p>e. Constancia Transitoria de Inexistencia de Reclamaci\u00f3n de Cargos extendida por la Contralor\u00eda General de Cuentasvigente, del delegado.<\/p>\n\n\n\n<p>f. Documento Personal de Identificaci\u00f3n, vigente del delegado<\/p>\n\n\n\n<p>g. Constancia de registro tributario unificado \u2013RTU- vigente del delegado<\/p>\n\n\n\n<p>h. Solvencia Fiscal vigente, del delegado.<\/p>\n\n\n\n<p>Art\u00edculo 12. Requisitos para participar en el proceso de elecci\u00f3n de delegado titular y suplente de los subsectores.<\/p>\n\n\n\n<p>a. Ser delegado titular de una organizaci\u00f3n adscrita al CONADI y estar activa en el subsector respectivo<\/p>\n\n\n\n<p>b. Fotocopia simple de estatutos de la organizaci\u00f3n<\/p>\n\n\n\n<p>c. Nombramiento de organizaci\u00f3n que representa emitido por su autoridad competente o representante legal, de conformidad con sus estatutos.<\/p>\n\n\n\n<p>d. Finiquito administrativo y financiero de la organizaci\u00f3n extendida por CONADI<\/p>\n\n\n\n<p>e. Documento Personal de Identificaci\u00f3n, vigente<\/p>\n\n\n\n<p>f. Constancia de registro tributario unificado \u2013RTU- vigente del delegado<\/p>\n\n\n\n<p>Direcci\u00f3n f\u00edsica para recibir documentaci\u00f3n: 1 avenida 4-18 zona 1, Ciudad de Guatemala.<\/p>\n\n\n\n<figure class=\"wp-block-gallery has-nested-images columns-default is-cropped wp-block-gallery-1 is-layout-flex wp-block-gallery-is-layout-flex\">\n<figure class=\"wp-block-image size-large\"><img loading=\"lazy\" decoding=\"async\" width=\"1024\" height=\"1024\" data-id=\"12070\" src=\"https:\/\/conadi.gob.gt\/web\/wp-content\/uploads\/2022\/10\/Comision-electoral-post-01-1024x1024.jpg\" alt=\"\" class=\"wp-image-12070\" srcset=\"https:\/\/conadi.gob.gt\/web\/wp-content\/uploads\/2022\/10\/Comision-electoral-post-01-1024x1024.jpg 1024w, https:\/\/conadi.gob.gt\/web\/wp-content\/uploads\/2022\/10\/Comision-electoral-post-01-300x300.jpg 300w, https:\/\/conadi.gob.gt\/web\/wp-content\/uploads\/2022\/10\/Comision-electoral-post-01-150x150.jpg 150w, https:\/\/conadi.gob.gt\/web\/wp-content\/uploads\/2022\/10\/Comision-electoral-post-01-768x768.jpg 768w, https:\/\/conadi.gob.gt\/web\/wp-content\/uploads\/2022\/10\/Comision-electoral-post-01.jpg 1200w\" sizes=\"auto, (max-width: 1024px) 100vw, 1024px\" \/><\/figure>\n\n\n\n<figure class=\"wp-block-image size-large\"><img loading=\"lazy\" decoding=\"async\" width=\"1024\" height=\"1024\" data-id=\"12071\" src=\"https:\/\/conadi.gob.gt\/web\/wp-content\/uploads\/2022\/10\/Comision-electoral-post-02-1024x1024.jpg\" alt=\"\" class=\"wp-image-12071\" srcset=\"https:\/\/conadi.gob.gt\/web\/wp-content\/uploads\/2022\/10\/Comision-electoral-post-02-1024x1024.jpg 1024w, https:\/\/conadi.gob.gt\/web\/wp-content\/uploads\/2022\/10\/Comision-electoral-post-02-300x300.jpg 300w, https:\/\/conadi.gob.gt\/web\/wp-content\/uploads\/2022\/10\/Comision-electoral-post-02-150x150.jpg 150w, https:\/\/conadi.gob.gt\/web\/wp-content\/uploads\/2022\/10\/Comision-electoral-post-02-768x768.jpg 768w, https:\/\/conadi.gob.gt\/web\/wp-content\/uploads\/2022\/10\/Comision-electoral-post-02.jpg 1200w\" sizes=\"auto, (max-width: 1024px) 100vw, 1024px\" \/><\/figure>\n<\/figure>\n","protected":false},"excerpt":{"rendered":"<p>CONVOCATORIA PARA ELECCI\u00d3N Y ACREDITAMIENTO DE REPRESENTANTE TITULAR Y SUPLENTE DE SUBSECTORES DE CONADI. La Comisi\u00f3n Electoral CONVOCA a Asamblea de los Subsectores de la Sociedad Civil, para elecci\u00f3n de su representante TITULAR y SUPLENTE. En fechas y horarios que se detallan a continuaci\u00f3n SUBSECTOR FECHA HORARIO LUGAR Subsector de organismos e instituciones que prestan &hellip; <\/p>\n<p class=\"link-more\"><a href=\"https:\/\/conadi.gob.gt\/web\/convocatoria-para-eleccion-y-acreditamiento-de-representante-titular-y-suplente-de-subsectores-de-conadi\/\" class=\"more-link\">Leer m\u00e1s<span class=\"screen-reader-text\"> \u00abCONVOCATORIA PARA ELECCI\u00d3N Y ACREDITAMIENTO DE REPRESENTANTE TITULAR Y SUPLENTE DE SUBSECTORES DE CONADI.\u00bb<\/span><\/a><\/p>\n","protected":false},"author":12,"featured_media":12007,"comment_status":"closed","ping_status":"closed","sticky":false,"template":"","format":"standard","meta":{"footnotes":""},"categories":[3],"tags":[],"class_list":["post-11987","post","type-post","status-publish","format-standard","has-post-thumbnail","hentry","category-noticias"],"_links":{"self":[{"href":"https:\/\/conadi.gob.gt\/web\/wp-json\/wp\/v2\/posts\/11987","targetHints":{"allow":["GET"]}}],"collection":[{"href":"https:\/\/conadi.gob.gt\/web\/wp-json\/wp\/v2\/posts"}],"about":[{"href":"https:\/\/conadi.gob.gt\/web\/wp-json\/wp\/v2\/types\/post"}],"author":[{"embeddable":true,"href":"https:\/\/conadi.gob.gt\/web\/wp-json\/wp\/v2\/users\/12"}],"replies":[{"embeddable":true,"href":"https:\/\/conadi.gob.gt\/web\/wp-json\/wp\/v2\/comments?post=11987"}],"version-history":[{"count":3,"href":"https:\/\/conadi.gob.gt\/web\/wp-json\/wp\/v2\/posts\/11987\/revisions"}],"predecessor-version":[{"id":12073,"href":"https:\/\/conadi.gob.gt\/web\/wp-json\/wp\/v2\/posts\/11987\/revisions\/12073"}],"wp:featuredmedia":[{"embeddable":true,"href":"https:\/\/conadi.gob.gt\/web\/wp-json\/wp\/v2\/media\/12007"}],"wp:attachment":[{"href":"https:\/\/conadi.gob.gt\/web\/wp-json\/wp\/v2\/media?parent=11987"}],"wp:term":[{"taxonomy":"category","embeddable":true,"href":"https:\/\/conadi.gob.gt\/web\/wp-json\/wp\/v2\/categories?post=11987"},{"taxonomy":"post_tag","embeddable":true,"href":"https:\/\/conadi.gob.gt\/web\/wp-json\/wp\/v2\/tags?post=11987"}],"curies":[{"name":"wp","href":"https:\/\/api.w.org\/{rel}","templated":true}]}}