{"id":11997,"date":"2022-10-11T20:54:34","date_gmt":"2022-10-11T20:54:34","guid":{"rendered":"https:\/\/conadi.gob.gt\/web\/?p=11997"},"modified":"2022-10-11T20:55:29","modified_gmt":"2022-10-11T20:55:29","slug":"secuelas-en-la-salud-ocular-durante-la-pandemia","status":"publish","type":"post","link":"https:\/\/conadi.gob.gt\/web\/secuelas-en-la-salud-ocular-durante-la-pandemia\/","title":{"rendered":"SECUELAS EN LA SALUD OCULAR, DURANTE LA PANDEMIA"},"content":{"rendered":"\n<p>Secuelas en la salud ocular, durante la pandemia, fue abordado por el Consejo Nacional para la Atenci\u00f3n de las Personas con Discapacidad (CONADI), en el marco del D\u00eda Mundial de la Visi\u00f3n, que se conmemora el segundo jueves de octubre de cada a\u00f1o, y que tiene el prop\u00f3sito de prevenir la discapacidad visual. El pronunciamiento se realiz\u00f3 de manera coordinada con el Ministerio de Salud P\u00fablica y Asistencia Social y la Comisi\u00f3n Nacional de Salud Ocular.<\/p>\n\n\n\n<figure class=\"wp-block-image size-large\"><img loading=\"lazy\" decoding=\"async\" width=\"1024\" height=\"683\" src=\"https:\/\/conadi.gob.gt\/web\/wp-content\/uploads\/2022\/10\/IMG_6871-1024x683.jpg\" alt=\"\" class=\"wp-image-11998\" srcset=\"https:\/\/conadi.gob.gt\/web\/wp-content\/uploads\/2022\/10\/IMG_6871-1024x683.jpg 1024w, https:\/\/conadi.gob.gt\/web\/wp-content\/uploads\/2022\/10\/IMG_6871-300x200.jpg 300w, https:\/\/conadi.gob.gt\/web\/wp-content\/uploads\/2022\/10\/IMG_6871-768x512.jpg 768w, https:\/\/conadi.gob.gt\/web\/wp-content\/uploads\/2022\/10\/IMG_6871-1536x1024.jpg 1536w, https:\/\/conadi.gob.gt\/web\/wp-content\/uploads\/2022\/10\/IMG_6871-2048x1365.jpg 2048w, https:\/\/conadi.gob.gt\/web\/wp-content\/uploads\/2022\/10\/IMG_6871-2000x1333.jpg 2000w\" sizes=\"auto, (max-width: 1024px) 100vw, 1024px\" \/><\/figure>\n\n\n\n<p>Entre las secuelas por el COVID se han incrementado los derrames internos en el ojo, retinopat\u00eda diab\u00e9tica, cataratas, ojo seco, aumento de problemas refractivos, informaron los profesionales de la Comisi\u00f3n Nacional de Salud Ocular. Asimismo, se dio a conocer que el 13 de octubre se realizar\u00e1n 120 operaciones de cataratas en la ciudad de Guatemala y 130 en los departamentos de Pet\u00e9n y Quetzaltenango. <\/p>\n\n\n\n<pre class=\"wp-block-verse\"><strong>Es importante tener vida al aire libre, dieta sana, tener controlada la presi\u00f3n y az\u00facar, no hay una edad para cuidar la vista<\/strong>. <\/pre>\n\n\n\n<p>El Conadi, a trav\u00e9s de su presidenta Clarivel Castillo, hizo hincapi\u00e9 en la prevenci\u00f3n de la discapacidad visual e hizo el llamado a la poblaci\u00f3n a unirse al lema del d\u00eda marco \u00abAma tus Ojos\u00bb, realizando chequeos peri\u00f3dicos de la visi\u00f3n.<\/p>\n\n\n\n<figure class=\"wp-block-image size-large\"><img loading=\"lazy\" decoding=\"async\" width=\"1024\" height=\"683\" src=\"https:\/\/conadi.gob.gt\/web\/wp-content\/uploads\/2022\/10\/IMG_6905-1024x683.jpg\" alt=\"\" class=\"wp-image-11999\" srcset=\"https:\/\/conadi.gob.gt\/web\/wp-content\/uploads\/2022\/10\/IMG_6905-1024x683.jpg 1024w, https:\/\/conadi.gob.gt\/web\/wp-content\/uploads\/2022\/10\/IMG_6905-300x200.jpg 300w, https:\/\/conadi.gob.gt\/web\/wp-content\/uploads\/2022\/10\/IMG_6905-768x512.jpg 768w, https:\/\/conadi.gob.gt\/web\/wp-content\/uploads\/2022\/10\/IMG_6905-1536x1024.jpg 1536w, https:\/\/conadi.gob.gt\/web\/wp-content\/uploads\/2022\/10\/IMG_6905-2048x1365.jpg 2048w, https:\/\/conadi.gob.gt\/web\/wp-content\/uploads\/2022\/10\/IMG_6905-2000x1333.jpg 2000w\" sizes=\"auto, (max-width: 1024px) 100vw, 1024px\" \/><\/figure>\n\n\n\n<p>Asimismo, participaron Gloria Serrano, representante del Ministerio de Salud P\u00fablica y Asistencia Social; Rafaela Salazar de la Universidad de San Carlos de Guatemala y A\u00edda Monz\u00f3n y Nicol\u00e1s Yee de la Comisi\u00f3n Nacional de Salud Ocular y de Visualiza.<\/p>\n","protected":false},"excerpt":{"rendered":"<p>Secuelas en la salud ocular, durante la pandemia, fue abordado por el Consejo Nacional para la Atenci\u00f3n de las Personas con Discapacidad (CONADI), en el marco del D\u00eda Mundial de la Visi\u00f3n, que se conmemora el segundo jueves de octubre de cada a\u00f1o, y que tiene el prop\u00f3sito de prevenir la discapacidad visual. El pronunciamiento &hellip; <\/p>\n<p class=\"link-more\"><a href=\"https:\/\/conadi.gob.gt\/web\/secuelas-en-la-salud-ocular-durante-la-pandemia\/\" class=\"more-link\">Leer m\u00e1s<span class=\"screen-reader-text\"> \u00abSECUELAS EN LA SALUD OCULAR, DURANTE LA PANDEMIA\u00bb<\/span><\/a><\/p>\n","protected":false},"author":12,"featured_media":11998,"comment_status":"closed","ping_status":"closed","sticky":false,"template":"","format":"standard","meta":{"footnotes":""},"categories":[3],"tags":[],"class_list":["post-11997","post","type-post","status-publish","format-standard","has-post-thumbnail","hentry","category-noticias"],"_links":{"self":[{"href":"https:\/\/conadi.gob.gt\/web\/wp-json\/wp\/v2\/posts\/11997","targetHints":{"allow":["GET"]}}],"collection":[{"href":"https:\/\/conadi.gob.gt\/web\/wp-json\/wp\/v2\/posts"}],"about":[{"href":"https:\/\/conadi.gob.gt\/web\/wp-json\/wp\/v2\/types\/post"}],"author":[{"embeddable":true,"href":"https:\/\/conadi.gob.gt\/web\/wp-json\/wp\/v2\/users\/12"}],"replies":[{"embeddable":true,"href":"https:\/\/conadi.gob.gt\/web\/wp-json\/wp\/v2\/comments?post=11997"}],"version-history":[{"count":7,"href":"https:\/\/conadi.gob.gt\/web\/wp-json\/wp\/v2\/posts\/11997\/revisions"}],"predecessor-version":[{"id":12006,"href":"https:\/\/conadi.gob.gt\/web\/wp-json\/wp\/v2\/posts\/11997\/revisions\/12006"}],"wp:featuredmedia":[{"embeddable":true,"href":"https:\/\/conadi.gob.gt\/web\/wp-json\/wp\/v2\/media\/11998"}],"wp:attachment":[{"href":"https:\/\/conadi.gob.gt\/web\/wp-json\/wp\/v2\/media?parent=11997"}],"wp:term":[{"taxonomy":"category","embeddable":true,"href":"https:\/\/conadi.gob.gt\/web\/wp-json\/wp\/v2\/categories?post=11997"},{"taxonomy":"post_tag","embeddable":true,"href":"https:\/\/conadi.gob.gt\/web\/wp-json\/wp\/v2\/tags?post=11997"}],"curies":[{"name":"wp","href":"https:\/\/api.w.org\/{rel}","templated":true}]}}