{"id":12015,"date":"2022-10-13T18:38:53","date_gmt":"2022-10-13T18:38:53","guid":{"rendered":"https:\/\/conadi.gob.gt\/web\/?p=12015"},"modified":"2022-10-18T16:50:16","modified_gmt":"2022-10-18T16:50:16","slug":"accesibilidad-universal-y-atencion-a-las-personas-con-discapacidad","status":"publish","type":"post","link":"https:\/\/conadi.gob.gt\/web\/accesibilidad-universal-y-atencion-a-las-personas-con-discapacidad\/","title":{"rendered":"ACCESIBILIDAD UNIVERSAL Y ATENCI\u00d3N A LAS PERSONAS CON DISCAPACIDAD"},"content":{"rendered":"\n<p>135 trabajadores del \u00e1rea administrativa y gu\u00edas del Parque Nacional Tikal, Pet\u00e9n, recibieron capacitaci\u00f3n sobre \u00abAccesibilidad Universal y Atenci\u00f3n a las Personas con Discapacidad\u00bb, como parte de la Estrategia de mejora de Accesibilidad Universal al Patrimonio Cultural de Guatemala.<\/p>\n\n\n\n<p>Con esta acci\u00f3n se busca dar cumplimiento a los derechos: accesibilidad, a vivir de forma independiente, acceso a la cultura, actividades recreativas y esparcimiento, entre otros.<\/p>\n\n\n\n<p>La actividad fue desarrollada por el CONADI, conjuntamente con la sub-administraci\u00f3n del parque del Viceministerio de Patrimonio Cultural y Natural del Ministerio de Cultura y Deportes (MCD), en seguimiento al convenio entre el CONADI, La Agencia Espa\u00f1ola de Cooperaci\u00f3n Internacional para el Desarrollo (AECID) y MCD.<\/p>\n\n\n\n<figure class=\"wp-block-gallery has-nested-images columns-default is-cropped wp-block-gallery-1 is-layout-flex wp-block-gallery-is-layout-flex\">\n<figure class=\"wp-block-image size-large\"><img loading=\"lazy\" decoding=\"async\" width=\"1024\" height=\"768\" data-id=\"12017\" src=\"https:\/\/conadi.gob.gt\/web\/wp-content\/uploads\/2022\/10\/311031625_480279067479274_8355043929752258530_n-1024x768.jpg\" alt=\"\" class=\"wp-image-12017\" srcset=\"https:\/\/conadi.gob.gt\/web\/wp-content\/uploads\/2022\/10\/311031625_480279067479274_8355043929752258530_n-1024x768.jpg 1024w, https:\/\/conadi.gob.gt\/web\/wp-content\/uploads\/2022\/10\/311031625_480279067479274_8355043929752258530_n-300x225.jpg 300w, https:\/\/conadi.gob.gt\/web\/wp-content\/uploads\/2022\/10\/311031625_480279067479274_8355043929752258530_n-768x576.jpg 768w, https:\/\/conadi.gob.gt\/web\/wp-content\/uploads\/2022\/10\/311031625_480279067479274_8355043929752258530_n.jpg 1280w\" sizes=\"auto, (max-width: 1024px) 100vw, 1024px\" \/><\/figure>\n<\/figure>\n\n\n\n<p>Las capacitaciones al personal del parque Nacional Tikal, Pet\u00e9n, se impartieron con el objetivo de generar toma de conciencia sobre Accesibilidad Universal y Atenci\u00f3n a las Personas con Discapacidad, con el prop\u00f3sito de crear un entorno integral que pueda favorecer el acceso y la mejora de las condiciones de accesibilidad a los visitantes con discapacidad del parque<\/p>\n\n\n\n<p>La capacitaci\u00f3n se realiza en el marco del Proyecto Estrategia de Mejora de la Accesibilidad Universal al Patrimonio Cultural de Guatemala, que gira en torno a tres tem\u00e1ticas. Dulce Z\u00fa\u00f1iga, Promotora de Pet\u00e9n para el CONADI, dio a conocer el quehacer de la instituci\u00f3n, misi\u00f3n y visi\u00f3n, as\u00ed como los ejes de acci\u00f3n y principales logros. Asimismo, en su intervenci\u00f3n tambi\u00e9n abord\u00f3 el tema de la importancia del uso correcto de la terminolog\u00eda y el trato hacia las personas con discapacidad.<\/p>\n\n\n\n<p>En tanto, Jorge Luis L\u00f3pez, Capacitador del CONADI, expuso los factores que condicionan la a las personas con discapacidad. Finalmente, Mayar\u00ed Mena, Coordinadora del Proyecto \u201cEstrategia de Mejora de la Accesibilidad Universal al Patrimonio Cultural de Guatemala (proyecto CONADI-AECID) abord\u00f3 la accesibilidad y el dise\u00f1o universal enfocado al Patrimonio Cultural.El desarrollo de este proceso de capacitaci\u00f3n al personal del Parque Nacional Tikal, ha sido de gran valor como parte del proyecto que se est\u00e1 ejecutando actualmente por el CONADI y la Agencia Espa\u00f1ola de Cooperaci\u00f3n Internacional para el Desarrollo (AECID). Las capacitaciones se han realizado en coordinaci\u00f3n con el Viceministerio de Patrimonio Cultural y Natural del MICUDE.<\/p>\n\n\n\n<figure class=\"wp-block-image size-full\"><img loading=\"lazy\" decoding=\"async\" width=\"1024\" height=\"768\" src=\"https:\/\/conadi.gob.gt\/web\/wp-content\/uploads\/2022\/10\/WhatsApp-Image-2022-10-06-at-15.09.58.jpeg\" alt=\"\" class=\"wp-image-12016\" srcset=\"https:\/\/conadi.gob.gt\/web\/wp-content\/uploads\/2022\/10\/WhatsApp-Image-2022-10-06-at-15.09.58.jpeg 1024w, https:\/\/conadi.gob.gt\/web\/wp-content\/uploads\/2022\/10\/WhatsApp-Image-2022-10-06-at-15.09.58-300x225.jpeg 300w, https:\/\/conadi.gob.gt\/web\/wp-content\/uploads\/2022\/10\/WhatsApp-Image-2022-10-06-at-15.09.58-768x576.jpeg 768w\" sizes=\"auto, (max-width: 1024px) 100vw, 1024px\" \/><\/figure>\n\n\n\n<p>Dando a conocer el quehacer del CONADI, relacionamiento con las personas con discapacidad, conceptos b\u00e1sicos de dise\u00f1o y accesibilidad universal, se dan por concluidas las capacitaciones \u201cAccesibilidad Universal y Atenci\u00f3n a las Persona con Discapacidad\u201d, dirigidas a colaboradores del Parque Arqueol\u00f3gico Tikal, en Pet\u00e9n, acci\u00f3n que busca fortalecer el conocimiento de los actores de atenci\u00f3n que atienden dicho parque. <\/p>\n\n\n\n<p>En la jornada de clausura, se cont\u00f3 con la participaci\u00f3n de Clarivel Castillo, presidenta del CONADI, quien destac\u00f3 la importancia que instituciones prestadoras de servicios de esparcimiento y recreaci\u00f3n a la poblaci\u00f3n se preparen para brindar una atenci\u00f3n adecuada y digna. Agreg\u00f3, \u00abel CONADI est\u00e1 comprometido en seguir capacitando y asesorando para generar nuevos conocimientos para el beneficio de las personas que trabajan en la atenci\u00f3n de los visitantes del parque arqueol\u00f3gico\u00bb.<\/p>\n\n\n\n<figure class=\"wp-block-image size-large\"><img loading=\"lazy\" decoding=\"async\" width=\"1024\" height=\"682\" src=\"https:\/\/conadi.gob.gt\/web\/wp-content\/uploads\/2022\/10\/WhatsApp-Image-2022-10-07-at-14.08.12-1024x682.jpeg\" alt=\"\" class=\"wp-image-12018\" srcset=\"https:\/\/conadi.gob.gt\/web\/wp-content\/uploads\/2022\/10\/WhatsApp-Image-2022-10-07-at-14.08.12-1024x682.jpeg 1024w, https:\/\/conadi.gob.gt\/web\/wp-content\/uploads\/2022\/10\/WhatsApp-Image-2022-10-07-at-14.08.12-300x200.jpeg 300w, https:\/\/conadi.gob.gt\/web\/wp-content\/uploads\/2022\/10\/WhatsApp-Image-2022-10-07-at-14.08.12-768x512.jpeg 768w, https:\/\/conadi.gob.gt\/web\/wp-content\/uploads\/2022\/10\/WhatsApp-Image-2022-10-07-at-14.08.12.jpeg 1280w\" sizes=\"auto, (max-width: 1024px) 100vw, 1024px\" \/><\/figure>\n\n\n\n<p>Dimas P\u00e9rez, ingeniero sub administrador del parque Tikal, refiri\u00f3 que por primera vez se aborda la tem\u00e1tica de discapacidad en las capacitaciones dirigidas al personal y que con el conocimiento que se adquiera ayudar\u00e1 a mejorar la experiencia de los visitantes en condici\u00f3n de discapacidad y desarrollar\u00e1 la conciencia social, principios y valores de cada uno de los trabajadores del parque.<\/p>\n\n\n\n<p>Castillo, acompa\u00f1ada por Manoela Mena, arquitecta encargada del Proyecto de Mejora de Accesibilidad Universal al Patrimonio cultural de Guatemala, realizaron un recorrido de reconocimiento de los puntos clave a considerar para la primera fase de mejoras en ajustes razonables de accesibilidad, para contribuir que la experiencia de los visitantes con discapacidad a dicho parque sea en las mismas condiciones que los dem\u00e1s.<\/p>\n\n\n\n<p>Este proyecto cuenta con el apoyo de la Agencia Espa\u00f1ola de Cooperaci\u00f3n Internacional para el Desarrollo Aecid Guatemala y el Viceministerio de Patrimonio Cultural y Natural del Ministerio de Cultura y Deportes; entidades que buscan contribuir con el cumplimiento de la Convenci\u00f3n sobre Derechos de las Personas con Discapacidad y promover el mejoramiento de uno de los sitios tur\u00edsticos con mayor afluencia en nuestro pa\u00eds.<\/p>\n","protected":false},"excerpt":{"rendered":"<p>135 trabajadores del \u00e1rea administrativa y gu\u00edas del Parque Nacional Tikal, Pet\u00e9n, recibieron capacitaci\u00f3n sobre \u00abAccesibilidad Universal y Atenci\u00f3n a las Personas con Discapacidad\u00bb, como parte de la Estrategia de mejora de Accesibilidad Universal al Patrimonio Cultural de Guatemala. Con esta acci\u00f3n se busca dar cumplimiento a los derechos: accesibilidad, a vivir de forma independiente, &hellip; <\/p>\n<p class=\"link-more\"><a href=\"https:\/\/conadi.gob.gt\/web\/accesibilidad-universal-y-atencion-a-las-personas-con-discapacidad\/\" class=\"more-link\">Leer m\u00e1s<span class=\"screen-reader-text\"> \u00abACCESIBILIDAD UNIVERSAL Y ATENCI\u00d3N A LAS PERSONAS CON DISCAPACIDAD\u00bb<\/span><\/a><\/p>\n","protected":false},"author":12,"featured_media":12017,"comment_status":"closed","ping_status":"closed","sticky":false,"template":"","format":"standard","meta":{"footnotes":""},"categories":[3],"tags":[],"class_list":["post-12015","post","type-post","status-publish","format-standard","has-post-thumbnail","hentry","category-noticias"],"_links":{"self":[{"href":"https:\/\/conadi.gob.gt\/web\/wp-json\/wp\/v2\/posts\/12015","targetHints":{"allow":["GET"]}}],"collection":[{"href":"https:\/\/conadi.gob.gt\/web\/wp-json\/wp\/v2\/posts"}],"about":[{"href":"https:\/\/conadi.gob.gt\/web\/wp-json\/wp\/v2\/types\/post"}],"author":[{"embeddable":true,"href":"https:\/\/conadi.gob.gt\/web\/wp-json\/wp\/v2\/users\/12"}],"replies":[{"embeddable":true,"href":"https:\/\/conadi.gob.gt\/web\/wp-json\/wp\/v2\/comments?post=12015"}],"version-history":[{"count":2,"href":"https:\/\/conadi.gob.gt\/web\/wp-json\/wp\/v2\/posts\/12015\/revisions"}],"predecessor-version":[{"id":12028,"href":"https:\/\/conadi.gob.gt\/web\/wp-json\/wp\/v2\/posts\/12015\/revisions\/12028"}],"wp:featuredmedia":[{"embeddable":true,"href":"https:\/\/conadi.gob.gt\/web\/wp-json\/wp\/v2\/media\/12017"}],"wp:attachment":[{"href":"https:\/\/conadi.gob.gt\/web\/wp-json\/wp\/v2\/media?parent=12015"}],"wp:term":[{"taxonomy":"category","embeddable":true,"href":"https:\/\/conadi.gob.gt\/web\/wp-json\/wp\/v2\/categories?post=12015"},{"taxonomy":"post_tag","embeddable":true,"href":"https:\/\/conadi.gob.gt\/web\/wp-json\/wp\/v2\/tags?post=12015"}],"curies":[{"name":"wp","href":"https:\/\/api.w.org\/{rel}","templated":true}]}}