{"id":12030,"date":"2022-10-18T21:45:34","date_gmt":"2022-10-18T21:45:34","guid":{"rendered":"https:\/\/conadi.gob.gt\/web\/?p=12030"},"modified":"2022-10-18T22:00:46","modified_gmt":"2022-10-18T22:00:46","slug":"el-conadi-participa-en-conferencia-de-prensa-en-el-palacio-nacional","status":"publish","type":"post","link":"https:\/\/conadi.gob.gt\/web\/el-conadi-participa-en-conferencia-de-prensa-en-el-palacio-nacional\/","title":{"rendered":"EL CONADI PROMUEVE INSTRUMENTO DE RECOLECCI\u00d3N DE DATOS ANTE LA INSTITUCIONALIDAD P\u00daBLICA  Y REALIZACI\u00d3N DE TERCERA ENDIS"},"content":{"rendered":"\n<p>El avance en el proceso de Certificaci\u00f3n de la Discapacidad, la promoci\u00f3n del uso de las preguntas del Grupo Washington en el Sistema Nacional de Informaci\u00f3n Social (SNIS) del Ministerio de Desarrollo (MIDES) y la necesidad de realizar una tercera encuesta nacional de discapacidad (ENDIS), fueron los temas dados a conocer por la licenciada Clarivel Castillo, presidenta del CONADI, en conferencia de prensa en el Palacio Nacional de la Cultura.<\/p>\n\n\n\n<figure class=\"wp-block-image size-large is-resized\"><img loading=\"lazy\" decoding=\"async\" src=\"https:\/\/conadi.gob.gt\/web\/wp-content\/uploads\/2022\/10\/311685393_490393056467875_2293142348388142165_n-1024x683.jpg\" alt=\"\" class=\"wp-image-12032\" width=\"839\" height=\"559\" srcset=\"https:\/\/conadi.gob.gt\/web\/wp-content\/uploads\/2022\/10\/311685393_490393056467875_2293142348388142165_n-1024x683.jpg 1024w, https:\/\/conadi.gob.gt\/web\/wp-content\/uploads\/2022\/10\/311685393_490393056467875_2293142348388142165_n-300x200.jpg 300w, https:\/\/conadi.gob.gt\/web\/wp-content\/uploads\/2022\/10\/311685393_490393056467875_2293142348388142165_n-768x512.jpg 768w, https:\/\/conadi.gob.gt\/web\/wp-content\/uploads\/2022\/10\/311685393_490393056467875_2293142348388142165_n-1536x1024.jpg 1536w, https:\/\/conadi.gob.gt\/web\/wp-content\/uploads\/2022\/10\/311685393_490393056467875_2293142348388142165_n-2000x1333.jpg 2000w, https:\/\/conadi.gob.gt\/web\/wp-content\/uploads\/2022\/10\/311685393_490393056467875_2293142348388142165_n.jpg 2048w\" sizes=\"auto, (max-width: 839px) 100vw, 839px\" \/><\/figure>\n\n\n\n<p>Castillo mencion\u00f3 el trabajo realizado por el CONADI  junto con el Viceministerio de Patrimonio Cultural del Ministerio de Cultura y Deportes (MCD) y la Cooperaci\u00f3n Espa\u00f1ola, acerca de la accesibilidad universal en el parque nacional Tikal, en Pet\u00e9n. <\/p>\n\n\n\n<p>Asimismo, Maira Rivas, delegada del subsector de discapacidad visual, asever\u00f3 que se contin\u00faan generando acciones de toma de conciencia sobre el respeto al bast\u00f3n blanco, instrumento que utilizan las personas ciegas en apoyo a su movilidad y su inclusi\u00f3n social. El Bast\u00f3n Blanco se visibiliza durante el mes de octubre de cada a\u00f1o.<\/p>\n\n\n\n<figure class=\"wp-block-image size-large\"><img loading=\"lazy\" decoding=\"async\" width=\"1024\" height=\"683\" src=\"https:\/\/conadi.gob.gt\/web\/wp-content\/uploads\/2022\/10\/312170117_490382559802258_2359446524799917749_n-1024x683.jpg\" alt=\"\" class=\"wp-image-12036\" srcset=\"https:\/\/conadi.gob.gt\/web\/wp-content\/uploads\/2022\/10\/312170117_490382559802258_2359446524799917749_n-1024x683.jpg 1024w, https:\/\/conadi.gob.gt\/web\/wp-content\/uploads\/2022\/10\/312170117_490382559802258_2359446524799917749_n-300x200.jpg 300w, https:\/\/conadi.gob.gt\/web\/wp-content\/uploads\/2022\/10\/312170117_490382559802258_2359446524799917749_n-768x512.jpg 768w, https:\/\/conadi.gob.gt\/web\/wp-content\/uploads\/2022\/10\/312170117_490382559802258_2359446524799917749_n-1536x1024.jpg 1536w, https:\/\/conadi.gob.gt\/web\/wp-content\/uploads\/2022\/10\/312170117_490382559802258_2359446524799917749_n-2000x1333.jpg 2000w, https:\/\/conadi.gob.gt\/web\/wp-content\/uploads\/2022\/10\/312170117_490382559802258_2359446524799917749_n.jpg 2048w\" sizes=\"auto, (max-width: 1024px) 100vw, 1024px\" \/><\/figure>\n\n\n\n<p><a href=\"https:\/\/www.facebook.com\/watch\/?v=433355552068272\">https:\/\/www.facebook.com\/watch\/?v=433355552068272<\/a><\/p>\n\n\n\n<p><\/p>\n","protected":false},"excerpt":{"rendered":"<p>El avance en el proceso de Certificaci\u00f3n de la Discapacidad, la promoci\u00f3n del uso de las preguntas del Grupo Washington en el Sistema Nacional de Informaci\u00f3n Social (SNIS) del Ministerio de Desarrollo (MIDES) y la necesidad de realizar una tercera encuesta nacional de discapacidad (ENDIS), fueron los temas dados a conocer por la licenciada Clarivel &hellip; <\/p>\n<p class=\"link-more\"><a href=\"https:\/\/conadi.gob.gt\/web\/el-conadi-participa-en-conferencia-de-prensa-en-el-palacio-nacional\/\" class=\"more-link\">Leer m\u00e1s<span class=\"screen-reader-text\"> \u00abEL CONADI PROMUEVE INSTRUMENTO DE RECOLECCI\u00d3N DE DATOS ANTE LA INSTITUCIONALIDAD P\u00daBLICA  Y REALIZACI\u00d3N DE TERCERA ENDIS\u00bb<\/span><\/a><\/p>\n","protected":false},"author":12,"featured_media":12032,"comment_status":"closed","ping_status":"closed","sticky":false,"template":"","format":"standard","meta":{"footnotes":""},"categories":[3],"tags":[],"class_list":["post-12030","post","type-post","status-publish","format-standard","has-post-thumbnail","hentry","category-noticias"],"_links":{"self":[{"href":"https:\/\/conadi.gob.gt\/web\/wp-json\/wp\/v2\/posts\/12030","targetHints":{"allow":["GET"]}}],"collection":[{"href":"https:\/\/conadi.gob.gt\/web\/wp-json\/wp\/v2\/posts"}],"about":[{"href":"https:\/\/conadi.gob.gt\/web\/wp-json\/wp\/v2\/types\/post"}],"author":[{"embeddable":true,"href":"https:\/\/conadi.gob.gt\/web\/wp-json\/wp\/v2\/users\/12"}],"replies":[{"embeddable":true,"href":"https:\/\/conadi.gob.gt\/web\/wp-json\/wp\/v2\/comments?post=12030"}],"version-history":[{"count":6,"href":"https:\/\/conadi.gob.gt\/web\/wp-json\/wp\/v2\/posts\/12030\/revisions"}],"predecessor-version":[{"id":12042,"href":"https:\/\/conadi.gob.gt\/web\/wp-json\/wp\/v2\/posts\/12030\/revisions\/12042"}],"wp:featuredmedia":[{"embeddable":true,"href":"https:\/\/conadi.gob.gt\/web\/wp-json\/wp\/v2\/media\/12032"}],"wp:attachment":[{"href":"https:\/\/conadi.gob.gt\/web\/wp-json\/wp\/v2\/media?parent=12030"}],"wp:term":[{"taxonomy":"category","embeddable":true,"href":"https:\/\/conadi.gob.gt\/web\/wp-json\/wp\/v2\/categories?post=12030"},{"taxonomy":"post_tag","embeddable":true,"href":"https:\/\/conadi.gob.gt\/web\/wp-json\/wp\/v2\/tags?post=12030"}],"curies":[{"name":"wp","href":"https:\/\/api.w.org\/{rel}","templated":true}]}}