{"id":12063,"date":"2022-10-21T20:16:50","date_gmt":"2022-10-21T20:16:50","guid":{"rendered":"https:\/\/conadi.gob.gt\/web\/?p=12063"},"modified":"2022-10-21T20:16:50","modified_gmt":"2022-10-21T20:16:50","slug":"taller-de-habilidades-del-buen-uso-del-baston-blanco","status":"publish","type":"post","link":"https:\/\/conadi.gob.gt\/web\/taller-de-habilidades-del-buen-uso-del-baston-blanco\/","title":{"rendered":"TALLER DE HABILIDADES DEL BUEN USO DEL BAST\u00d3N BLANCO"},"content":{"rendered":"\n<p>La promoci\u00f3n del buen uso del bast\u00f3n blanco y reconocer la importancia de este instrumento t\u00e9cnico, que utilizan las personas con discapacidad visual, fueron los temas abordados en el taller realizado en el marco de la conmemoraci\u00f3n del D\u00eda del Bast\u00f3n Blanco, por el Subsector de Organizaciones de Personas con Discapacidad Visual del Consejo Nacional para la Atenci\u00f3n de Personas con Discapacidad (CONADI).<\/p>\n\n\n\n<figure class=\"wp-block-image size-large\"><img loading=\"lazy\" decoding=\"async\" width=\"1024\" height=\"683\" src=\"https:\/\/conadi.gob.gt\/web\/wp-content\/uploads\/2022\/10\/IMG_7645-1024x683.jpg\" alt=\"\" class=\"wp-image-12064\" srcset=\"https:\/\/conadi.gob.gt\/web\/wp-content\/uploads\/2022\/10\/IMG_7645-1024x683.jpg 1024w, https:\/\/conadi.gob.gt\/web\/wp-content\/uploads\/2022\/10\/IMG_7645-300x200.jpg 300w, https:\/\/conadi.gob.gt\/web\/wp-content\/uploads\/2022\/10\/IMG_7645-768x512.jpg 768w, https:\/\/conadi.gob.gt\/web\/wp-content\/uploads\/2022\/10\/IMG_7645-1536x1024.jpg 1536w, https:\/\/conadi.gob.gt\/web\/wp-content\/uploads\/2022\/10\/IMG_7645-2048x1365.jpg 2048w, https:\/\/conadi.gob.gt\/web\/wp-content\/uploads\/2022\/10\/IMG_7645-2000x1333.jpg 2000w\" sizes=\"auto, (max-width: 1024px) 100vw, 1024px\" \/><\/figure>\n\n\n\n<p>Maira Rivas, delegada del Subsector de Organizaciones de Personas con Discapacidad Visual, realiz\u00f3 la entrega de una plaqueta de homenaje p\u00f3stumo a familiares de Jorge Enrique Yat Max, quien fue delegado titular del subsector de personas con discapacidad visual ante el Consejo de Delegados del CONADI.<\/p>\n\n\n\n<figure class=\"wp-block-image size-large\"><img loading=\"lazy\" decoding=\"async\" width=\"1024\" height=\"683\" src=\"https:\/\/conadi.gob.gt\/web\/wp-content\/uploads\/2022\/10\/IMG_7449-1024x683.jpg\" alt=\"\" class=\"wp-image-12065\" srcset=\"https:\/\/conadi.gob.gt\/web\/wp-content\/uploads\/2022\/10\/IMG_7449-1024x683.jpg 1024w, https:\/\/conadi.gob.gt\/web\/wp-content\/uploads\/2022\/10\/IMG_7449-300x200.jpg 300w, https:\/\/conadi.gob.gt\/web\/wp-content\/uploads\/2022\/10\/IMG_7449-768x512.jpg 768w, https:\/\/conadi.gob.gt\/web\/wp-content\/uploads\/2022\/10\/IMG_7449-1536x1024.jpg 1536w, https:\/\/conadi.gob.gt\/web\/wp-content\/uploads\/2022\/10\/IMG_7449-2048x1365.jpg 2048w, https:\/\/conadi.gob.gt\/web\/wp-content\/uploads\/2022\/10\/IMG_7449-2000x1333.jpg 2000w\" sizes=\"auto, (max-width: 1024px) 100vw, 1024px\" \/><\/figure>\n\n\n\n<p>Luis Alberto Rivera, llev\u00f3 a cabo el desarrollo del taller compartiendo datos hist\u00f3ricos, tipos de bast\u00f3n, t\u00e9cnicas de uso y las t\u00e9cnicas para interactuar con personas sin discapacidad visual.<\/p>\n\n\n\n<p>En la actividad se cont\u00f3 con la participaci\u00f3n de asociaciones adscritas al CONADI, Asociaci\u00f3n Nacional de Ciegos de Guatemala (ANCG); Asociaci\u00f3n de Personas No Videntes de Jutiapa (APENOVIJUT); Asociaci\u00f3n de Ciegos Unidos para el Desarrollo (ACUDE); Asociaci\u00f3n Guatemalteca de Personas con Discapacidad Visual (AGUAPEDIV) y Asociaci\u00f3n Central de Ciegos de Guatemala (ACCG), Asociaci\u00f3n de Ciegos para la Cultura y el Deporte (ACCD).<\/p>\n\n\n\n<figure class=\"wp-block-image size-large\"><img loading=\"lazy\" decoding=\"async\" width=\"1024\" height=\"683\" src=\"https:\/\/conadi.gob.gt\/web\/wp-content\/uploads\/2022\/10\/IMG_7575-1024x683.jpg\" alt=\"\" class=\"wp-image-12066\" srcset=\"https:\/\/conadi.gob.gt\/web\/wp-content\/uploads\/2022\/10\/IMG_7575-1024x683.jpg 1024w, https:\/\/conadi.gob.gt\/web\/wp-content\/uploads\/2022\/10\/IMG_7575-300x200.jpg 300w, https:\/\/conadi.gob.gt\/web\/wp-content\/uploads\/2022\/10\/IMG_7575-768x512.jpg 768w, https:\/\/conadi.gob.gt\/web\/wp-content\/uploads\/2022\/10\/IMG_7575-1536x1024.jpg 1536w, https:\/\/conadi.gob.gt\/web\/wp-content\/uploads\/2022\/10\/IMG_7575-2048x1365.jpg 2048w, https:\/\/conadi.gob.gt\/web\/wp-content\/uploads\/2022\/10\/IMG_7575-2000x1333.jpg 2000w\" sizes=\"auto, (max-width: 1024px) 100vw, 1024px\" \/><\/figure>\n","protected":false},"excerpt":{"rendered":"<p>La promoci\u00f3n del buen uso del bast\u00f3n blanco y reconocer la importancia de este instrumento t\u00e9cnico, que utilizan las personas con discapacidad visual, fueron los temas abordados en el taller realizado en el marco de la conmemoraci\u00f3n del D\u00eda del Bast\u00f3n Blanco, por el Subsector de Organizaciones de Personas con Discapacidad Visual del Consejo Nacional &hellip; <\/p>\n<p class=\"link-more\"><a href=\"https:\/\/conadi.gob.gt\/web\/taller-de-habilidades-del-buen-uso-del-baston-blanco\/\" class=\"more-link\">Leer m\u00e1s<span class=\"screen-reader-text\"> \u00abTALLER DE HABILIDADES DEL BUEN USO DEL BAST\u00d3N BLANCO\u00bb<\/span><\/a><\/p>\n","protected":false},"author":12,"featured_media":12064,"comment_status":"closed","ping_status":"closed","sticky":false,"template":"","format":"standard","meta":{"footnotes":""},"categories":[3],"tags":[],"class_list":["post-12063","post","type-post","status-publish","format-standard","has-post-thumbnail","hentry","category-noticias"],"_links":{"self":[{"href":"https:\/\/conadi.gob.gt\/web\/wp-json\/wp\/v2\/posts\/12063","targetHints":{"allow":["GET"]}}],"collection":[{"href":"https:\/\/conadi.gob.gt\/web\/wp-json\/wp\/v2\/posts"}],"about":[{"href":"https:\/\/conadi.gob.gt\/web\/wp-json\/wp\/v2\/types\/post"}],"author":[{"embeddable":true,"href":"https:\/\/conadi.gob.gt\/web\/wp-json\/wp\/v2\/users\/12"}],"replies":[{"embeddable":true,"href":"https:\/\/conadi.gob.gt\/web\/wp-json\/wp\/v2\/comments?post=12063"}],"version-history":[{"count":1,"href":"https:\/\/conadi.gob.gt\/web\/wp-json\/wp\/v2\/posts\/12063\/revisions"}],"predecessor-version":[{"id":12067,"href":"https:\/\/conadi.gob.gt\/web\/wp-json\/wp\/v2\/posts\/12063\/revisions\/12067"}],"wp:featuredmedia":[{"embeddable":true,"href":"https:\/\/conadi.gob.gt\/web\/wp-json\/wp\/v2\/media\/12064"}],"wp:attachment":[{"href":"https:\/\/conadi.gob.gt\/web\/wp-json\/wp\/v2\/media?parent=12063"}],"wp:term":[{"taxonomy":"category","embeddable":true,"href":"https:\/\/conadi.gob.gt\/web\/wp-json\/wp\/v2\/categories?post=12063"},{"taxonomy":"post_tag","embeddable":true,"href":"https:\/\/conadi.gob.gt\/web\/wp-json\/wp\/v2\/tags?post=12063"}],"curies":[{"name":"wp","href":"https:\/\/api.w.org\/{rel}","templated":true}]}}