{"id":12131,"date":"2022-11-07T17:55:03","date_gmt":"2022-11-07T17:55:03","guid":{"rendered":"https:\/\/conadi.gob.gt\/web\/?p=12131"},"modified":"2022-11-07T17:55:04","modified_gmt":"2022-11-07T17:55:04","slug":"taller-registro-administrativo-de-personas-con-discapacidad-beneficiarias-de-programas-sociales-e-intervenciones","status":"publish","type":"post","link":"https:\/\/conadi.gob.gt\/web\/taller-registro-administrativo-de-personas-con-discapacidad-beneficiarias-de-programas-sociales-e-intervenciones\/","title":{"rendered":"TALLER \u201cREGISTRO ADMINISTRATIVO DE PERSONAS CON DISCAPACIDAD BENEFICIARIAS DE PROGRAMAS SOCIALES E INTERVENCIONES\u201d"},"content":{"rendered":"\n<p>\u201cRegistro Administrativo de Personas con Discapacidad Beneficiarias de Programas Sociales e Intervenciones\u201d, es el nombre del Taller que desarroll\u00f3 el CONAI a trav\u00e9s del Departamento de Desarrollo de Investigaci\u00f3n y An\u00e1lisis de la Informaci\u00f3n; con el fin de presentar a las instituciones p\u00fablicas que reportan al Sistema Nacional de Informaci\u00f3n Social (SNIS), las variables homologadas para el registro de Personas con discapacidad.<\/p>\n\n\n\n<p>La implementaci\u00f3n del set de preguntas cortas de Washington Group en los registros administrativos de las instituciones que reportan informaci\u00f3n al SNIS fue propuesto por Esteban G\u00f3mez, jefe del departamento de Investigaci\u00f3n y An\u00e1lisis de la Informaci\u00f3n del CONADI, a los representantes de las instituciones de gobierno presentes en el desarrollo del taller. Asimismo, el An\u00e1lisis de Situaci\u00f3n de las personas con discapacidad y los resultados del diagn\u00f3stico sobre registros administrativos fueron expuestos por Martha Salazar y Luis Rodr\u00edguez de PNUD.<\/p>\n\n\n\n<figure class=\"wp-block-image size-large\"><img loading=\"lazy\" decoding=\"async\" width=\"1024\" height=\"683\" src=\"https:\/\/conadi.gob.gt\/web\/wp-content\/uploads\/2022\/11\/IMG_8406-1024x683.jpg\" alt=\"\" class=\"wp-image-12139\" srcset=\"https:\/\/conadi.gob.gt\/web\/wp-content\/uploads\/2022\/11\/IMG_8406-1024x683.jpg 1024w, https:\/\/conadi.gob.gt\/web\/wp-content\/uploads\/2022\/11\/IMG_8406-300x200.jpg 300w, https:\/\/conadi.gob.gt\/web\/wp-content\/uploads\/2022\/11\/IMG_8406-768x512.jpg 768w, https:\/\/conadi.gob.gt\/web\/wp-content\/uploads\/2022\/11\/IMG_8406-1536x1024.jpg 1536w, https:\/\/conadi.gob.gt\/web\/wp-content\/uploads\/2022\/11\/IMG_8406-2048x1365.jpg 2048w, https:\/\/conadi.gob.gt\/web\/wp-content\/uploads\/2022\/11\/IMG_8406-2000x1333.jpg 2000w\" sizes=\"auto, (max-width: 1024px) 100vw, 1024px\" \/><\/figure>\n\n\n\n<p>Sergio Gonz\u00e1lez del Gabinete Espec\u00edfico de Desarrollo Social (GEDS) comparti\u00f3 sobre la revisi\u00f3n y retroalimentaci\u00f3n de la ruta para el fortalecimiento de los registros administrativos de las instalaciones vinculadas al SNIS. Adem\u00e1s, se dio a conocer a los participantes los lineamientos t\u00e9cnicos para el cumplimiento de la Precondici\u00f3n 6 y la Convenci\u00f3n de los Derechos de las Personas con Discapacidad fue el tema abordado por Karina Peruch de UNFPA.<\/p>\n\n\n\n<p>La actividad cont\u00f3 con la participaci\u00f3n de Guillermo Castillo Reyes, Vicepresidente de la Rep\u00fablica, qui\u00e9n en su pronunciamiento hizo \u00e9nfasis en el cumplimiento de los Derechos de las Personas con Discapacidad y la importancia de estas orientaciones, que tienen por finalidad ratificar los compromisos adquiridos en beneficio de este sector y destac\u00f3 el acercamiento con las agencias cooperantes. Gloria Serrano, presidenta en funciones del CONADI, agradeci\u00f3 el acompa\u00f1amiento de todas las instituciones que velan por el cumplimiento de los derechos de este importante sector poblacional, Peride Blinde de OCR, Daniel Vargas de PNUD, Pablo Salazar de UNFPA y Dany Dub\u00f3n del Ministerio de Desarrollo Social Mides.<\/p>\n\n\n\n<figure class=\"wp-block-image size-large\"><img loading=\"lazy\" decoding=\"async\" width=\"1024\" height=\"683\" src=\"https:\/\/conadi.gob.gt\/web\/wp-content\/uploads\/2022\/11\/IMG_8111-1-1024x683.jpg\" alt=\"\" class=\"wp-image-12140\" srcset=\"https:\/\/conadi.gob.gt\/web\/wp-content\/uploads\/2022\/11\/IMG_8111-1-1024x683.jpg 1024w, https:\/\/conadi.gob.gt\/web\/wp-content\/uploads\/2022\/11\/IMG_8111-1-300x200.jpg 300w, https:\/\/conadi.gob.gt\/web\/wp-content\/uploads\/2022\/11\/IMG_8111-1-768x512.jpg 768w, https:\/\/conadi.gob.gt\/web\/wp-content\/uploads\/2022\/11\/IMG_8111-1-1536x1024.jpg 1536w, https:\/\/conadi.gob.gt\/web\/wp-content\/uploads\/2022\/11\/IMG_8111-1-2048x1365.jpg 2048w, https:\/\/conadi.gob.gt\/web\/wp-content\/uploads\/2022\/11\/IMG_8111-1-2000x1333.jpg 2000w\" sizes=\"auto, (max-width: 1024px) 100vw, 1024px\" \/><\/figure>\n","protected":false},"excerpt":{"rendered":"<p>\u201cRegistro Administrativo de Personas con Discapacidad Beneficiarias de Programas Sociales e Intervenciones\u201d, es el nombre del Taller que desarroll\u00f3 el CONAI a trav\u00e9s del Departamento de Desarrollo de Investigaci\u00f3n y An\u00e1lisis de la Informaci\u00f3n; con el fin de presentar a las instituciones p\u00fablicas que reportan al Sistema Nacional de Informaci\u00f3n Social (SNIS), las variables homologadas &hellip; <\/p>\n<p class=\"link-more\"><a href=\"https:\/\/conadi.gob.gt\/web\/taller-registro-administrativo-de-personas-con-discapacidad-beneficiarias-de-programas-sociales-e-intervenciones\/\" class=\"more-link\">Leer m\u00e1s<span class=\"screen-reader-text\"> \u00abTALLER \u201cREGISTRO ADMINISTRATIVO DE PERSONAS CON DISCAPACIDAD BENEFICIARIAS DE PROGRAMAS SOCIALES E INTERVENCIONES\u201d\u00bb<\/span><\/a><\/p>\n","protected":false},"author":12,"featured_media":12138,"comment_status":"closed","ping_status":"closed","sticky":false,"template":"","format":"standard","meta":{"footnotes":""},"categories":[3,1],"tags":[],"class_list":["post-12131","post","type-post","status-publish","format-standard","has-post-thumbnail","hentry","category-noticias","category-sin-categoria"],"_links":{"self":[{"href":"https:\/\/conadi.gob.gt\/web\/wp-json\/wp\/v2\/posts\/12131","targetHints":{"allow":["GET"]}}],"collection":[{"href":"https:\/\/conadi.gob.gt\/web\/wp-json\/wp\/v2\/posts"}],"about":[{"href":"https:\/\/conadi.gob.gt\/web\/wp-json\/wp\/v2\/types\/post"}],"author":[{"embeddable":true,"href":"https:\/\/conadi.gob.gt\/web\/wp-json\/wp\/v2\/users\/12"}],"replies":[{"embeddable":true,"href":"https:\/\/conadi.gob.gt\/web\/wp-json\/wp\/v2\/comments?post=12131"}],"version-history":[{"count":1,"href":"https:\/\/conadi.gob.gt\/web\/wp-json\/wp\/v2\/posts\/12131\/revisions"}],"predecessor-version":[{"id":12141,"href":"https:\/\/conadi.gob.gt\/web\/wp-json\/wp\/v2\/posts\/12131\/revisions\/12141"}],"wp:featuredmedia":[{"embeddable":true,"href":"https:\/\/conadi.gob.gt\/web\/wp-json\/wp\/v2\/media\/12138"}],"wp:attachment":[{"href":"https:\/\/conadi.gob.gt\/web\/wp-json\/wp\/v2\/media?parent=12131"}],"wp:term":[{"taxonomy":"category","embeddable":true,"href":"https:\/\/conadi.gob.gt\/web\/wp-json\/wp\/v2\/categories?post=12131"},{"taxonomy":"post_tag","embeddable":true,"href":"https:\/\/conadi.gob.gt\/web\/wp-json\/wp\/v2\/tags?post=12131"}],"curies":[{"name":"wp","href":"https:\/\/api.w.org\/{rel}","templated":true}]}}