{"id":12145,"date":"2022-11-07T18:56:46","date_gmt":"2022-11-07T18:56:46","guid":{"rendered":"https:\/\/conadi.gob.gt\/web\/?p=12145"},"modified":"2022-11-07T18:56:47","modified_gmt":"2022-11-07T18:56:47","slug":"el-conadi-asiste-al-xiii-consejo-intergubernamental-del-pid","status":"publish","type":"post","link":"https:\/\/conadi.gob.gt\/web\/el-conadi-asiste-al-xiii-consejo-intergubernamental-del-pid\/","title":{"rendered":"EL CONADI ASISTE AL XIII CONSEJO INTERGUBERNAMENTAL DEL PID"},"content":{"rendered":"\n<p>El Programa Iberoamericano de Discapacidad (PID) llev\u00f3 a cabo el XIII Consejo Intergubernamental realizado en Buenos Aires, Argentina. El Estado de Guatemala participa a trav\u00e9s del CONADI con su presidenta Clarivel Castillo.<\/p>\n\n\n\n<figure class=\"wp-block-image size-full\"><img loading=\"lazy\" decoding=\"async\" width=\"708\" height=\"908\" src=\"https:\/\/conadi.gob.gt\/web\/wp-content\/uploads\/2022\/11\/312015225_499438728896641_3106043296222942968_n1.jpg\" alt=\"\" class=\"wp-image-12146\" srcset=\"https:\/\/conadi.gob.gt\/web\/wp-content\/uploads\/2022\/11\/312015225_499438728896641_3106043296222942968_n1.jpg 708w, https:\/\/conadi.gob.gt\/web\/wp-content\/uploads\/2022\/11\/312015225_499438728896641_3106043296222942968_n1-234x300.jpg 234w\" sizes=\"auto, (max-width: 708px) 100vw, 708px\" \/><\/figure>\n\n\n\n<p>Dentro de los temas abordados en el Consejo est\u00e1n: Desarrollo del PID 2019-2022; Sistema de Informaci\u00f3n; Igualdad y no discriminaci\u00f3n &#8211; Acceso a la Justicia; Acceso al sistema educativo general inclusivo; Mercados laborales abiertos, accesibles e inclusivos.<\/p>\n\n\n\n<p>El Consejo tuvo una duraci\u00f3n de tres d\u00edas, en la clausura se elabor\u00f3 el Plan Operativo Anual y se eligi\u00f3 nuevo presidente del PID y el Comit\u00e9 Consultivo: ULAC, RIADIS, VIDA INDEPENDIENTE, Asociaci\u00f3n Iberoamericana de s\u00edndrome de Down, Red Interuniversitaria de Latinoamerica, Organizaci\u00f3n Internacional de Trabajo.<\/p>\n\n\n\n<p>Se cont\u00f3 con la participaci\u00f3n de Lizberh Barrantes, presidenta del PID; Martin Rivero, Coordinador de Cooperaci\u00f3n Sur-Sur y Cohesi\u00f3n Social (SEGIB); Ana Mohedano, Vicesecretaria de la Organizaci\u00f3n Iberoamericana de Seguridad Social (OISS); Natalia Guala, Secretar\u00eda T\u00e9cnica del PID; Fernando Galarraga, Director Ejecutivo de la Agencia Nacional de Discapacidad (ANDIS); Cecilia Rodriguez del Grupo de Buenos Aires; Antonio Jim\u00e9nez y Agust\u00edn Huete Consultores Internacionales y Fernanda Bietti, Consulta de la Comisi\u00f3n Econ\u00f3mica para Am\u00e9rica Latina y el Caribe.<\/p>\n\n\n\n<figure class=\"wp-block-image size-large\"><img loading=\"lazy\" decoding=\"async\" width=\"1024\" height=\"462\" src=\"https:\/\/conadi.gob.gt\/web\/wp-content\/uploads\/2022\/11\/312364735_498044699036044_6642750346476889369_n-1-1024x462.jpg\" alt=\"\" class=\"wp-image-12147\" srcset=\"https:\/\/conadi.gob.gt\/web\/wp-content\/uploads\/2022\/11\/312364735_498044699036044_6642750346476889369_n-1-1024x462.jpg 1024w, https:\/\/conadi.gob.gt\/web\/wp-content\/uploads\/2022\/11\/312364735_498044699036044_6642750346476889369_n-1-300x135.jpg 300w, https:\/\/conadi.gob.gt\/web\/wp-content\/uploads\/2022\/11\/312364735_498044699036044_6642750346476889369_n-1-768x346.jpg 768w, https:\/\/conadi.gob.gt\/web\/wp-content\/uploads\/2022\/11\/312364735_498044699036044_6642750346476889369_n-1.jpg 1156w\" sizes=\"auto, (max-width: 1024px) 100vw, 1024px\" \/><\/figure>\n","protected":false},"excerpt":{"rendered":"<p>El Programa Iberoamericano de Discapacidad (PID) llev\u00f3 a cabo el XIII Consejo Intergubernamental realizado en Buenos Aires, Argentina. El Estado de Guatemala participa a trav\u00e9s del CONADI con su presidenta Clarivel Castillo. Dentro de los temas abordados en el Consejo est\u00e1n: Desarrollo del PID 2019-2022; Sistema de Informaci\u00f3n; Igualdad y no discriminaci\u00f3n &#8211; Acceso a &hellip; <\/p>\n<p class=\"link-more\"><a href=\"https:\/\/conadi.gob.gt\/web\/el-conadi-asiste-al-xiii-consejo-intergubernamental-del-pid\/\" class=\"more-link\">Leer m\u00e1s<span class=\"screen-reader-text\"> \u00abEL CONADI ASISTE AL XIII CONSEJO INTERGUBERNAMENTAL DEL PID\u00bb<\/span><\/a><\/p>\n","protected":false},"author":12,"featured_media":12147,"comment_status":"closed","ping_status":"closed","sticky":false,"template":"","format":"standard","meta":{"footnotes":""},"categories":[3],"tags":[],"class_list":["post-12145","post","type-post","status-publish","format-standard","has-post-thumbnail","hentry","category-noticias"],"_links":{"self":[{"href":"https:\/\/conadi.gob.gt\/web\/wp-json\/wp\/v2\/posts\/12145","targetHints":{"allow":["GET"]}}],"collection":[{"href":"https:\/\/conadi.gob.gt\/web\/wp-json\/wp\/v2\/posts"}],"about":[{"href":"https:\/\/conadi.gob.gt\/web\/wp-json\/wp\/v2\/types\/post"}],"author":[{"embeddable":true,"href":"https:\/\/conadi.gob.gt\/web\/wp-json\/wp\/v2\/users\/12"}],"replies":[{"embeddable":true,"href":"https:\/\/conadi.gob.gt\/web\/wp-json\/wp\/v2\/comments?post=12145"}],"version-history":[{"count":1,"href":"https:\/\/conadi.gob.gt\/web\/wp-json\/wp\/v2\/posts\/12145\/revisions"}],"predecessor-version":[{"id":12148,"href":"https:\/\/conadi.gob.gt\/web\/wp-json\/wp\/v2\/posts\/12145\/revisions\/12148"}],"wp:featuredmedia":[{"embeddable":true,"href":"https:\/\/conadi.gob.gt\/web\/wp-json\/wp\/v2\/media\/12147"}],"wp:attachment":[{"href":"https:\/\/conadi.gob.gt\/web\/wp-json\/wp\/v2\/media?parent=12145"}],"wp:term":[{"taxonomy":"category","embeddable":true,"href":"https:\/\/conadi.gob.gt\/web\/wp-json\/wp\/v2\/categories?post=12145"},{"taxonomy":"post_tag","embeddable":true,"href":"https:\/\/conadi.gob.gt\/web\/wp-json\/wp\/v2\/tags?post=12145"}],"curies":[{"name":"wp","href":"https:\/\/api.w.org\/{rel}","templated":true}]}}