{"id":12153,"date":"2022-11-14T15:06:37","date_gmt":"2022-11-14T15:06:37","guid":{"rendered":"https:\/\/conadi.gob.gt\/web\/?p=12153"},"modified":"2022-11-14T15:06:38","modified_gmt":"2022-11-14T15:06:38","slug":"elementos-de-la-ptm-se-capacitan-en-lengua-de-senas","status":"publish","type":"post","link":"https:\/\/conadi.gob.gt\/web\/elementos-de-la-ptm-se-capacitan-en-lengua-de-senas\/","title":{"rendered":"ELEMENTOS DE LA PTM SE CAPACITAN EN LENGUA DE SE\u00d1AS"},"content":{"rendered":"\n<p>Autoridades y colaboradores de la Entidad Metropolitana Reguladora de Transporte y Tr\u00e1nsito y sus \u00e1reas de influencia urbana (EMETRA) y Polic\u00eda Municipal de Tr\u00e1nsito (PMT), participaron en un conversatorio realizado por la unidad de lengua de se\u00f1as del CONADI. <\/p>\n\n\n\n<figure class=\"wp-block-image size-large\"><img loading=\"lazy\" decoding=\"async\" width=\"1024\" height=\"683\" src=\"https:\/\/conadi.gob.gt\/web\/wp-content\/uploads\/2022\/11\/IMG_8168-1024x683.jpg\" alt=\"\" class=\"wp-image-12154\" srcset=\"https:\/\/conadi.gob.gt\/web\/wp-content\/uploads\/2022\/11\/IMG_8168-1024x683.jpg 1024w, https:\/\/conadi.gob.gt\/web\/wp-content\/uploads\/2022\/11\/IMG_8168-300x200.jpg 300w, https:\/\/conadi.gob.gt\/web\/wp-content\/uploads\/2022\/11\/IMG_8168-768x512.jpg 768w, https:\/\/conadi.gob.gt\/web\/wp-content\/uploads\/2022\/11\/IMG_8168-1536x1024.jpg 1536w, https:\/\/conadi.gob.gt\/web\/wp-content\/uploads\/2022\/11\/IMG_8168-2048x1365.jpg 2048w, https:\/\/conadi.gob.gt\/web\/wp-content\/uploads\/2022\/11\/IMG_8168-2000x1333.jpg 2000w\" sizes=\"auto, (max-width: 1024px) 100vw, 1024px\" \/><\/figure>\n\n\n\n<p>Dania Moscoso, directora general, y Gerardo Meza, miembro de Junta directiva del CONADI, destacaron la importancia del trabajo interinstitucional para alcanzar la inclusi\u00f3n y el cumplimiento de los derechos de las personas con discapacidad. <\/p>\n\n\n\n<p>El conversatorio fue desarrollado en el marco de la clausura de las capacitaciones brindadas durante 3 meses al personal operativo y administrativo de referida instituci\u00f3n, acerca de las herramientas para la atenci\u00f3n de las personas con discapacidad auditiva y su marco legal.<\/p>\n\n\n\n<figure class=\"wp-block-image size-large\"><img loading=\"lazy\" decoding=\"async\" width=\"1024\" height=\"683\" src=\"https:\/\/conadi.gob.gt\/web\/wp-content\/uploads\/2022\/11\/IMG_8337-1024x683.jpg\" alt=\"\" class=\"wp-image-12157\" srcset=\"https:\/\/conadi.gob.gt\/web\/wp-content\/uploads\/2022\/11\/IMG_8337-1024x683.jpg 1024w, https:\/\/conadi.gob.gt\/web\/wp-content\/uploads\/2022\/11\/IMG_8337-300x200.jpg 300w, https:\/\/conadi.gob.gt\/web\/wp-content\/uploads\/2022\/11\/IMG_8337-768x512.jpg 768w, https:\/\/conadi.gob.gt\/web\/wp-content\/uploads\/2022\/11\/IMG_8337-1536x1024.jpg 1536w, https:\/\/conadi.gob.gt\/web\/wp-content\/uploads\/2022\/11\/IMG_8337-2048x1365.jpg 2048w, https:\/\/conadi.gob.gt\/web\/wp-content\/uploads\/2022\/11\/IMG_8337-2000x1333.jpg 2000w\" sizes=\"auto, (max-width: 1024px) 100vw, 1024px\" \/><\/figure>\n","protected":false},"excerpt":{"rendered":"<p>Autoridades y colaboradores de la Entidad Metropolitana Reguladora de Transporte y Tr\u00e1nsito y sus \u00e1reas de influencia urbana (EMETRA) y Polic\u00eda Municipal de Tr\u00e1nsito (PMT), participaron en un conversatorio realizado por la unidad de lengua de se\u00f1as del CONADI. Dania Moscoso, directora general, y Gerardo Meza, miembro de Junta directiva del CONADI, destacaron la importancia &hellip; <\/p>\n<p class=\"link-more\"><a href=\"https:\/\/conadi.gob.gt\/web\/elementos-de-la-ptm-se-capacitan-en-lengua-de-senas\/\" class=\"more-link\">Leer m\u00e1s<span class=\"screen-reader-text\"> \u00abELEMENTOS DE LA PTM SE CAPACITAN EN LENGUA DE SE\u00d1AS\u00bb<\/span><\/a><\/p>\n","protected":false},"author":12,"featured_media":12154,"comment_status":"closed","ping_status":"closed","sticky":false,"template":"","format":"standard","meta":{"footnotes":""},"categories":[3],"tags":[],"class_list":["post-12153","post","type-post","status-publish","format-standard","has-post-thumbnail","hentry","category-noticias"],"_links":{"self":[{"href":"https:\/\/conadi.gob.gt\/web\/wp-json\/wp\/v2\/posts\/12153","targetHints":{"allow":["GET"]}}],"collection":[{"href":"https:\/\/conadi.gob.gt\/web\/wp-json\/wp\/v2\/posts"}],"about":[{"href":"https:\/\/conadi.gob.gt\/web\/wp-json\/wp\/v2\/types\/post"}],"author":[{"embeddable":true,"href":"https:\/\/conadi.gob.gt\/web\/wp-json\/wp\/v2\/users\/12"}],"replies":[{"embeddable":true,"href":"https:\/\/conadi.gob.gt\/web\/wp-json\/wp\/v2\/comments?post=12153"}],"version-history":[{"count":2,"href":"https:\/\/conadi.gob.gt\/web\/wp-json\/wp\/v2\/posts\/12153\/revisions"}],"predecessor-version":[{"id":12158,"href":"https:\/\/conadi.gob.gt\/web\/wp-json\/wp\/v2\/posts\/12153\/revisions\/12158"}],"wp:featuredmedia":[{"embeddable":true,"href":"https:\/\/conadi.gob.gt\/web\/wp-json\/wp\/v2\/media\/12154"}],"wp:attachment":[{"href":"https:\/\/conadi.gob.gt\/web\/wp-json\/wp\/v2\/media?parent=12153"}],"wp:term":[{"taxonomy":"category","embeddable":true,"href":"https:\/\/conadi.gob.gt\/web\/wp-json\/wp\/v2\/categories?post=12153"},{"taxonomy":"post_tag","embeddable":true,"href":"https:\/\/conadi.gob.gt\/web\/wp-json\/wp\/v2\/tags?post=12153"}],"curies":[{"name":"wp","href":"https:\/\/api.w.org\/{rel}","templated":true}]}}