{"id":12161,"date":"2022-11-10T23:39:44","date_gmt":"2022-11-10T23:39:44","guid":{"rendered":"https:\/\/conadi.gob.gt\/web\/?p=12161"},"modified":"2022-11-11T00:13:47","modified_gmt":"2022-11-11T00:13:47","slug":"el-conadi-desarrolla-reunion-nacional-de-jovenes-con-discapacidad-en-panajachel","status":"publish","type":"post","link":"https:\/\/conadi.gob.gt\/web\/el-conadi-desarrolla-reunion-nacional-de-jovenes-con-discapacidad-en-panajachel\/","title":{"rendered":"EL CONADI DESARROLLA REUNI\u00d3N NACIONAL DE J\u00d3VENES CON DISCAPACIDAD"},"content":{"rendered":"\n<p>Hacer un diagn\u00f3stico de la situaci\u00f3n en la que se encuentra la inclusi\u00f3n laboral de los j\u00f3venes con discapacidad a nivel nacional y la falta de oportunidades, es el prop\u00f3sito de la Reuni\u00f3n Nacional de J\u00f3venes con Discapacidad, realizada por el Consejo Nacional para la Atenci\u00f3n de las Personas con Discapacidad, (CONADI) en Panajachel, Solol\u00e1. La reuni\u00f3n fue dirigida a j\u00f3venes beneficiarios del programa de Bolsa de Estudios del Consejo.<\/p>\n\n\n\n<figure class=\"wp-block-image size-large\"><img loading=\"lazy\" decoding=\"async\" width=\"1024\" height=\"683\" src=\"https:\/\/conadi.gob.gt\/web\/wp-content\/uploads\/2022\/11\/IMG_8674-1024x683.jpg\" alt=\"\" class=\"wp-image-12162\" srcset=\"https:\/\/conadi.gob.gt\/web\/wp-content\/uploads\/2022\/11\/IMG_8674-1024x683.jpg 1024w, https:\/\/conadi.gob.gt\/web\/wp-content\/uploads\/2022\/11\/IMG_8674-300x200.jpg 300w, https:\/\/conadi.gob.gt\/web\/wp-content\/uploads\/2022\/11\/IMG_8674-768x512.jpg 768w, https:\/\/conadi.gob.gt\/web\/wp-content\/uploads\/2022\/11\/IMG_8674-1536x1024.jpg 1536w, https:\/\/conadi.gob.gt\/web\/wp-content\/uploads\/2022\/11\/IMG_8674-2048x1365.jpg 2048w, https:\/\/conadi.gob.gt\/web\/wp-content\/uploads\/2022\/11\/IMG_8674-2000x1333.jpg 2000w\" sizes=\"auto, (max-width: 1024px) 100vw, 1024px\" \/><\/figure>\n\n\n\n<p>La actividad dio inicio con un acto protocolario donde Neyda Por\u00f3n, Jefa del Departamento de Participaci\u00f3n Ciudadana del Conadi y Holi Mendoza, coordinadora de la CODEDIS de Solol\u00e1.<\/p>\n\n\n\n<p>Para el desarrollo de la reuni\u00f3n se cont\u00f3 con la participaron de: Juan Pablo Arreola, representante de CONADI, quien dio a conocer \u00bfQu\u00e9 es CONADI? y Datos Estad\u00edsticos de Personas con Discapacidad en Guatemala seg\u00fan el censo de 2016. En tanto, Luis de la Cruz, representante del Benem\u00e9rito Comit\u00e9 Pro-Ciegos y Sordos, desarroll\u00f3 el tema de los derechos de las personas con discapacidad y la importancia de la inclusi\u00f3n laboral de j\u00f3venes con discapacidad.<\/p>\n\n\n\n<figure class=\"wp-block-image size-large\"><img loading=\"lazy\" decoding=\"async\" width=\"1024\" height=\"683\" src=\"https:\/\/conadi.gob.gt\/web\/wp-content\/uploads\/2022\/11\/IMG_8691-1024x683.jpg\" alt=\"\" class=\"wp-image-12163\" srcset=\"https:\/\/conadi.gob.gt\/web\/wp-content\/uploads\/2022\/11\/IMG_8691-1024x683.jpg 1024w, https:\/\/conadi.gob.gt\/web\/wp-content\/uploads\/2022\/11\/IMG_8691-300x200.jpg 300w, https:\/\/conadi.gob.gt\/web\/wp-content\/uploads\/2022\/11\/IMG_8691-768x512.jpg 768w, https:\/\/conadi.gob.gt\/web\/wp-content\/uploads\/2022\/11\/IMG_8691-1536x1024.jpg 1536w, https:\/\/conadi.gob.gt\/web\/wp-content\/uploads\/2022\/11\/IMG_8691-2048x1365.jpg 2048w, https:\/\/conadi.gob.gt\/web\/wp-content\/uploads\/2022\/11\/IMG_8691-2000x1333.jpg 2000w\" sizes=\"auto, (max-width: 1024px) 100vw, 1024px\" \/><\/figure>\n\n\n\n<p>Londy Casta\u00f1eda del Consejo Nacional de la Juventud (CONJUVE), abord\u00f3 los temas: Juventud, discapacidad e inclusi\u00f3n laboral. La Unidad para la Prevenci\u00f3n Comunitaria de la Violencia (UPCV) del Ministerio de Gobernaci\u00f3n, a trav\u00e9s de mimos realiz\u00f3 diferentes din\u00e1micas donde los participantes demostraron sus habilidades y expresiones art\u00edsticas.<\/p>\n\n\n\n<p>Asimismo, Rafael Ca\u00f1as del Ministerio de Trabajo y Previsi\u00f3n Social, abord\u00f3 el marco legal en la inclusi\u00f3n laboral y Roc\u00edo Alay, persona con discapacidad fisica comparti\u00f3 experiencias positivas de su inclusi\u00f3n laboral. Por consiguiente, Carolina Guzm\u00e1n representante de Fundaci\u00f3n Faces abord\u00f3 sobre la gesti\u00f3n emocional en \u00e1mbito laboral y tips para la realizaci\u00f3n de un curr\u00edculo vitae sobresaliente.<\/p>\n\n\n\n<p>Finalmente Ana Silvia Escobar, maestra profesional de tiro con arco, present\u00f3 los beneficios del tiro con arco y concluy\u00f3 con una demostraci\u00f3n a los participantes.<\/p>\n\n\n\n<figure class=\"wp-block-image size-large\"><img loading=\"lazy\" decoding=\"async\" width=\"1024\" height=\"683\" src=\"https:\/\/conadi.gob.gt\/web\/wp-content\/uploads\/2022\/11\/IMG_8979-1024x683.jpg\" alt=\"\" class=\"wp-image-12164\" srcset=\"https:\/\/conadi.gob.gt\/web\/wp-content\/uploads\/2022\/11\/IMG_8979-1024x683.jpg 1024w, https:\/\/conadi.gob.gt\/web\/wp-content\/uploads\/2022\/11\/IMG_8979-300x200.jpg 300w, https:\/\/conadi.gob.gt\/web\/wp-content\/uploads\/2022\/11\/IMG_8979-768x512.jpg 768w, https:\/\/conadi.gob.gt\/web\/wp-content\/uploads\/2022\/11\/IMG_8979-1536x1024.jpg 1536w, https:\/\/conadi.gob.gt\/web\/wp-content\/uploads\/2022\/11\/IMG_8979-2048x1365.jpg 2048w, https:\/\/conadi.gob.gt\/web\/wp-content\/uploads\/2022\/11\/IMG_8979-2000x1333.jpg 2000w\" sizes=\"auto, (max-width: 1024px) 100vw, 1024px\" \/><\/figure>\n","protected":false},"excerpt":{"rendered":"<p>Hacer un diagn\u00f3stico de la situaci\u00f3n en la que se encuentra la inclusi\u00f3n laboral de los j\u00f3venes con discapacidad a nivel nacional y la falta de oportunidades, es el prop\u00f3sito de la Reuni\u00f3n Nacional de J\u00f3venes con Discapacidad, realizada por el Consejo Nacional para la Atenci\u00f3n de las Personas con Discapacidad, (CONADI) en Panajachel, Solol\u00e1. &hellip; <\/p>\n<p class=\"link-more\"><a href=\"https:\/\/conadi.gob.gt\/web\/el-conadi-desarrolla-reunion-nacional-de-jovenes-con-discapacidad-en-panajachel\/\" class=\"more-link\">Leer m\u00e1s<span class=\"screen-reader-text\"> \u00abEL CONADI DESARROLLA REUNI\u00d3N NACIONAL DE J\u00d3VENES CON DISCAPACIDAD\u00bb<\/span><\/a><\/p>\n","protected":false},"author":12,"featured_media":12163,"comment_status":"closed","ping_status":"closed","sticky":false,"template":"","format":"standard","meta":{"footnotes":""},"categories":[3],"tags":[],"class_list":["post-12161","post","type-post","status-publish","format-standard","has-post-thumbnail","hentry","category-noticias"],"_links":{"self":[{"href":"https:\/\/conadi.gob.gt\/web\/wp-json\/wp\/v2\/posts\/12161","targetHints":{"allow":["GET"]}}],"collection":[{"href":"https:\/\/conadi.gob.gt\/web\/wp-json\/wp\/v2\/posts"}],"about":[{"href":"https:\/\/conadi.gob.gt\/web\/wp-json\/wp\/v2\/types\/post"}],"author":[{"embeddable":true,"href":"https:\/\/conadi.gob.gt\/web\/wp-json\/wp\/v2\/users\/12"}],"replies":[{"embeddable":true,"href":"https:\/\/conadi.gob.gt\/web\/wp-json\/wp\/v2\/comments?post=12161"}],"version-history":[{"count":3,"href":"https:\/\/conadi.gob.gt\/web\/wp-json\/wp\/v2\/posts\/12161\/revisions"}],"predecessor-version":[{"id":12167,"href":"https:\/\/conadi.gob.gt\/web\/wp-json\/wp\/v2\/posts\/12161\/revisions\/12167"}],"wp:featuredmedia":[{"embeddable":true,"href":"https:\/\/conadi.gob.gt\/web\/wp-json\/wp\/v2\/media\/12163"}],"wp:attachment":[{"href":"https:\/\/conadi.gob.gt\/web\/wp-json\/wp\/v2\/media?parent=12161"}],"wp:term":[{"taxonomy":"category","embeddable":true,"href":"https:\/\/conadi.gob.gt\/web\/wp-json\/wp\/v2\/categories?post=12161"},{"taxonomy":"post_tag","embeddable":true,"href":"https:\/\/conadi.gob.gt\/web\/wp-json\/wp\/v2\/tags?post=12161"}],"curies":[{"name":"wp","href":"https:\/\/api.w.org\/{rel}","templated":true}]}}