{"id":12170,"date":"2022-11-16T17:34:14","date_gmt":"2022-11-16T17:34:14","guid":{"rendered":"https:\/\/conadi.gob.gt\/web\/?p=12170"},"modified":"2022-11-16T19:13:59","modified_gmt":"2022-11-16T19:13:59","slug":"conadi-realiza-eleccion-de-representante-titular-y-suplente-de-subsectores","status":"publish","type":"post","link":"https:\/\/conadi.gob.gt\/web\/conadi-realiza-eleccion-de-representante-titular-y-suplente-de-subsectores\/","title":{"rendered":"CONADI REALIZA ELECCI\u00d3N DE REPRESENTANTE TITULAR Y SUPLENTE DE SUBSECTORES"},"content":{"rendered":"\n<p>La Comisi\u00f3n Electoral del Consejo Nacional para la Atenci\u00f3n de las Personas con Discapacidad (CONADI) en Asamblea de Subsectores de la Sociedad Civil, realiz\u00f3 las elecciones de representante titular y suplente de los subsectores que integran el CONADI.<\/p>\n\n\n\n<figure class=\"wp-block-image size-large\"><img loading=\"lazy\" decoding=\"async\" width=\"1024\" height=\"683\" src=\"https:\/\/conadi.gob.gt\/web\/wp-content\/uploads\/2022\/11\/IMG_9022-1024x683.jpg\" alt=\"\" class=\"wp-image-12173\" srcset=\"https:\/\/conadi.gob.gt\/web\/wp-content\/uploads\/2022\/11\/IMG_9022-1024x683.jpg 1024w, https:\/\/conadi.gob.gt\/web\/wp-content\/uploads\/2022\/11\/IMG_9022-300x200.jpg 300w, https:\/\/conadi.gob.gt\/web\/wp-content\/uploads\/2022\/11\/IMG_9022-768x512.jpg 768w, https:\/\/conadi.gob.gt\/web\/wp-content\/uploads\/2022\/11\/IMG_9022-1536x1024.jpg 1536w, https:\/\/conadi.gob.gt\/web\/wp-content\/uploads\/2022\/11\/IMG_9022-2048x1365.jpg 2048w, https:\/\/conadi.gob.gt\/web\/wp-content\/uploads\/2022\/11\/IMG_9022-2000x1333.jpg 2000w\" sizes=\"auto, (max-width: 1024px) 100vw, 1024px\" \/><\/figure>\n\n\n\n<p>En el primer d\u00eda se convoc\u00f3 a los subsectores de Organismos e Instituciones que Prestan Atenci\u00f3n Directa a las Personas con Discapacidad; Organismos e Instituciones que Promueven Acciones a Favor de las Personas con Discapacidad; Organizaciones de Personas con Discapacidad a Causa del Conflicto Armado y Organizaciones de Personas con Discapacidad Visual.<\/p>\n\n\n\n<div class=\"wp-block-columns is-layout-flex wp-container-core-columns-is-layout-28f84493 wp-block-columns-is-layout-flex\">\n<div class=\"wp-block-column is-layout-flow wp-block-column-is-layout-flow\">\n<figure class=\"wp-block-image size-large\"><img loading=\"lazy\" decoding=\"async\" width=\"1024\" height=\"683\" src=\"https:\/\/conadi.gob.gt\/web\/wp-content\/uploads\/2022\/11\/IMG_9145-1024x683.jpg\" alt=\"\" class=\"wp-image-12175\" srcset=\"https:\/\/conadi.gob.gt\/web\/wp-content\/uploads\/2022\/11\/IMG_9145-1024x683.jpg 1024w, https:\/\/conadi.gob.gt\/web\/wp-content\/uploads\/2022\/11\/IMG_9145-300x200.jpg 300w, https:\/\/conadi.gob.gt\/web\/wp-content\/uploads\/2022\/11\/IMG_9145-768x512.jpg 768w, https:\/\/conadi.gob.gt\/web\/wp-content\/uploads\/2022\/11\/IMG_9145-1536x1024.jpg 1536w, https:\/\/conadi.gob.gt\/web\/wp-content\/uploads\/2022\/11\/IMG_9145-2048x1365.jpg 2048w, https:\/\/conadi.gob.gt\/web\/wp-content\/uploads\/2022\/11\/IMG_9145-2000x1333.jpg 2000w\" sizes=\"auto, (max-width: 1024px) 100vw, 1024px\" \/><\/figure>\n<\/div>\n\n\n\n<div class=\"wp-block-column is-layout-flow wp-block-column-is-layout-flow\">\n<figure class=\"wp-block-image size-large\"><img loading=\"lazy\" decoding=\"async\" width=\"1024\" height=\"683\" src=\"https:\/\/conadi.gob.gt\/web\/wp-content\/uploads\/2022\/11\/IMG_9060-1024x683.jpg\" alt=\"\" class=\"wp-image-12174\" srcset=\"https:\/\/conadi.gob.gt\/web\/wp-content\/uploads\/2022\/11\/IMG_9060-1024x683.jpg 1024w, https:\/\/conadi.gob.gt\/web\/wp-content\/uploads\/2022\/11\/IMG_9060-300x200.jpg 300w, https:\/\/conadi.gob.gt\/web\/wp-content\/uploads\/2022\/11\/IMG_9060-768x512.jpg 768w, https:\/\/conadi.gob.gt\/web\/wp-content\/uploads\/2022\/11\/IMG_9060-1536x1024.jpg 1536w, https:\/\/conadi.gob.gt\/web\/wp-content\/uploads\/2022\/11\/IMG_9060-2048x1365.jpg 2048w, https:\/\/conadi.gob.gt\/web\/wp-content\/uploads\/2022\/11\/IMG_9060-2000x1333.jpg 2000w\" sizes=\"auto, (max-width: 1024px) 100vw, 1024px\" \/><\/figure>\n<\/div>\n\n\n\n<div class=\"wp-block-column is-layout-flow wp-block-column-is-layout-flow\">\n<figure class=\"wp-block-image size-large\"><img loading=\"lazy\" decoding=\"async\" width=\"1024\" height=\"683\" src=\"https:\/\/conadi.gob.gt\/web\/wp-content\/uploads\/2022\/11\/IMG_9260-1024x683.jpg\" alt=\"\" class=\"wp-image-12179\" srcset=\"https:\/\/conadi.gob.gt\/web\/wp-content\/uploads\/2022\/11\/IMG_9260-1024x683.jpg 1024w, https:\/\/conadi.gob.gt\/web\/wp-content\/uploads\/2022\/11\/IMG_9260-300x200.jpg 300w, https:\/\/conadi.gob.gt\/web\/wp-content\/uploads\/2022\/11\/IMG_9260-768x512.jpg 768w, https:\/\/conadi.gob.gt\/web\/wp-content\/uploads\/2022\/11\/IMG_9260-1536x1024.jpg 1536w, https:\/\/conadi.gob.gt\/web\/wp-content\/uploads\/2022\/11\/IMG_9260-2048x1365.jpg 2048w, https:\/\/conadi.gob.gt\/web\/wp-content\/uploads\/2022\/11\/IMG_9260-2000x1333.jpg 2000w\" sizes=\"auto, (max-width: 1024px) 100vw, 1024px\" \/><\/figure>\n<\/div>\n<\/div>\n\n\n\n<div class=\"wp-block-columns is-layout-flex wp-container-core-columns-is-layout-28f84493 wp-block-columns-is-layout-flex\">\n<div class=\"wp-block-column is-layout-flow wp-block-column-is-layout-flow\">\n<figure class=\"wp-block-image size-large\"><img loading=\"lazy\" decoding=\"async\" width=\"1024\" height=\"683\" src=\"https:\/\/conadi.gob.gt\/web\/wp-content\/uploads\/2022\/11\/IMG_9407-1024x683.jpg\" alt=\"\" class=\"wp-image-12180\" srcset=\"https:\/\/conadi.gob.gt\/web\/wp-content\/uploads\/2022\/11\/IMG_9407-1024x683.jpg 1024w, https:\/\/conadi.gob.gt\/web\/wp-content\/uploads\/2022\/11\/IMG_9407-300x200.jpg 300w, https:\/\/conadi.gob.gt\/web\/wp-content\/uploads\/2022\/11\/IMG_9407-768x512.jpg 768w, https:\/\/conadi.gob.gt\/web\/wp-content\/uploads\/2022\/11\/IMG_9407-1536x1024.jpg 1536w, https:\/\/conadi.gob.gt\/web\/wp-content\/uploads\/2022\/11\/IMG_9407-2048x1365.jpg 2048w, https:\/\/conadi.gob.gt\/web\/wp-content\/uploads\/2022\/11\/IMG_9407-2000x1333.jpg 2000w\" sizes=\"auto, (max-width: 1024px) 100vw, 1024px\" \/><\/figure>\n<\/div>\n\n\n\n<div class=\"wp-block-column is-layout-flow wp-block-column-is-layout-flow\">\n<figure class=\"wp-block-image size-large\"><img loading=\"lazy\" decoding=\"async\" width=\"1024\" height=\"683\" src=\"https:\/\/conadi.gob.gt\/web\/wp-content\/uploads\/2022\/11\/IMG_9446-1024x683.jpg\" alt=\"\" class=\"wp-image-12186\" srcset=\"https:\/\/conadi.gob.gt\/web\/wp-content\/uploads\/2022\/11\/IMG_9446-1024x683.jpg 1024w, https:\/\/conadi.gob.gt\/web\/wp-content\/uploads\/2022\/11\/IMG_9446-300x200.jpg 300w, https:\/\/conadi.gob.gt\/web\/wp-content\/uploads\/2022\/11\/IMG_9446-768x512.jpg 768w, https:\/\/conadi.gob.gt\/web\/wp-content\/uploads\/2022\/11\/IMG_9446-1536x1024.jpg 1536w, https:\/\/conadi.gob.gt\/web\/wp-content\/uploads\/2022\/11\/IMG_9446-2048x1365.jpg 2048w, https:\/\/conadi.gob.gt\/web\/wp-content\/uploads\/2022\/11\/IMG_9446-2000x1333.jpg 2000w\" sizes=\"auto, (max-width: 1024px) 100vw, 1024px\" \/><\/figure>\n<\/div>\n\n\n\n<div class=\"wp-block-column is-layout-flow wp-block-column-is-layout-flow\">\n<figure class=\"wp-block-image size-large\"><img loading=\"lazy\" decoding=\"async\" width=\"1024\" height=\"683\" src=\"https:\/\/conadi.gob.gt\/web\/wp-content\/uploads\/2022\/11\/IMG_8967-1024x683.jpg\" alt=\"\" class=\"wp-image-12181\" srcset=\"https:\/\/conadi.gob.gt\/web\/wp-content\/uploads\/2022\/11\/IMG_8967-1024x683.jpg 1024w, https:\/\/conadi.gob.gt\/web\/wp-content\/uploads\/2022\/11\/IMG_8967-300x200.jpg 300w, https:\/\/conadi.gob.gt\/web\/wp-content\/uploads\/2022\/11\/IMG_8967-768x512.jpg 768w, https:\/\/conadi.gob.gt\/web\/wp-content\/uploads\/2022\/11\/IMG_8967-1536x1024.jpg 1536w, https:\/\/conadi.gob.gt\/web\/wp-content\/uploads\/2022\/11\/IMG_8967-2048x1365.jpg 2048w, https:\/\/conadi.gob.gt\/web\/wp-content\/uploads\/2022\/11\/IMG_8967-2000x1333.jpg 2000w\" sizes=\"auto, (max-width: 1024px) 100vw, 1024px\" \/><\/figure>\n<\/div>\n<\/div>\n\n\n\n<p>Durante el segundo d\u00eda, se realizaron las elecciones de representante titular y suplente de los subsectores de Organizaciones de Padres, Madres y Familiares de Personas con Discapacidad; Organizaciones de Personas con Discapacidad Auditiva y Organizaciones de Personas con Discapacidad F\u00edsica.<\/p>\n\n\n\n<div class=\"wp-block-columns is-layout-flex wp-container-core-columns-is-layout-28f84493 wp-block-columns-is-layout-flex\">\n<div class=\"wp-block-column is-layout-flow wp-block-column-is-layout-flow\">\n<figure class=\"wp-block-image size-large\"><img loading=\"lazy\" decoding=\"async\" width=\"1024\" height=\"683\" src=\"https:\/\/conadi.gob.gt\/web\/wp-content\/uploads\/2022\/11\/IMG_9571-1024x683.jpg\" alt=\"\" class=\"wp-image-12201\" srcset=\"https:\/\/conadi.gob.gt\/web\/wp-content\/uploads\/2022\/11\/IMG_9571-1024x683.jpg 1024w, https:\/\/conadi.gob.gt\/web\/wp-content\/uploads\/2022\/11\/IMG_9571-300x200.jpg 300w, https:\/\/conadi.gob.gt\/web\/wp-content\/uploads\/2022\/11\/IMG_9571-768x512.jpg 768w, https:\/\/conadi.gob.gt\/web\/wp-content\/uploads\/2022\/11\/IMG_9571-1536x1024.jpg 1536w, https:\/\/conadi.gob.gt\/web\/wp-content\/uploads\/2022\/11\/IMG_9571-2048x1365.jpg 2048w, https:\/\/conadi.gob.gt\/web\/wp-content\/uploads\/2022\/11\/IMG_9571-2000x1333.jpg 2000w\" sizes=\"auto, (max-width: 1024px) 100vw, 1024px\" \/><\/figure>\n<\/div>\n\n\n\n<div class=\"wp-block-column is-layout-flow wp-block-column-is-layout-flow\">\n<figure class=\"wp-block-image size-large\"><img loading=\"lazy\" decoding=\"async\" width=\"1024\" height=\"683\" src=\"https:\/\/conadi.gob.gt\/web\/wp-content\/uploads\/2022\/11\/IMG_9690-1024x683.jpg\" alt=\"\" class=\"wp-image-12202\" srcset=\"https:\/\/conadi.gob.gt\/web\/wp-content\/uploads\/2022\/11\/IMG_9690-1024x683.jpg 1024w, https:\/\/conadi.gob.gt\/web\/wp-content\/uploads\/2022\/11\/IMG_9690-300x200.jpg 300w, https:\/\/conadi.gob.gt\/web\/wp-content\/uploads\/2022\/11\/IMG_9690-768x512.jpg 768w, https:\/\/conadi.gob.gt\/web\/wp-content\/uploads\/2022\/11\/IMG_9690-1536x1024.jpg 1536w, https:\/\/conadi.gob.gt\/web\/wp-content\/uploads\/2022\/11\/IMG_9690-2048x1365.jpg 2048w, https:\/\/conadi.gob.gt\/web\/wp-content\/uploads\/2022\/11\/IMG_9690-2000x1333.jpg 2000w\" sizes=\"auto, (max-width: 1024px) 100vw, 1024px\" \/><\/figure>\n<\/div>\n<\/div>\n\n\n\n<p>Con esta acci\u00f3n se inicia la preparaci\u00f3n de la pr\u00f3xima elecci\u00f3n de Junta Directiva para el Per\u00edodo 2023-2025, que se llevar\u00e1 a cabo el 9 de diciembre del 2022.<\/p>\n","protected":false},"excerpt":{"rendered":"<p>La Comisi\u00f3n Electoral del Consejo Nacional para la Atenci\u00f3n de las Personas con Discapacidad (CONADI) en Asamblea de Subsectores de la Sociedad Civil, realiz\u00f3 las elecciones de representante titular y suplente de los subsectores que integran el CONADI. En el primer d\u00eda se convoc\u00f3 a los subsectores de Organismos e Instituciones que Prestan Atenci\u00f3n Directa &hellip; <\/p>\n<p class=\"link-more\"><a href=\"https:\/\/conadi.gob.gt\/web\/conadi-realiza-eleccion-de-representante-titular-y-suplente-de-subsectores\/\" class=\"more-link\">Leer m\u00e1s<span class=\"screen-reader-text\"> \u00abCONADI REALIZA ELECCI\u00d3N DE REPRESENTANTE TITULAR Y SUPLENTE DE SUBSECTORES\u00bb<\/span><\/a><\/p>\n","protected":false},"author":12,"featured_media":12173,"comment_status":"closed","ping_status":"closed","sticky":false,"template":"","format":"standard","meta":{"footnotes":""},"categories":[3],"tags":[],"class_list":["post-12170","post","type-post","status-publish","format-standard","has-post-thumbnail","hentry","category-noticias"],"_links":{"self":[{"href":"https:\/\/conadi.gob.gt\/web\/wp-json\/wp\/v2\/posts\/12170","targetHints":{"allow":["GET"]}}],"collection":[{"href":"https:\/\/conadi.gob.gt\/web\/wp-json\/wp\/v2\/posts"}],"about":[{"href":"https:\/\/conadi.gob.gt\/web\/wp-json\/wp\/v2\/types\/post"}],"author":[{"embeddable":true,"href":"https:\/\/conadi.gob.gt\/web\/wp-json\/wp\/v2\/users\/12"}],"replies":[{"embeddable":true,"href":"https:\/\/conadi.gob.gt\/web\/wp-json\/wp\/v2\/comments?post=12170"}],"version-history":[{"count":13,"href":"https:\/\/conadi.gob.gt\/web\/wp-json\/wp\/v2\/posts\/12170\/revisions"}],"predecessor-version":[{"id":12209,"href":"https:\/\/conadi.gob.gt\/web\/wp-json\/wp\/v2\/posts\/12170\/revisions\/12209"}],"wp:featuredmedia":[{"embeddable":true,"href":"https:\/\/conadi.gob.gt\/web\/wp-json\/wp\/v2\/media\/12173"}],"wp:attachment":[{"href":"https:\/\/conadi.gob.gt\/web\/wp-json\/wp\/v2\/media?parent=12170"}],"wp:term":[{"taxonomy":"category","embeddable":true,"href":"https:\/\/conadi.gob.gt\/web\/wp-json\/wp\/v2\/categories?post=12170"},{"taxonomy":"post_tag","embeddable":true,"href":"https:\/\/conadi.gob.gt\/web\/wp-json\/wp\/v2\/tags?post=12170"}],"curies":[{"name":"wp","href":"https:\/\/api.w.org\/{rel}","templated":true}]}}