{"id":12220,"date":"2022-11-23T14:09:40","date_gmt":"2022-11-23T14:09:40","guid":{"rendered":"https:\/\/conadi.gob.gt\/web\/?p=12220"},"modified":"2022-11-23T14:11:08","modified_gmt":"2022-11-23T14:11:08","slug":"congreso-retos-de-la-educacion-inclusiva-a-nivel-universitario","status":"publish","type":"post","link":"https:\/\/conadi.gob.gt\/web\/congreso-retos-de-la-educacion-inclusiva-a-nivel-universitario\/","title":{"rendered":"CONGRESO RETOS DE LA EDUCACI\u00d3N INCLUSIVA A NIVEL UNIVERSITARIO"},"content":{"rendered":"\n<p>Conocer los derechos de los estudiantes con discapacidad, en cuanto al acceso a la educaci\u00f3n superior, la importancia de su inclusi\u00f3n, adecuaci\u00f3n curricular y los ajustes razonables como garant\u00eda al derecho de igualdad y equidad de condiciones y oportunidades fueron los temas abordados en el Congreso \u201cRetos de la Educaci\u00f3n Inclusiva a Nivel Universitario\u201d que fue dirigido a catedr\u00e1ticos y estudiantes de la Universidad de San Carlos de Guatemala (USAC) con o sin discapacidad.<\/p>\n\n\n\n<figure class=\"wp-block-image size-large\"><img loading=\"lazy\" decoding=\"async\" width=\"1024\" height=\"682\" src=\"https:\/\/conadi.gob.gt\/web\/wp-content\/uploads\/2022\/11\/WhatsApp-Image-2022-11-21-at-13.11.50-1024x682.jpeg\" alt=\"\" class=\"wp-image-12223\" srcset=\"https:\/\/conadi.gob.gt\/web\/wp-content\/uploads\/2022\/11\/WhatsApp-Image-2022-11-21-at-13.11.50-1024x682.jpeg 1024w, https:\/\/conadi.gob.gt\/web\/wp-content\/uploads\/2022\/11\/WhatsApp-Image-2022-11-21-at-13.11.50-300x200.jpeg 300w, https:\/\/conadi.gob.gt\/web\/wp-content\/uploads\/2022\/11\/WhatsApp-Image-2022-11-21-at-13.11.50-768x512.jpeg 768w, https:\/\/conadi.gob.gt\/web\/wp-content\/uploads\/2022\/11\/WhatsApp-Image-2022-11-21-at-13.11.50.jpeg 1280w\" sizes=\"auto, (max-width: 1024px) 100vw, 1024px\" \/><\/figure>\n\n\n\n<p><br \/>En el acto de apertura participaron por la Universidad de San Carlos Ren\u00e9 Jerez, Secretario Administrativo y Rosario Espinoza, Coordinadora de Cursos Libres; quienes indicaron estar en toda la disponibilidad y el inter\u00e9s de trabajar porque la educaci\u00f3n superior sea accesible y as\u00ed poder hacer realidad su lema \u201cId y ense\u00f1ad a todos\u201d; por el CONADI Fausto Reyes, Director T\u00e9cnico y Clarivel Castillo, Presidenta de Junta Directiva, hicieron \u00e9nfasis en que la Universidad de San Carlos es parte del Conadi y se debe trabajar en conjunto, para lograr la inclusi\u00f3n de los estudiantes con discapacidad.<\/p>\n\n\n\n<p><br \/>En el desarrollo del Congreso se cont\u00f3 con las ponencias de Esteban G\u00f3mez, Jefe de An\u00e1lisis de Datos Estad\u00edsticos del Conadi, quien dio a conocer los datos estad\u00edsticos de estudiantes universitarios con discapacidad, que para el a\u00f1o 2018, \u00fanicamente 27796 asist\u00edan a la universidad de forma activa.<br \/>Jorge Luis L\u00f3pez, Consultor de Conadi; expuso sobre los derechos de las personas con discapacidad. Adem\u00e1s, Miriam Yanet Ischiv de la Direcci\u00f3n General de Educaci\u00f3n Especial del Ministerio de Educaci\u00f3n, dio a conocer la Adecuaci\u00f3n Curricular.<\/p>\n\n\n\n<figure class=\"wp-block-image size-large\"><img loading=\"lazy\" decoding=\"async\" width=\"1024\" height=\"682\" src=\"https:\/\/conadi.gob.gt\/web\/wp-content\/uploads\/2022\/11\/WhatsApp-Image-2022-11-21-at-13.11.51-1-1024x682.jpeg\" alt=\"\" class=\"wp-image-12222\" srcset=\"https:\/\/conadi.gob.gt\/web\/wp-content\/uploads\/2022\/11\/WhatsApp-Image-2022-11-21-at-13.11.51-1-1024x682.jpeg 1024w, https:\/\/conadi.gob.gt\/web\/wp-content\/uploads\/2022\/11\/WhatsApp-Image-2022-11-21-at-13.11.51-1-300x200.jpeg 300w, https:\/\/conadi.gob.gt\/web\/wp-content\/uploads\/2022\/11\/WhatsApp-Image-2022-11-21-at-13.11.51-1-768x512.jpeg 768w, https:\/\/conadi.gob.gt\/web\/wp-content\/uploads\/2022\/11\/WhatsApp-Image-2022-11-21-at-13.11.51-1.jpeg 1280w\" sizes=\"auto, (max-width: 1024px) 100vw, 1024px\" \/><\/figure>\n\n\n\n<p><br \/>La moderaci\u00f3n del congreso estuvo a cargo de Marcela Reyes Rivera y Gustavo Oroxon de la Asociaci\u00f3n de Estudiantes de Derecho de la USAC.<\/p>\n","protected":false},"excerpt":{"rendered":"<p>Conocer los derechos de los estudiantes con discapacidad, en cuanto al acceso a la educaci\u00f3n superior, la importancia de su inclusi\u00f3n, adecuaci\u00f3n curricular y los ajustes razonables como garant\u00eda al derecho de igualdad y equidad de condiciones y oportunidades fueron los temas abordados en el Congreso \u201cRetos de la Educaci\u00f3n Inclusiva a Nivel Universitario\u201d que &hellip; <\/p>\n<p class=\"link-more\"><a href=\"https:\/\/conadi.gob.gt\/web\/congreso-retos-de-la-educacion-inclusiva-a-nivel-universitario\/\" class=\"more-link\">Leer m\u00e1s<span class=\"screen-reader-text\"> \u00abCONGRESO RETOS DE LA EDUCACI\u00d3N INCLUSIVA A NIVEL UNIVERSITARIO\u00bb<\/span><\/a><\/p>\n","protected":false},"author":12,"featured_media":12222,"comment_status":"closed","ping_status":"closed","sticky":false,"template":"","format":"standard","meta":{"footnotes":""},"categories":[3],"tags":[],"class_list":["post-12220","post","type-post","status-publish","format-standard","has-post-thumbnail","hentry","category-noticias"],"_links":{"self":[{"href":"https:\/\/conadi.gob.gt\/web\/wp-json\/wp\/v2\/posts\/12220","targetHints":{"allow":["GET"]}}],"collection":[{"href":"https:\/\/conadi.gob.gt\/web\/wp-json\/wp\/v2\/posts"}],"about":[{"href":"https:\/\/conadi.gob.gt\/web\/wp-json\/wp\/v2\/types\/post"}],"author":[{"embeddable":true,"href":"https:\/\/conadi.gob.gt\/web\/wp-json\/wp\/v2\/users\/12"}],"replies":[{"embeddable":true,"href":"https:\/\/conadi.gob.gt\/web\/wp-json\/wp\/v2\/comments?post=12220"}],"version-history":[{"count":3,"href":"https:\/\/conadi.gob.gt\/web\/wp-json\/wp\/v2\/posts\/12220\/revisions"}],"predecessor-version":[{"id":12226,"href":"https:\/\/conadi.gob.gt\/web\/wp-json\/wp\/v2\/posts\/12220\/revisions\/12226"}],"wp:featuredmedia":[{"embeddable":true,"href":"https:\/\/conadi.gob.gt\/web\/wp-json\/wp\/v2\/media\/12222"}],"wp:attachment":[{"href":"https:\/\/conadi.gob.gt\/web\/wp-json\/wp\/v2\/media?parent=12220"}],"wp:term":[{"taxonomy":"category","embeddable":true,"href":"https:\/\/conadi.gob.gt\/web\/wp-json\/wp\/v2\/categories?post=12220"},{"taxonomy":"post_tag","embeddable":true,"href":"https:\/\/conadi.gob.gt\/web\/wp-json\/wp\/v2\/tags?post=12220"}],"curies":[{"name":"wp","href":"https:\/\/api.w.org\/{rel}","templated":true}]}}