{"id":12229,"date":"2022-11-25T19:48:50","date_gmt":"2022-11-25T19:48:50","guid":{"rendered":"https:\/\/conadi.gob.gt\/web\/?p=12229"},"modified":"2022-11-25T21:22:09","modified_gmt":"2022-11-25T21:22:09","slug":"proyecto-mejoras-de-la-accesibilidad-universal-del-parque-nacional-tikal","status":"publish","type":"post","link":"https:\/\/conadi.gob.gt\/web\/proyecto-mejoras-de-la-accesibilidad-universal-del-parque-nacional-tikal\/","title":{"rendered":"PROYECTO \u201cMEJORAS DE LA ACCESIBILIDAD UNIVERSAL DEL PARQUE NACIONAL TIKAL\u201d"},"content":{"rendered":"\n<p>Clarivel Castillo, presidenta del CONADI, particip\u00f3 en el acto de corte de cinta del Proyecto \u201cMejoras de la Accesibilidad Universal del Parque Nacional Tikal\u201d, con el cual se inicia un camino hacia la conceptualizaci\u00f3n de la Accesibilidad Universal, que busca la cooperaci\u00f3n interinstitucional entre el CONADI y Aecid Guatemala, el Viceministerio de Patrimonio Cultural y Natural del Ministerio de Cultura y Deportes Guatemala y el Instituto Guatemalteco de Turismo (INGUAT). <\/p>\n\n\n\n<figure class=\"wp-block-image size-large\"><img loading=\"lazy\" decoding=\"async\" width=\"1024\" height=\"682\" src=\"https:\/\/conadi.gob.gt\/web\/wp-content\/uploads\/2022\/11\/WhatsApp-Image-2022-11-25-at-08.30.23-1024x682.jpeg\" alt=\"\" class=\"wp-image-12231\" srcset=\"https:\/\/conadi.gob.gt\/web\/wp-content\/uploads\/2022\/11\/WhatsApp-Image-2022-11-25-at-08.30.23-1024x682.jpeg 1024w, https:\/\/conadi.gob.gt\/web\/wp-content\/uploads\/2022\/11\/WhatsApp-Image-2022-11-25-at-08.30.23-300x200.jpeg 300w, https:\/\/conadi.gob.gt\/web\/wp-content\/uploads\/2022\/11\/WhatsApp-Image-2022-11-25-at-08.30.23-768x512.jpeg 768w, https:\/\/conadi.gob.gt\/web\/wp-content\/uploads\/2022\/11\/WhatsApp-Image-2022-11-25-at-08.30.23.jpeg 1280w\" sizes=\"auto, (max-width: 1024px) 100vw, 1024px\" \/><\/figure>\n\n\n\n<p>Castillo, en su discurso destac\u00f3: \u201cEste momento es hist\u00f3rico porque las instituciones que trabajan por la accesibilidad se unen, para que las personas con discapacidad tengan acceso a participar y acceder a todos los espacios de esparcimiento, recreaci\u00f3n y cultura, basados en el derecho a la accesibilidad e inclusi\u00f3n que se establece en la Convenci\u00f3n sobre los Derechos de las Personas con Discapacidad\u201d.<\/p>\n\n\n\n<p>Henry Barascout Castej\u00f3n, Jefe de Planteamiento Tur\u00edstico, delegado del INGUAT se refiri\u00f3 a la disposici\u00f3n del INGUAT al unirse al trabajo que se realizar\u00e1 en la joya de la corona de la visitaci\u00f3n de turistas internacionales y nacionales. Con este proyecto se buscar\u00e1 la accesibilidad, el transitar y permanencia dentro de un lugar de las personas con discapacidad para visitar esta joya arquitect\u00f3nica de la naci\u00f3n.<\/p>\n\n\n\n<figure class=\"wp-block-image size-large\"><img loading=\"lazy\" decoding=\"async\" width=\"1024\" height=\"682\" src=\"https:\/\/conadi.gob.gt\/web\/wp-content\/uploads\/2022\/11\/WhatsApp-Image-2022-11-25-at-08.30.24-1024x682.jpeg\" alt=\"\" class=\"wp-image-12233\" srcset=\"https:\/\/conadi.gob.gt\/web\/wp-content\/uploads\/2022\/11\/WhatsApp-Image-2022-11-25-at-08.30.24-1024x682.jpeg 1024w, https:\/\/conadi.gob.gt\/web\/wp-content\/uploads\/2022\/11\/WhatsApp-Image-2022-11-25-at-08.30.24-300x200.jpeg 300w, https:\/\/conadi.gob.gt\/web\/wp-content\/uploads\/2022\/11\/WhatsApp-Image-2022-11-25-at-08.30.24-768x512.jpeg 768w, https:\/\/conadi.gob.gt\/web\/wp-content\/uploads\/2022\/11\/WhatsApp-Image-2022-11-25-at-08.30.24.jpeg 1280w\" sizes=\"auto, (max-width: 1024px) 100vw, 1024px\" \/><\/figure>\n\n\n\n<p>El Parque Nacional Tikal desde 1979 fue nombrado Patrimonio Cultural de la Humanidad, y tiene el prop\u00f3sito de implementar acciones que contribuyan a la mejora de la Accesibilidad Universal es imprescindible, facilitando el acceso de nuestra cultura, del patrimonio a todos los guatemaltecos y visitantes con las mismas oportunidades de disfrutar en igual de condiciones de este patrimonio cultura de m\u00e1s de 3 mil a\u00f1os de riqueza cultural\u201d manifest\u00f3 Erick Armando Ortiz, Director T\u00e9cnico del IDAEH, delegado del MCD.<\/p>\n\n\n\n<p>La Unidad del Proyecto Estrategia de Mejora de la Accesibilidad Universal al Patrimonio Cultural de Guatemala del CONADI y de Aecid Guatemala, ser\u00e1 el encargado de darle continuidad a las acciones de accesibilidad al patrimonio cultural de Guatemala como es el Parque Nacional Tikal.<\/p>\n\n\n\n<figure class=\"wp-block-image size-large\"><img loading=\"lazy\" decoding=\"async\" width=\"1024\" height=\"682\" src=\"https:\/\/conadi.gob.gt\/web\/wp-content\/uploads\/2022\/11\/WhatsApp-Image-2022-11-25-at-08.22.48-1024x682.jpeg\" alt=\"\" class=\"wp-image-12232\" srcset=\"https:\/\/conadi.gob.gt\/web\/wp-content\/uploads\/2022\/11\/WhatsApp-Image-2022-11-25-at-08.22.48-1024x682.jpeg 1024w, https:\/\/conadi.gob.gt\/web\/wp-content\/uploads\/2022\/11\/WhatsApp-Image-2022-11-25-at-08.22.48-300x200.jpeg 300w, https:\/\/conadi.gob.gt\/web\/wp-content\/uploads\/2022\/11\/WhatsApp-Image-2022-11-25-at-08.22.48-768x512.jpeg 768w, https:\/\/conadi.gob.gt\/web\/wp-content\/uploads\/2022\/11\/WhatsApp-Image-2022-11-25-at-08.22.48.jpeg 1280w\" sizes=\"auto, (max-width: 1024px) 100vw, 1024px\" \/><\/figure>\n\n\n\n<p>C\u00f3mo cierre de la actividad de apertura del Proyecto \u201cMejoras de la Accesibilidad Universal del Parque Nacional Tikal\u201d. Clarivel Castillo, presidenta del CONADI, acompa\u00f1ada por t\u00e9cnicos de la instituci\u00f3n, dos personas con discapacidad usuarios de silla de ruedas e invitados al acto de corte de cinta, realizaron una visita a la plaza central de Tikal.<\/p>\n\n\n\n<p>Con este proyecto se buscar\u00e1 brindar una experiencia a los visitantes con discapacidad y dar cumplimiento a los derechos: accesibilidad, acceso a la cultura, esparcimiento y a la cultura entre otros.<\/p>\n\n\n\n<figure class=\"wp-block-image size-large\"><img loading=\"lazy\" decoding=\"async\" width=\"1024\" height=\"682\" src=\"https:\/\/conadi.gob.gt\/web\/wp-content\/uploads\/2022\/11\/WhatsApp-Image-2022-11-25-at-10.14.44-1024x682.jpeg\" alt=\"\" class=\"wp-image-12237\" srcset=\"https:\/\/conadi.gob.gt\/web\/wp-content\/uploads\/2022\/11\/WhatsApp-Image-2022-11-25-at-10.14.44-1024x682.jpeg 1024w, https:\/\/conadi.gob.gt\/web\/wp-content\/uploads\/2022\/11\/WhatsApp-Image-2022-11-25-at-10.14.44-300x200.jpeg 300w, https:\/\/conadi.gob.gt\/web\/wp-content\/uploads\/2022\/11\/WhatsApp-Image-2022-11-25-at-10.14.44-768x512.jpeg 768w, https:\/\/conadi.gob.gt\/web\/wp-content\/uploads\/2022\/11\/WhatsApp-Image-2022-11-25-at-10.14.44.jpeg 1280w\" sizes=\"auto, (max-width: 1024px) 100vw, 1024px\" \/><\/figure>\n","protected":false},"excerpt":{"rendered":"<p>Clarivel Castillo, presidenta del CONADI, particip\u00f3 en el acto de corte de cinta del Proyecto \u201cMejoras de la Accesibilidad Universal del Parque Nacional Tikal\u201d, con el cual se inicia un camino hacia la conceptualizaci\u00f3n de la Accesibilidad Universal, que busca la cooperaci\u00f3n interinstitucional entre el CONADI y Aecid Guatemala, el Viceministerio de Patrimonio Cultural y &hellip; <\/p>\n<p class=\"link-more\"><a href=\"https:\/\/conadi.gob.gt\/web\/proyecto-mejoras-de-la-accesibilidad-universal-del-parque-nacional-tikal\/\" class=\"more-link\">Leer m\u00e1s<span class=\"screen-reader-text\"> \u00abPROYECTO \u201cMEJORAS DE LA ACCESIBILIDAD UNIVERSAL DEL PARQUE NACIONAL TIKAL\u201d\u00bb<\/span><\/a><\/p>\n","protected":false},"author":12,"featured_media":12232,"comment_status":"closed","ping_status":"closed","sticky":false,"template":"","format":"standard","meta":{"footnotes":""},"categories":[3],"tags":[],"class_list":["post-12229","post","type-post","status-publish","format-standard","has-post-thumbnail","hentry","category-noticias"],"_links":{"self":[{"href":"https:\/\/conadi.gob.gt\/web\/wp-json\/wp\/v2\/posts\/12229","targetHints":{"allow":["GET"]}}],"collection":[{"href":"https:\/\/conadi.gob.gt\/web\/wp-json\/wp\/v2\/posts"}],"about":[{"href":"https:\/\/conadi.gob.gt\/web\/wp-json\/wp\/v2\/types\/post"}],"author":[{"embeddable":true,"href":"https:\/\/conadi.gob.gt\/web\/wp-json\/wp\/v2\/users\/12"}],"replies":[{"embeddable":true,"href":"https:\/\/conadi.gob.gt\/web\/wp-json\/wp\/v2\/comments?post=12229"}],"version-history":[{"count":2,"href":"https:\/\/conadi.gob.gt\/web\/wp-json\/wp\/v2\/posts\/12229\/revisions"}],"predecessor-version":[{"id":12238,"href":"https:\/\/conadi.gob.gt\/web\/wp-json\/wp\/v2\/posts\/12229\/revisions\/12238"}],"wp:featuredmedia":[{"embeddable":true,"href":"https:\/\/conadi.gob.gt\/web\/wp-json\/wp\/v2\/media\/12232"}],"wp:attachment":[{"href":"https:\/\/conadi.gob.gt\/web\/wp-json\/wp\/v2\/media?parent=12229"}],"wp:term":[{"taxonomy":"category","embeddable":true,"href":"https:\/\/conadi.gob.gt\/web\/wp-json\/wp\/v2\/categories?post=12229"},{"taxonomy":"post_tag","embeddable":true,"href":"https:\/\/conadi.gob.gt\/web\/wp-json\/wp\/v2\/tags?post=12229"}],"curies":[{"name":"wp","href":"https:\/\/api.w.org\/{rel}","templated":true}]}}