{"id":12295,"date":"2022-12-02T16:59:36","date_gmt":"2022-12-02T16:59:36","guid":{"rendered":"https:\/\/conadi.gob.gt\/web\/?p=12295"},"modified":"2022-12-02T16:59:37","modified_gmt":"2022-12-02T16:59:37","slug":"conadi-lleva-a-cabo-la-carrera-a-paso-de-campeones","status":"publish","type":"post","link":"https:\/\/conadi.gob.gt\/web\/conadi-lleva-a-cabo-la-carrera-a-paso-de-campeones\/","title":{"rendered":"CONADI LLEVA A CABO LA CARRERA A PASO DE CAMPEONES"},"content":{"rendered":"\n<p>La tradicional carrera, \u00abA Paso de Campeones\u00bb, que se lleva a cabo con motivo del D\u00eda Internacional de las Personas con Discapacidad, se realiz\u00f3 el 1 de diciembre en el Estadio Doroteo Guamuch Flores, zona 5 capitalina. Donde participaron personas con discapacidad f\u00edsica, auditiva, visual e intelectual de diferentes organizaciones.<\/p>\n\n\n\n<figure class=\"wp-block-image size-large\"><img loading=\"lazy\" decoding=\"async\" width=\"1024\" height=\"683\" src=\"https:\/\/conadi.gob.gt\/web\/wp-content\/uploads\/2022\/12\/317797446_523972973109883_4815023185425770268_n-1024x683.jpg\" alt=\"\" class=\"wp-image-12296\" srcset=\"https:\/\/conadi.gob.gt\/web\/wp-content\/uploads\/2022\/12\/317797446_523972973109883_4815023185425770268_n-1024x683.jpg 1024w, https:\/\/conadi.gob.gt\/web\/wp-content\/uploads\/2022\/12\/317797446_523972973109883_4815023185425770268_n-300x200.jpg 300w, https:\/\/conadi.gob.gt\/web\/wp-content\/uploads\/2022\/12\/317797446_523972973109883_4815023185425770268_n-768x512.jpg 768w, https:\/\/conadi.gob.gt\/web\/wp-content\/uploads\/2022\/12\/317797446_523972973109883_4815023185425770268_n-1536x1024.jpg 1536w, https:\/\/conadi.gob.gt\/web\/wp-content\/uploads\/2022\/12\/317797446_523972973109883_4815023185425770268_n-2000x1333.jpg 2000w, https:\/\/conadi.gob.gt\/web\/wp-content\/uploads\/2022\/12\/317797446_523972973109883_4815023185425770268_n.jpg 2048w\" sizes=\"auto, (max-width: 1024px) 100vw, 1024px\" \/><\/figure>\n\n\n\n<p>La actividad inici\u00f3 con un mensaje de la licenciada Clarivel Castillo, qui\u00e9n enfatiz\u00f3 que esta actividad busca promover la igualdad de derechos y visibilizar las habilidades, destrezas y capacidades de la poblaci\u00f3n con discapacidad. Asimismo, destac\u00f3 la participaci\u00f3n del medallista ol\u00edmpico Erick Barrondo, qui\u00e9n comparti\u00f3 con los asistentes y se refiri\u00f3 a la importancia del derecho al deporte y los beneficios de la actividad f\u00edsica en la rehabilitaci\u00f3n y prevenci\u00f3n de alguna deficiencia. <\/p>\n\n\n\n<figure class=\"wp-block-image size-full\"><img loading=\"lazy\" decoding=\"async\" width=\"876\" height=\"852\" src=\"https:\/\/conadi.gob.gt\/web\/wp-content\/uploads\/2022\/12\/317737382_523971246443389_4855960489827334257_n.jpg\" alt=\"\" class=\"wp-image-12297\" srcset=\"https:\/\/conadi.gob.gt\/web\/wp-content\/uploads\/2022\/12\/317737382_523971246443389_4855960489827334257_n.jpg 876w, https:\/\/conadi.gob.gt\/web\/wp-content\/uploads\/2022\/12\/317737382_523971246443389_4855960489827334257_n-300x292.jpg 300w, https:\/\/conadi.gob.gt\/web\/wp-content\/uploads\/2022\/12\/317737382_523971246443389_4855960489827334257_n-768x747.jpg 768w\" sizes=\"auto, (max-width: 876px) 100vw, 876px\" \/><\/figure>\n\n\n\n<p>Previo a la carrera A Pasos de Campeones las personas con discapacidad hacen recorrido a los diferentes stands de las distintas federaciones deportivas.<\/p>\n\n\n\n<p>Posteriormente, Castillo junto a Barrondo dan la se\u00f1al salida a los participantes en la Carrera A Pasos de Campeones.<\/p>\n\n\n\n<div class=\"wp-block-columns is-layout-flex wp-container-core-columns-is-layout-28f84493 wp-block-columns-is-layout-flex\">\n<div class=\"wp-block-column is-layout-flow wp-block-column-is-layout-flow\">\n<figure class=\"wp-block-image size-full\"><img loading=\"lazy\" decoding=\"async\" width=\"906\" height=\"593\" src=\"https:\/\/conadi.gob.gt\/web\/wp-content\/uploads\/2022\/12\/Anotacion-2022-12-02-105238.png\" alt=\"\" class=\"wp-image-12299\" srcset=\"https:\/\/conadi.gob.gt\/web\/wp-content\/uploads\/2022\/12\/Anotacion-2022-12-02-105238.png 906w, https:\/\/conadi.gob.gt\/web\/wp-content\/uploads\/2022\/12\/Anotacion-2022-12-02-105238-300x196.png 300w, https:\/\/conadi.gob.gt\/web\/wp-content\/uploads\/2022\/12\/Anotacion-2022-12-02-105238-768x503.png 768w\" sizes=\"auto, (max-width: 906px) 100vw, 906px\" \/><\/figure>\n<\/div>\n\n\n\n<div class=\"wp-block-column is-layout-flow wp-block-column-is-layout-flow\">\n<figure class=\"wp-block-image size-large\"><img loading=\"lazy\" decoding=\"async\" width=\"1024\" height=\"683\" src=\"https:\/\/conadi.gob.gt\/web\/wp-content\/uploads\/2022\/12\/317953868_523964309777416_5605462026573138590_n-1024x683.jpg\" alt=\"\" class=\"wp-image-12298\" srcset=\"https:\/\/conadi.gob.gt\/web\/wp-content\/uploads\/2022\/12\/317953868_523964309777416_5605462026573138590_n-1024x683.jpg 1024w, https:\/\/conadi.gob.gt\/web\/wp-content\/uploads\/2022\/12\/317953868_523964309777416_5605462026573138590_n-300x200.jpg 300w, https:\/\/conadi.gob.gt\/web\/wp-content\/uploads\/2022\/12\/317953868_523964309777416_5605462026573138590_n-768x512.jpg 768w, https:\/\/conadi.gob.gt\/web\/wp-content\/uploads\/2022\/12\/317953868_523964309777416_5605462026573138590_n-1536x1024.jpg 1536w, https:\/\/conadi.gob.gt\/web\/wp-content\/uploads\/2022\/12\/317953868_523964309777416_5605462026573138590_n-2000x1333.jpg 2000w, https:\/\/conadi.gob.gt\/web\/wp-content\/uploads\/2022\/12\/317953868_523964309777416_5605462026573138590_n.jpg 2048w\" sizes=\"auto, (max-width: 1024px) 100vw, 1024px\" \/><\/figure>\n<\/div>\n<\/div>\n\n\n\n<p>La carrera A Pasos de Campeones es un espacio donde participan personas con distintas condiciones de discapacidad a nivel nacional, esta es una actividad organizada por el Conadi.<\/p>\n\n\n\n<p>Al finalizar la carrera Autoridades hacen entrega de medallas conmemorativa reconociendo a los participantes de la Carrera A Pasos de Campeones.<\/p>\n\n\n\n<figure class=\"wp-block-image size-large\"><img loading=\"lazy\" decoding=\"async\" width=\"1024\" height=\"683\" src=\"https:\/\/conadi.gob.gt\/web\/wp-content\/uploads\/2022\/12\/317889379_523964236444090_2853948603235898849_n-1024x683.jpg\" alt=\"\" class=\"wp-image-12300\" srcset=\"https:\/\/conadi.gob.gt\/web\/wp-content\/uploads\/2022\/12\/317889379_523964236444090_2853948603235898849_n-1024x683.jpg 1024w, https:\/\/conadi.gob.gt\/web\/wp-content\/uploads\/2022\/12\/317889379_523964236444090_2853948603235898849_n-300x200.jpg 300w, https:\/\/conadi.gob.gt\/web\/wp-content\/uploads\/2022\/12\/317889379_523964236444090_2853948603235898849_n-768x512.jpg 768w, https:\/\/conadi.gob.gt\/web\/wp-content\/uploads\/2022\/12\/317889379_523964236444090_2853948603235898849_n-1536x1024.jpg 1536w, https:\/\/conadi.gob.gt\/web\/wp-content\/uploads\/2022\/12\/317889379_523964236444090_2853948603235898849_n-2000x1333.jpg 2000w, https:\/\/conadi.gob.gt\/web\/wp-content\/uploads\/2022\/12\/317889379_523964236444090_2853948603235898849_n.jpg 2048w\" sizes=\"auto, (max-width: 1024px) 100vw, 1024px\" \/><\/figure>\n\n\n\n<p>La carrera fue organizada por el CONADI y cont\u00f3 con el apoyo de la Confederaci\u00f3n Deportiva Aut\u00f3noma de Guatemala y el Comit\u00e9 Paral\u00edmpico Guatemalteco.<\/p>\n","protected":false},"excerpt":{"rendered":"<p>La tradicional carrera, \u00abA Paso de Campeones\u00bb, que se lleva a cabo con motivo del D\u00eda Internacional de las Personas con Discapacidad, se realiz\u00f3 el 1 de diciembre en el Estadio Doroteo Guamuch Flores, zona 5 capitalina. Donde participaron personas con discapacidad f\u00edsica, auditiva, visual e intelectual de diferentes organizaciones. La actividad inici\u00f3 con un &hellip; <\/p>\n<p class=\"link-more\"><a href=\"https:\/\/conadi.gob.gt\/web\/conadi-lleva-a-cabo-la-carrera-a-paso-de-campeones\/\" class=\"more-link\">Leer m\u00e1s<span class=\"screen-reader-text\"> \u00abCONADI LLEVA A CABO LA CARRERA A PASO DE CAMPEONES\u00bb<\/span><\/a><\/p>\n","protected":false},"author":12,"featured_media":12298,"comment_status":"closed","ping_status":"closed","sticky":false,"template":"","format":"standard","meta":{"footnotes":""},"categories":[3,1],"tags":[],"class_list":["post-12295","post","type-post","status-publish","format-standard","has-post-thumbnail","hentry","category-noticias","category-sin-categoria"],"_links":{"self":[{"href":"https:\/\/conadi.gob.gt\/web\/wp-json\/wp\/v2\/posts\/12295","targetHints":{"allow":["GET"]}}],"collection":[{"href":"https:\/\/conadi.gob.gt\/web\/wp-json\/wp\/v2\/posts"}],"about":[{"href":"https:\/\/conadi.gob.gt\/web\/wp-json\/wp\/v2\/types\/post"}],"author":[{"embeddable":true,"href":"https:\/\/conadi.gob.gt\/web\/wp-json\/wp\/v2\/users\/12"}],"replies":[{"embeddable":true,"href":"https:\/\/conadi.gob.gt\/web\/wp-json\/wp\/v2\/comments?post=12295"}],"version-history":[{"count":2,"href":"https:\/\/conadi.gob.gt\/web\/wp-json\/wp\/v2\/posts\/12295\/revisions"}],"predecessor-version":[{"id":12302,"href":"https:\/\/conadi.gob.gt\/web\/wp-json\/wp\/v2\/posts\/12295\/revisions\/12302"}],"wp:featuredmedia":[{"embeddable":true,"href":"https:\/\/conadi.gob.gt\/web\/wp-json\/wp\/v2\/media\/12298"}],"wp:attachment":[{"href":"https:\/\/conadi.gob.gt\/web\/wp-json\/wp\/v2\/media?parent=12295"}],"wp:term":[{"taxonomy":"category","embeddable":true,"href":"https:\/\/conadi.gob.gt\/web\/wp-json\/wp\/v2\/categories?post=12295"},{"taxonomy":"post_tag","embeddable":true,"href":"https:\/\/conadi.gob.gt\/web\/wp-json\/wp\/v2\/tags?post=12295"}],"curies":[{"name":"wp","href":"https:\/\/api.w.org\/{rel}","templated":true}]}}