{"id":12345,"date":"2022-12-15T13:27:20","date_gmt":"2022-12-15T13:27:20","guid":{"rendered":"https:\/\/conadi.gob.gt\/web\/?p=12345"},"modified":"2022-12-15T16:48:48","modified_gmt":"2022-12-15T16:48:48","slug":"3-de-diciembre-dia-internacional-de-las-personas-con-discapacidad-2","status":"publish","type":"post","link":"https:\/\/conadi.gob.gt\/web\/3-de-diciembre-dia-internacional-de-las-personas-con-discapacidad-2\/","title":{"rendered":"3 de diciembre, D\u00eda Internacional de las Personas con Discapacidad"},"content":{"rendered":"\n<p>Cada 3 de diciembre se conmemora el D\u00eda Internacional de las Personas con Discapacidad, el Consejo Nacional para la Atenci\u00f3n de las Personas con Discapacidad (CONADI), como el ente coordinador, asesor e impulsor que incide en la aplicaci\u00f3n de pol\u00edticas generales y de Estado, para asegurar el cumplimiento de derechos humanos y libertades fundamentales de las personas con discapacidad en Guatemala, realiz\u00f3 distintas actividades para resaltar tan importante fecha.<\/p>\n\n\n\n<p>La campa\u00f1a de divulgaci\u00f3n en medios de comunicaci\u00f3n, marc\u00f3 el inicio a las acciones conmemorativas, para la cual se elaboraron banners digitales, spots para radio y televisi\u00f3n, con el lema CONADI, 25 a\u00f1os de promover nuestros Derechos \u00a1Ya es tiempo de vivirlos plenamente!, mismos que se compartieron en las redes sociales de la instituci\u00f3n.<\/p>\n\n\n\n<figure class=\"wp-block-image size-large\"><img loading=\"lazy\" decoding=\"async\" width=\"1024\" height=\"344\" src=\"https:\/\/conadi.gob.gt\/web\/wp-content\/uploads\/2022\/12\/Banner-Portada-3-Web-25-anos-3-diciembre-1024x344.jpg\" alt=\"\" class=\"wp-image-12356\" srcset=\"https:\/\/conadi.gob.gt\/web\/wp-content\/uploads\/2022\/12\/Banner-Portada-3-Web-25-anos-3-diciembre-1024x344.jpg 1024w, https:\/\/conadi.gob.gt\/web\/wp-content\/uploads\/2022\/12\/Banner-Portada-3-Web-25-anos-3-diciembre-300x101.jpg 300w, https:\/\/conadi.gob.gt\/web\/wp-content\/uploads\/2022\/12\/Banner-Portada-3-Web-25-anos-3-diciembre-768x258.jpg 768w, https:\/\/conadi.gob.gt\/web\/wp-content\/uploads\/2022\/12\/Banner-Portada-3-Web-25-anos-3-diciembre-950x320.jpg 950w, https:\/\/conadi.gob.gt\/web\/wp-content\/uploads\/2022\/12\/Banner-Portada-3-Web-25-anos-3-diciembre.jpg 1280w\" sizes=\"auto, (max-width: 1024px) 100vw, 1024px\" \/><\/figure>\n\n\n\n<p>Asimismo, fue lanzado el Sello Conmemorativo de los 25 a\u00f1os de vida institucional del CONADI. &nbsp;La emisi\u00f3n consta de 1500 sellos y sobre de primer d\u00eda de circulaci\u00f3n, que contienen dise\u00f1o con el s\u00edmbolo de la discapacidad, iconos de deficiencias y el logotipo del CONADI. Asimismo, el nombre de la instituci\u00f3n en sistema braille. El acto protocolario cont\u00f3 con la participaci\u00f3n de Clarivel Castillo, presidente del CONADI; Ada Julieta Guinea Chavarr\u00eda, Directora General de Correos y Tel\u00e9grafos y Dania Moscoso, Directora General del CONADI. Asimismo, asistieron miembros del Consejo Filat\u00e9lico y del Consejo de Delegados del CONADI.<\/p>\n\n\n\n<figure class=\"wp-block-image size-full\"><img loading=\"lazy\" decoding=\"async\" width=\"730\" height=\"485\" src=\"https:\/\/conadi.gob.gt\/web\/wp-content\/uploads\/2022\/12\/Anotacion-2022-12-01-071059.png\" alt=\"\" class=\"wp-image-12349\" srcset=\"https:\/\/conadi.gob.gt\/web\/wp-content\/uploads\/2022\/12\/Anotacion-2022-12-01-071059.png 730w, https:\/\/conadi.gob.gt\/web\/wp-content\/uploads\/2022\/12\/Anotacion-2022-12-01-071059-300x199.png 300w\" sizes=\"auto, (max-width: 730px) 100vw, 730px\" \/><\/figure>\n\n\n\n<p>La tradicional carrera, \u00abA Paso de Campeones\u00bb, que se lleva a cabo el 1 de diciembre en el Estadio Doroteo Guamuch Flores, zona 5 capitalina. Donde participaron personas con discapacidad f\u00edsica, auditiva, visual e intelectual de diferentes organizaciones.<\/p>\n\n\n\n<p>La actividad inici\u00f3 con un mensaje de la licenciada Clarivel Castillo, qui\u00e9n enfatiz\u00f3 que esta actividad busca promover la igualdad de derechos y visibilizar las habilidades, destrezas y capacidades de la poblaci\u00f3n con discapacidad. Asimismo, destac\u00f3 la participaci\u00f3n del medallista ol\u00edmpico Erick Barrondo, quien comparti\u00f3 con los asistentes y se refiri\u00f3 a la importancia del derecho al deporte y los beneficios de la actividad f\u00edsica en la rehabilitaci\u00f3n y prevenci\u00f3n de alguna deficiencia. Al finalizar la carrera se hizo entrega de medallas conmemorativa reconociendo a los participantes. La carrera fue organizada por el CONADI y cont\u00f3 con el apoyo de la Confederaci\u00f3n Deportiva Aut\u00f3noma de Guatemala y el Comit\u00e9 Paral\u00edmpico Guatemalteco.<\/p>\n\n\n\n<figure class=\"wp-block-image size-large\"><img loading=\"lazy\" decoding=\"async\" width=\"1024\" height=\"683\" src=\"https:\/\/conadi.gob.gt\/web\/wp-content\/uploads\/2022\/12\/IMG_1805-1024x683.jpg\" alt=\"\" class=\"wp-image-12351\" srcset=\"https:\/\/conadi.gob.gt\/web\/wp-content\/uploads\/2022\/12\/IMG_1805-1024x683.jpg 1024w, https:\/\/conadi.gob.gt\/web\/wp-content\/uploads\/2022\/12\/IMG_1805-300x200.jpg 300w, https:\/\/conadi.gob.gt\/web\/wp-content\/uploads\/2022\/12\/IMG_1805-768x512.jpg 768w, https:\/\/conadi.gob.gt\/web\/wp-content\/uploads\/2022\/12\/IMG_1805-1536x1024.jpg 1536w, https:\/\/conadi.gob.gt\/web\/wp-content\/uploads\/2022\/12\/IMG_1805-2048x1365.jpg 2048w, https:\/\/conadi.gob.gt\/web\/wp-content\/uploads\/2022\/12\/IMG_1805-2000x1333.jpg 2000w\" sizes=\"auto, (max-width: 1024px) 100vw, 1024px\" \/><\/figure>\n\n\n\n<p>En los distintos departamentos del pa\u00eds, los promotores del CONADI tambi\u00e9n desarrollaron actividades en el marco del 3 de diciembre, dentro de las cuales destacaron: la colocaci\u00f3n de la primera piedra del \u00abPrimer Parque Inclusivo de Antigua Guatemala\u00bb, que se llev\u00f3 a cabo el 3 de diciembre en la ciudad colonial, Antigua Guatemala, con motivo del D\u00eda Internacional de las Personas con Discapacidad. Actividad donde particip\u00f3 la licenciada Clarivel Castillo, presidenta del CONADI. Se cont\u00f3 con la participaci\u00f3n de Victor Hugo Del Pozo, alcalde municipal de Antigua Guatemala, acompa\u00f1ado de&nbsp; su esposa Maziel de Del Pozo.<\/p>\n\n\n\n<figure class=\"wp-block-image size-large\"><img loading=\"lazy\" decoding=\"async\" width=\"1024\" height=\"683\" src=\"https:\/\/conadi.gob.gt\/web\/wp-content\/uploads\/2022\/12\/IMG_2366-1024x683.jpg\" alt=\"\" class=\"wp-image-12350\" srcset=\"https:\/\/conadi.gob.gt\/web\/wp-content\/uploads\/2022\/12\/IMG_2366-1024x683.jpg 1024w, https:\/\/conadi.gob.gt\/web\/wp-content\/uploads\/2022\/12\/IMG_2366-300x200.jpg 300w, https:\/\/conadi.gob.gt\/web\/wp-content\/uploads\/2022\/12\/IMG_2366-768x512.jpg 768w, https:\/\/conadi.gob.gt\/web\/wp-content\/uploads\/2022\/12\/IMG_2366-1536x1024.jpg 1536w, https:\/\/conadi.gob.gt\/web\/wp-content\/uploads\/2022\/12\/IMG_2366-2048x1365.jpg 2048w, https:\/\/conadi.gob.gt\/web\/wp-content\/uploads\/2022\/12\/IMG_2366-2000x1333.jpg 2000w\" sizes=\"auto, (max-width: 1024px) 100vw, 1024px\" \/><\/figure>\n\n\n\n<p>En Jutiapa, las actividades iniciaron con \u00abLa Rodada\u00bb recorrido con usuarios de sillas de ruedas por 12.5 kil\u00f3metros en la ruta interamericana, en donde se sum\u00f3 personal de Bomberos Voluntarios, Polic\u00eda Nacional Civil y Polic\u00eda Municipal de Tr\u00e1nsito para el resguardo de los participantes. Posteriormente, en la entrada a la cabecera departamental se uni\u00f3 la Banda R\u00edtmica de Liceo Bethel y comitivas de otros municipios para dirigirse al Parque Central en donde se llev\u00f3 a cabo un Acto Protocolario y entrega de reconocimientos. Actividades realizadas bajo el lema \u00abVamos todos por la Inclusi\u00f3n\u00bb.<\/p>\n\n\n\n<figure class=\"wp-block-image size-large\"><img loading=\"lazy\" decoding=\"async\" width=\"1024\" height=\"683\" src=\"https:\/\/conadi.gob.gt\/web\/wp-content\/uploads\/2022\/12\/317967305_526362512870929_5052114356489025515_n-1024x683.jpg\" alt=\"\" class=\"wp-image-12352\" srcset=\"https:\/\/conadi.gob.gt\/web\/wp-content\/uploads\/2022\/12\/317967305_526362512870929_5052114356489025515_n-1024x683.jpg 1024w, https:\/\/conadi.gob.gt\/web\/wp-content\/uploads\/2022\/12\/317967305_526362512870929_5052114356489025515_n-300x200.jpg 300w, https:\/\/conadi.gob.gt\/web\/wp-content\/uploads\/2022\/12\/317967305_526362512870929_5052114356489025515_n-768x512.jpg 768w, https:\/\/conadi.gob.gt\/web\/wp-content\/uploads\/2022\/12\/317967305_526362512870929_5052114356489025515_n.jpg 1079w\" sizes=\"auto, (max-width: 1024px) 100vw, 1024px\" \/><\/figure>\n\n\n\n<p>La Avenida Sime\u00f3n Ca\u00f1as, zona 2 capitalina, fue escenario de la Caminata con motivo del D\u00eda Internacional de las Personas con Discapacidad, donde participaron alrededor de 100 representantes de las Oficinas Municipales de Discapacidad de Mixco, San Juan Sacatap\u00e9quez, Palencia y ciudad capital. Al llegar al Parque Municipal se desarrollaron actividades l\u00fadicas y se entreg\u00f3 reconocimiento a las instituciones que brindaron apoyo y a las personas con discapacidad participantes.<\/p>\n\n\n\n<figure class=\"wp-block-image size-large\"><img loading=\"lazy\" decoding=\"async\" width=\"1024\" height=\"682\" src=\"https:\/\/conadi.gob.gt\/web\/wp-content\/uploads\/2022\/12\/318328625_527044549469392_9151003980804770399_n-1024x682.jpg\" alt=\"\" class=\"wp-image-12353\" srcset=\"https:\/\/conadi.gob.gt\/web\/wp-content\/uploads\/2022\/12\/318328625_527044549469392_9151003980804770399_n-1024x682.jpg 1024w, https:\/\/conadi.gob.gt\/web\/wp-content\/uploads\/2022\/12\/318328625_527044549469392_9151003980804770399_n-300x200.jpg 300w, https:\/\/conadi.gob.gt\/web\/wp-content\/uploads\/2022\/12\/318328625_527044549469392_9151003980804770399_n-768x512.jpg 768w, https:\/\/conadi.gob.gt\/web\/wp-content\/uploads\/2022\/12\/318328625_527044549469392_9151003980804770399_n.jpg 1280w\" sizes=\"auto, (max-width: 1024px) 100vw, 1024px\" \/><\/figure>\n\n\n\n<p>Finalmente, se llev\u00f3 a cabo la entrega del reconocimiento a la trayectoria en pro de los Derechos de las Personas con Discapacidad, este fue entregado por Gloria Serrano y Karina Rodr\u00edguez, miembros de Junta Directiva del CONADI, a Joaquin Monterroso por su labor de incidencia y promoci\u00f3n para el cumplimiento de los derechos de referido sector. Durante su alocuci\u00f3n Monterroso exhort\u00f3 a las personas con discapacidad a empoderarse de sus derechos y a los diferentes sectores a trabajar de manera conjunta para alcanzar una verdadera inclusi\u00f3n.<\/p>\n\n\n\n<p>La actividad se realiz\u00f3 en la Concha Ac\u00fastica del Hospital de Rehabilitaci\u00f3n del Instituto Guatemalteco de Seguridad Social (IGSS) y es la conclusi\u00f3n a una serie de eventos realizados por el CONADI en el marco de D\u00eda Internacional de las Personas con Discapacidad.<\/p>\n\n\n\n<figure class=\"wp-block-image size-large\"><img loading=\"lazy\" decoding=\"async\" width=\"1024\" height=\"683\" src=\"https:\/\/conadi.gob.gt\/web\/wp-content\/uploads\/2022\/12\/319709557_532714652235715_4723538199270759847_n-1024x683.jpg\" alt=\"\" class=\"wp-image-12354\" srcset=\"https:\/\/conadi.gob.gt\/web\/wp-content\/uploads\/2022\/12\/319709557_532714652235715_4723538199270759847_n-1024x683.jpg 1024w, https:\/\/conadi.gob.gt\/web\/wp-content\/uploads\/2022\/12\/319709557_532714652235715_4723538199270759847_n-300x200.jpg 300w, https:\/\/conadi.gob.gt\/web\/wp-content\/uploads\/2022\/12\/319709557_532714652235715_4723538199270759847_n-768x512.jpg 768w, https:\/\/conadi.gob.gt\/web\/wp-content\/uploads\/2022\/12\/319709557_532714652235715_4723538199270759847_n-1536x1024.jpg 1536w, https:\/\/conadi.gob.gt\/web\/wp-content\/uploads\/2022\/12\/319709557_532714652235715_4723538199270759847_n-2000x1333.jpg 2000w, https:\/\/conadi.gob.gt\/web\/wp-content\/uploads\/2022\/12\/319709557_532714652235715_4723538199270759847_n.jpg 2048w\" sizes=\"auto, (max-width: 1024px) 100vw, 1024px\" \/><\/figure>\n\n\n\n<p>A\u00f1o con a\u00f1o, son m\u00e1s las organizaciones e instituciones se unen a la divulgaci\u00f3n de tan importante fecha conmemorativa.<\/p>\n","protected":false},"excerpt":{"rendered":"<p>Cada 3 de diciembre se conmemora el D\u00eda Internacional de las Personas con Discapacidad, el Consejo Nacional para la Atenci\u00f3n de las Personas con Discapacidad (CONADI), como el ente coordinador, asesor e impulsor que incide en la aplicaci\u00f3n de pol\u00edticas generales y de Estado, para asegurar el cumplimiento de derechos humanos y libertades fundamentales de &hellip; <\/p>\n<p class=\"link-more\"><a href=\"https:\/\/conadi.gob.gt\/web\/3-de-diciembre-dia-internacional-de-las-personas-con-discapacidad-2\/\" class=\"more-link\">Leer m\u00e1s<span class=\"screen-reader-text\"> \u00ab3 de diciembre, D\u00eda Internacional de las Personas con Discapacidad\u00bb<\/span><\/a><\/p>\n","protected":false},"author":12,"featured_media":12356,"comment_status":"closed","ping_status":"closed","sticky":false,"template":"","format":"standard","meta":{"footnotes":""},"categories":[3],"tags":[],"class_list":["post-12345","post","type-post","status-publish","format-standard","has-post-thumbnail","hentry","category-noticias"],"_links":{"self":[{"href":"https:\/\/conadi.gob.gt\/web\/wp-json\/wp\/v2\/posts\/12345","targetHints":{"allow":["GET"]}}],"collection":[{"href":"https:\/\/conadi.gob.gt\/web\/wp-json\/wp\/v2\/posts"}],"about":[{"href":"https:\/\/conadi.gob.gt\/web\/wp-json\/wp\/v2\/types\/post"}],"author":[{"embeddable":true,"href":"https:\/\/conadi.gob.gt\/web\/wp-json\/wp\/v2\/users\/12"}],"replies":[{"embeddable":true,"href":"https:\/\/conadi.gob.gt\/web\/wp-json\/wp\/v2\/comments?post=12345"}],"version-history":[{"count":6,"href":"https:\/\/conadi.gob.gt\/web\/wp-json\/wp\/v2\/posts\/12345\/revisions"}],"predecessor-version":[{"id":12363,"href":"https:\/\/conadi.gob.gt\/web\/wp-json\/wp\/v2\/posts\/12345\/revisions\/12363"}],"wp:featuredmedia":[{"embeddable":true,"href":"https:\/\/conadi.gob.gt\/web\/wp-json\/wp\/v2\/media\/12356"}],"wp:attachment":[{"href":"https:\/\/conadi.gob.gt\/web\/wp-json\/wp\/v2\/media?parent=12345"}],"wp:term":[{"taxonomy":"category","embeddable":true,"href":"https:\/\/conadi.gob.gt\/web\/wp-json\/wp\/v2\/categories?post=12345"},{"taxonomy":"post_tag","embeddable":true,"href":"https:\/\/conadi.gob.gt\/web\/wp-json\/wp\/v2\/tags?post=12345"}],"curies":[{"name":"wp","href":"https:\/\/api.w.org\/{rel}","templated":true}]}}