{"id":12386,"date":"2023-01-03T21:16:35","date_gmt":"2023-01-03T21:16:35","guid":{"rendered":"https:\/\/conadi.gob.gt\/web\/?p=12386"},"modified":"2023-01-03T22:19:13","modified_gmt":"2023-01-03T22:19:13","slug":"toma-posesion-junta-directiva-2023-2025","status":"publish","type":"post","link":"https:\/\/conadi.gob.gt\/web\/toma-posesion-junta-directiva-2023-2025\/","title":{"rendered":"TOMA POSESI\u00d3N JUNTA DIRECTIVA 2023-2025"},"content":{"rendered":"\n<figure class=\"wp-block-image size-large\"><img loading=\"lazy\" decoding=\"async\" width=\"1024\" height=\"683\" src=\"https:\/\/conadi.gob.gt\/web\/wp-content\/uploads\/2023\/01\/323585027_581000783862198_6232502317071091671_n-1024x683.jpg\" alt=\"\" class=\"wp-image-12391\" srcset=\"https:\/\/conadi.gob.gt\/web\/wp-content\/uploads\/2023\/01\/323585027_581000783862198_6232502317071091671_n-1024x683.jpg 1024w, https:\/\/conadi.gob.gt\/web\/wp-content\/uploads\/2023\/01\/323585027_581000783862198_6232502317071091671_n-300x200.jpg 300w, https:\/\/conadi.gob.gt\/web\/wp-content\/uploads\/2023\/01\/323585027_581000783862198_6232502317071091671_n-768x512.jpg 768w, https:\/\/conadi.gob.gt\/web\/wp-content\/uploads\/2023\/01\/323585027_581000783862198_6232502317071091671_n-1536x1024.jpg 1536w, https:\/\/conadi.gob.gt\/web\/wp-content\/uploads\/2023\/01\/323585027_581000783862198_6232502317071091671_n-2000x1333.jpg 2000w, https:\/\/conadi.gob.gt\/web\/wp-content\/uploads\/2023\/01\/323585027_581000783862198_6232502317071091671_n.jpg 2048w\" sizes=\"auto, (max-width: 1024px) 100vw, 1024px\" \/><\/figure>\n\n\n\n<p><\/p>\n\n\n\n<p>El Consejo de Delegados y la Junta Directiva del Consejo Nacional para la Atenci\u00f3n de las Personas con Discapacidad (CONADI) periodo 2023-2025, fue juramentado y tom\u00f3 posesi\u00f3n el 3 de enero del 2023.<\/p>\n\n\n\n<p>El Conadi ser\u00e1 presidido por la licenciada Clarivel Castillo, del subsector Organismos e Instituciones que promueven acciones a favor de las Personas con Discapacidad; licenciada Gloria Serrano, delegada del Ministerio de Salud P\u00fablica y Asistencia Social &nbsp;desempe\u00f1ar\u00e1 el cargo de vicepresidenta. En tanto, la licenciada Gabriela Chang, delegada del Ministerio de Trabajo y Previsi\u00f3n Social fungir\u00e1 como secretaria. El se\u00f1or Edgar Leonel Tzun del subsector de Organizaciones de Personas con Discapacidad Auditiva ser\u00e1 el tesorero y la se\u00f1ora Ver\u00f3nica Molina del subsector de Organizaciones de Personas con Discapacidad F\u00edsica de como vocal. Esta es la d\u00e9cimo tercera junta que toma posesi\u00f3n en los 25 a\u00f1os de historia del CONADI.<\/p>\n\n\n\n<p>En el Consejo de Delegados estar\u00e1n como titulares por sociedad civil: Sebastian Acet\u00fan L\u00f3pez, Organizaciones de Personas con Discapacidad por Causa del Conflicto Armado; Adolfo Joaqu\u00edn Monterroso L\u00f3pez, Organismos e instituciones que prestan atenci\u00f3n directa a las personas con Discapacidad; Maira Virginia Rivas Carias, Organizaciones de Personas con discapacidad Visual.<\/p>\n\n\n\n<p>En tanto, por instituciones p\u00fablicas Cyntia Mar\u00eda Gonz\u00e1lez Lone, Secretar\u00eda de Bienestar Social de la Presidencia y Nancy Patricia Xicar\u00e1 Esquivel de Ram\u00edrez, Ministerio de Educaci\u00f3n.<\/p>\n\n\n\n<p>El acto solemne se llev\u00f3 a cabo en un hotel capitalino, ante la asistencia de la Ministra de Educaci\u00f3n, Claudia Ru\u00edz de Estrada; Viceministra de Salud P\u00fablica y Asistencia Social, Lesly Samayoa y Subsecretario de Protecci\u00f3n y Acogimiento de la Ni\u00f1ez y Adolescencia\u00a0 de la Secretar\u00eda Bienestar Social de la Presidencia, Carlos G\u00f3mez; el diputado Herbert Figueroa de la Comisi\u00f3n de Salud del Congreso de la Rep\u00fablica de Guatemala; as\u00ed como representantes de las organizaciones de personas con discapacidad de la sociedad civil.<\/p>\n\n\n\n<p><\/p>\n\n\n\n<figure class=\"wp-block-image size-large\"><img loading=\"lazy\" decoding=\"async\" width=\"1024\" height=\"683\" src=\"https:\/\/conadi.gob.gt\/web\/wp-content\/uploads\/2023\/01\/323769306_891373508549175_8196998054352690433_n-2-1024x683.jpg\" alt=\"\" class=\"wp-image-12389\" srcset=\"https:\/\/conadi.gob.gt\/web\/wp-content\/uploads\/2023\/01\/323769306_891373508549175_8196998054352690433_n-2-1024x683.jpg 1024w, https:\/\/conadi.gob.gt\/web\/wp-content\/uploads\/2023\/01\/323769306_891373508549175_8196998054352690433_n-2-300x200.jpg 300w, https:\/\/conadi.gob.gt\/web\/wp-content\/uploads\/2023\/01\/323769306_891373508549175_8196998054352690433_n-2-768x512.jpg 768w, https:\/\/conadi.gob.gt\/web\/wp-content\/uploads\/2023\/01\/323769306_891373508549175_8196998054352690433_n-2-1536x1024.jpg 1536w, https:\/\/conadi.gob.gt\/web\/wp-content\/uploads\/2023\/01\/323769306_891373508549175_8196998054352690433_n-2-2000x1333.jpg 2000w, https:\/\/conadi.gob.gt\/web\/wp-content\/uploads\/2023\/01\/323769306_891373508549175_8196998054352690433_n-2.jpg 2048w\" sizes=\"auto, (max-width: 1024px) 100vw, 1024px\" \/><\/figure>\n\n\n\n<p>ACTO DE JURAMENTACI\u00d3N<\/p>\n\n\n\n<p>La doctora Karina Rodr\u00edguez, Vocal periodo 2021 \u2013 2023, realiz\u00f3 la juramentaci\u00f3n y toma de posesi\u00f3n de las autoridades que integran la Junta Directiva para el periodo 2023-2025. Para el CONADI, es la d\u00e9cimo tercera junta que toma posesi\u00f3n en los 25 a\u00f1os de historia del Consejo.<\/p>\n\n\n\n<p>Dentro del discurso de las nuevas autoridades, se hizo \u00e9nfasis en la promoci\u00f3n de la participaci\u00f3n en la vida pol\u00edtica y p\u00fablica de las personas con discapacidad, tomando en cuenta el proceso electoral. Asimismo, dar seguimiento a la segunda evaluaci\u00f3n de pa\u00eds respecto al cumplimiento de la convenci\u00f3n sobre los derechos de las personas con discapacidad y la respuesta a las observaciones y recomendaciones emitidas por el Comit\u00e9 de Expertos de Naciones Unidas al Estado guatemalteco.<\/p>\n\n\n\n<p>Tambi\u00e9n se hizo referencia al fortalecimiento de las organizaciones de personas con discapacidad y continuar los procesos legislativos y la incidencia para la implementaci\u00f3n de planes &nbsp;y proyectos en beneficio de la poblaci\u00f3n con discapacidad, de acuerdo a las orientaciones de la Convenci\u00f3n Sobre los Derechos de las Personas con Discapacidad.<\/p>\n\n\n\n<figure class=\"wp-block-image size-full is-resized\"><img loading=\"lazy\" decoding=\"async\" src=\"https:\/\/conadi.gob.gt\/web\/wp-content\/uploads\/2023\/01\/collage.jpg\" alt=\"\" class=\"wp-image-12390\" width=\"400\" height=\"400\" srcset=\"https:\/\/conadi.gob.gt\/web\/wp-content\/uploads\/2023\/01\/collage.jpg 400w, https:\/\/conadi.gob.gt\/web\/wp-content\/uploads\/2023\/01\/collage-300x300.jpg 300w, https:\/\/conadi.gob.gt\/web\/wp-content\/uploads\/2023\/01\/collage-150x150.jpg 150w\" sizes=\"auto, (max-width: 400px) 100vw, 400px\" \/><\/figure>\n","protected":false},"excerpt":{"rendered":"<p>El Consejo de Delegados y la Junta Directiva del Consejo Nacional para la Atenci\u00f3n de las Personas con Discapacidad (CONADI) periodo 2023-2025, fue juramentado y tom\u00f3 posesi\u00f3n el 3 de enero del 2023. El Conadi ser\u00e1 presidido por la licenciada Clarivel Castillo, del subsector Organismos e Instituciones que promueven acciones a favor de las Personas &hellip; <\/p>\n<p class=\"link-more\"><a href=\"https:\/\/conadi.gob.gt\/web\/toma-posesion-junta-directiva-2023-2025\/\" class=\"more-link\">Leer m\u00e1s<span class=\"screen-reader-text\"> \u00abTOMA POSESI\u00d3N JUNTA DIRECTIVA 2023-2025\u00bb<\/span><\/a><\/p>\n","protected":false},"author":12,"featured_media":12391,"comment_status":"closed","ping_status":"closed","sticky":false,"template":"","format":"standard","meta":{"footnotes":""},"categories":[3],"tags":[],"class_list":["post-12386","post","type-post","status-publish","format-standard","has-post-thumbnail","hentry","category-noticias"],"_links":{"self":[{"href":"https:\/\/conadi.gob.gt\/web\/wp-json\/wp\/v2\/posts\/12386","targetHints":{"allow":["GET"]}}],"collection":[{"href":"https:\/\/conadi.gob.gt\/web\/wp-json\/wp\/v2\/posts"}],"about":[{"href":"https:\/\/conadi.gob.gt\/web\/wp-json\/wp\/v2\/types\/post"}],"author":[{"embeddable":true,"href":"https:\/\/conadi.gob.gt\/web\/wp-json\/wp\/v2\/users\/12"}],"replies":[{"embeddable":true,"href":"https:\/\/conadi.gob.gt\/web\/wp-json\/wp\/v2\/comments?post=12386"}],"version-history":[{"count":3,"href":"https:\/\/conadi.gob.gt\/web\/wp-json\/wp\/v2\/posts\/12386\/revisions"}],"predecessor-version":[{"id":12397,"href":"https:\/\/conadi.gob.gt\/web\/wp-json\/wp\/v2\/posts\/12386\/revisions\/12397"}],"wp:featuredmedia":[{"embeddable":true,"href":"https:\/\/conadi.gob.gt\/web\/wp-json\/wp\/v2\/media\/12391"}],"wp:attachment":[{"href":"https:\/\/conadi.gob.gt\/web\/wp-json\/wp\/v2\/media?parent=12386"}],"wp:term":[{"taxonomy":"category","embeddable":true,"href":"https:\/\/conadi.gob.gt\/web\/wp-json\/wp\/v2\/categories?post=12386"},{"taxonomy":"post_tag","embeddable":true,"href":"https:\/\/conadi.gob.gt\/web\/wp-json\/wp\/v2\/tags?post=12386"}],"curies":[{"name":"wp","href":"https:\/\/api.w.org\/{rel}","templated":true}]}}