{"id":12495,"date":"2023-01-17T22:18:21","date_gmt":"2023-01-17T22:18:21","guid":{"rendered":"https:\/\/conadi.gob.gt\/web\/?p=12495"},"modified":"2023-01-18T19:15:51","modified_gmt":"2023-01-18T19:15:51","slug":"conadi-y-tse-hacen-llamado-a-las-personas-con-discapacidad-a-empadronarse-o-actualizar-sus-datos-en-el-padron-electoral","status":"publish","type":"post","link":"https:\/\/conadi.gob.gt\/web\/conadi-y-tse-hacen-llamado-a-las-personas-con-discapacidad-a-empadronarse-o-actualizar-sus-datos-en-el-padron-electoral\/","title":{"rendered":"CONADI Y TSE HACEN LLAMADO A LAS PERSONAS CON DISCAPACIDAD A EMPADRONARSE O ACTUALIZAR SUS DATOS EN EL PADR\u00d3N ELECTORAL"},"content":{"rendered":"\n<p>Autoridades del Consejo Nacional para la Atenci\u00f3n de las Personas con Discapacidad (CONADI) y el Tribunal Supremo Electoral (TSE), hicieron el llamado a la poblaci\u00f3n con discapacidad para empadronarse, actualizar sus datos en el padr\u00f3n electoral y registro de condici\u00f3n de discapacidad, derivado que el 2023 es un a\u00f1o electoral.<\/p>\n\n\n\n<figure class=\"wp-block-image size-large\"><img loading=\"lazy\" decoding=\"async\" width=\"1024\" height=\"682\" src=\"https:\/\/conadi.gob.gt\/web\/wp-content\/uploads\/2023\/01\/WhatsApp-Image-2023-01-17-at-12.51.41-1024x682.jpeg\" alt=\"\" class=\"wp-image-12503\" srcset=\"https:\/\/conadi.gob.gt\/web\/wp-content\/uploads\/2023\/01\/WhatsApp-Image-2023-01-17-at-12.51.41-1024x682.jpeg 1024w, https:\/\/conadi.gob.gt\/web\/wp-content\/uploads\/2023\/01\/WhatsApp-Image-2023-01-17-at-12.51.41-300x200.jpeg 300w, https:\/\/conadi.gob.gt\/web\/wp-content\/uploads\/2023\/01\/WhatsApp-Image-2023-01-17-at-12.51.41-768x512.jpeg 768w, https:\/\/conadi.gob.gt\/web\/wp-content\/uploads\/2023\/01\/WhatsApp-Image-2023-01-17-at-12.51.41.jpeg 1280w\" sizes=\"auto, (max-width: 1024px) 100vw, 1024px\" \/><\/figure>\n\n\n\n<p>Clarivel Castillo, presidenta del CONADI, argument\u00f3 que esta acci\u00f3n tiene el objetivo de promover la participaci\u00f3n de las personas con discapacidad en la vida pol\u00edtica y p\u00fablica y puedan emitir su voto en los comicios del 2023. En tanto, Irma Palencia, magistrada presidenta del Tribunal Supremo Electoral, indic\u00f3 que se trabaja en un plan con cooperantes para implementar medidas de accesibilidad en los diferentes centros de votaci\u00f3n.<\/p>\n\n\n\n<figure class=\"wp-block-image size-large\"><img loading=\"lazy\" decoding=\"async\" width=\"1024\" height=\"682\" src=\"https:\/\/conadi.gob.gt\/web\/wp-content\/uploads\/2023\/01\/WhatsApp-Image-2023-01-17-at-12.51.40-1024x682.jpeg\" alt=\"\" class=\"wp-image-12504\" srcset=\"https:\/\/conadi.gob.gt\/web\/wp-content\/uploads\/2023\/01\/WhatsApp-Image-2023-01-17-at-12.51.40-1024x682.jpeg 1024w, https:\/\/conadi.gob.gt\/web\/wp-content\/uploads\/2023\/01\/WhatsApp-Image-2023-01-17-at-12.51.40-300x200.jpeg 300w, https:\/\/conadi.gob.gt\/web\/wp-content\/uploads\/2023\/01\/WhatsApp-Image-2023-01-17-at-12.51.40-768x512.jpeg 768w, https:\/\/conadi.gob.gt\/web\/wp-content\/uploads\/2023\/01\/WhatsApp-Image-2023-01-17-at-12.51.40.jpeg 1280w\" sizes=\"auto, (max-width: 1024px) 100vw, 1024px\" \/><\/figure>\n\n\n\n<p>Asimismo, Gabriel Aguilera, magistrado del TSE, se\u00f1al\u00f3 que las jornadas de empadronamiento y actualizaci\u00f3n de datos podr\u00e1n realizarse hasta 25 de marzo de 2023, en las instalaciones del TSE en la zona 2, zona 12 y en l\u00ednea. La actualizaci\u00f3n de datos en el padr\u00f3n electoral tiene el prop\u00f3sito de generar datos estad\u00edsticos que permitir\u00e1n tener un panorama de cuantas personas con discapacidad se encuentran activas para emitir su sufragio y con esa informaci\u00f3n determinar el apoyo a brindar a referido sector en el proceso electoral.<\/p>\n","protected":false},"excerpt":{"rendered":"<p>Autoridades del Consejo Nacional para la Atenci\u00f3n de las Personas con Discapacidad (CONADI) y el Tribunal Supremo Electoral (TSE), hicieron el llamado a la poblaci\u00f3n con discapacidad para empadronarse, actualizar sus datos en el padr\u00f3n electoral y registro de condici\u00f3n de discapacidad, derivado que el 2023 es un a\u00f1o electoral. Clarivel Castillo, presidenta del CONADI, &hellip; <\/p>\n<p class=\"link-more\"><a href=\"https:\/\/conadi.gob.gt\/web\/conadi-y-tse-hacen-llamado-a-las-personas-con-discapacidad-a-empadronarse-o-actualizar-sus-datos-en-el-padron-electoral\/\" class=\"more-link\">Leer m\u00e1s<span class=\"screen-reader-text\"> \u00abCONADI Y TSE HACEN LLAMADO A LAS PERSONAS CON DISCAPACIDAD A EMPADRONARSE O ACTUALIZAR SUS DATOS EN EL PADR\u00d3N ELECTORAL\u00bb<\/span><\/a><\/p>\n","protected":false},"author":12,"featured_media":12503,"comment_status":"closed","ping_status":"closed","sticky":false,"template":"","format":"standard","meta":{"footnotes":""},"categories":[3],"tags":[],"class_list":["post-12495","post","type-post","status-publish","format-standard","has-post-thumbnail","hentry","category-noticias"],"_links":{"self":[{"href":"https:\/\/conadi.gob.gt\/web\/wp-json\/wp\/v2\/posts\/12495","targetHints":{"allow":["GET"]}}],"collection":[{"href":"https:\/\/conadi.gob.gt\/web\/wp-json\/wp\/v2\/posts"}],"about":[{"href":"https:\/\/conadi.gob.gt\/web\/wp-json\/wp\/v2\/types\/post"}],"author":[{"embeddable":true,"href":"https:\/\/conadi.gob.gt\/web\/wp-json\/wp\/v2\/users\/12"}],"replies":[{"embeddable":true,"href":"https:\/\/conadi.gob.gt\/web\/wp-json\/wp\/v2\/comments?post=12495"}],"version-history":[{"count":2,"href":"https:\/\/conadi.gob.gt\/web\/wp-json\/wp\/v2\/posts\/12495\/revisions"}],"predecessor-version":[{"id":12506,"href":"https:\/\/conadi.gob.gt\/web\/wp-json\/wp\/v2\/posts\/12495\/revisions\/12506"}],"wp:featuredmedia":[{"embeddable":true,"href":"https:\/\/conadi.gob.gt\/web\/wp-json\/wp\/v2\/media\/12503"}],"wp:attachment":[{"href":"https:\/\/conadi.gob.gt\/web\/wp-json\/wp\/v2\/media?parent=12495"}],"wp:term":[{"taxonomy":"category","embeddable":true,"href":"https:\/\/conadi.gob.gt\/web\/wp-json\/wp\/v2\/categories?post=12495"},{"taxonomy":"post_tag","embeddable":true,"href":"https:\/\/conadi.gob.gt\/web\/wp-json\/wp\/v2\/tags?post=12495"}],"curies":[{"name":"wp","href":"https:\/\/api.w.org\/{rel}","templated":true}]}}