{"id":12615,"date":"2023-02-08T14:36:04","date_gmt":"2023-02-08T14:36:04","guid":{"rendered":"https:\/\/conadi.gob.gt\/web\/?p=12615"},"modified":"2023-02-08T16:47:09","modified_gmt":"2023-02-08T16:47:09","slug":"facilitaran-registro-de-personas-con-discapacidad","status":"publish","type":"post","link":"https:\/\/conadi.gob.gt\/web\/facilitaran-registro-de-personas-con-discapacidad\/","title":{"rendered":"FACILITAR\u00c1N REGISTRO DE PERSONAS CON DISCAPACIDAD"},"content":{"rendered":"\n<p>Un cat\u00e1logo sobre condici\u00f3n de discapacidad creado por el Tribunal Supremo Electoral con la asesor\u00eda del CONADI, se implementar\u00e1 en el mes de febrero, con el objetivo de facilitar el registro de personas con discapacidad en la fase de empadronamiento y actualizaci\u00f3n de condici\u00f3n de discapacidad. Acci\u00f3n con la cual se da seguimiento a la inclusi\u00f3n de las personas con discapacidad en el proceso electoral y se da cumplimiento a la participaci\u00f3n de las personas con discapacidad en la vida pol\u00edtica y p\u00fablica<\/p>\n\n\n\n<figure class=\"wp-block-image size-large\"><img loading=\"lazy\" decoding=\"async\" width=\"1024\" height=\"683\" src=\"https:\/\/conadi.gob.gt\/web\/wp-content\/uploads\/2023\/02\/IMG_8325-1024x683.jpg\" alt=\"\" class=\"wp-image-12626\" srcset=\"https:\/\/conadi.gob.gt\/web\/wp-content\/uploads\/2023\/02\/IMG_8325-1024x683.jpg 1024w, https:\/\/conadi.gob.gt\/web\/wp-content\/uploads\/2023\/02\/IMG_8325-300x200.jpg 300w, https:\/\/conadi.gob.gt\/web\/wp-content\/uploads\/2023\/02\/IMG_8325-768x512.jpg 768w, https:\/\/conadi.gob.gt\/web\/wp-content\/uploads\/2023\/02\/IMG_8325-1536x1024.jpg 1536w, https:\/\/conadi.gob.gt\/web\/wp-content\/uploads\/2023\/02\/IMG_8325-2048x1365.jpg 2048w, https:\/\/conadi.gob.gt\/web\/wp-content\/uploads\/2023\/02\/IMG_8325-2000x1333.jpg 2000w\" sizes=\"auto, (max-width: 1024px) 100vw, 1024px\" \/><\/figure>\n\n\n\n<p>Asimismo, en las reuniones se coordinaron acciones de toma de conciencia, la promoci\u00f3n de la inscripci\u00f3n en el Registro de Ciudadanos y Actualizaci\u00f3n de datos, capacitaciones dirigidas a personal del TSE sobre el uso adecuado de terminolog\u00eda para dirigirse a personas con referida condici\u00f3n, el derecho al voto de las personas con discapacidad, jornadas de empadronamiento y material en formato accesible que servir\u00e1 de apoyo en el proceso electoral.<\/p>\n\n\n\n<figure class=\"wp-block-image size-large\"><img loading=\"lazy\" decoding=\"async\" width=\"1024\" height=\"683\" src=\"https:\/\/conadi.gob.gt\/web\/wp-content\/uploads\/2023\/02\/IMG_8357-1024x683.jpg\" alt=\"\" class=\"wp-image-12624\" srcset=\"https:\/\/conadi.gob.gt\/web\/wp-content\/uploads\/2023\/02\/IMG_8357-1024x683.jpg 1024w, https:\/\/conadi.gob.gt\/web\/wp-content\/uploads\/2023\/02\/IMG_8357-300x200.jpg 300w, https:\/\/conadi.gob.gt\/web\/wp-content\/uploads\/2023\/02\/IMG_8357-768x512.jpg 768w, https:\/\/conadi.gob.gt\/web\/wp-content\/uploads\/2023\/02\/IMG_8357-1536x1024.jpg 1536w, https:\/\/conadi.gob.gt\/web\/wp-content\/uploads\/2023\/02\/IMG_8357-2048x1365.jpg 2048w, https:\/\/conadi.gob.gt\/web\/wp-content\/uploads\/2023\/02\/IMG_8357-2000x1333.jpg 2000w\" sizes=\"auto, (max-width: 1024px) 100vw, 1024px\" \/><\/figure>\n\n\n\n<p>En dichas reuniones participaron Fausto Reyes, director t\u00e9cnico del CONADI y t\u00e9cnicos del Consejo, Alejandra Chiroy, jefa de Registro Ciudadano del Tribunal Supremo Electoral y t\u00e9cnicos del Tribunal.<\/p>\n","protected":false},"excerpt":{"rendered":"<p>Un cat\u00e1logo sobre condici\u00f3n de discapacidad creado por el Tribunal Supremo Electoral con la asesor\u00eda del CONADI, se implementar\u00e1 en el mes de febrero, con el objetivo de facilitar el registro de personas con discapacidad en la fase de empadronamiento y actualizaci\u00f3n de condici\u00f3n de discapacidad. Acci\u00f3n con la cual se da seguimiento a la &hellip; <\/p>\n<p class=\"link-more\"><a href=\"https:\/\/conadi.gob.gt\/web\/facilitaran-registro-de-personas-con-discapacidad\/\" class=\"more-link\">Leer m\u00e1s<span class=\"screen-reader-text\"> \u00abFACILITAR\u00c1N REGISTRO DE PERSONAS CON DISCAPACIDAD\u00bb<\/span><\/a><\/p>\n","protected":false},"author":12,"featured_media":12626,"comment_status":"closed","ping_status":"closed","sticky":false,"template":"","format":"standard","meta":{"footnotes":""},"categories":[3],"tags":[],"class_list":["post-12615","post","type-post","status-publish","format-standard","has-post-thumbnail","hentry","category-noticias"],"_links":{"self":[{"href":"https:\/\/conadi.gob.gt\/web\/wp-json\/wp\/v2\/posts\/12615","targetHints":{"allow":["GET"]}}],"collection":[{"href":"https:\/\/conadi.gob.gt\/web\/wp-json\/wp\/v2\/posts"}],"about":[{"href":"https:\/\/conadi.gob.gt\/web\/wp-json\/wp\/v2\/types\/post"}],"author":[{"embeddable":true,"href":"https:\/\/conadi.gob.gt\/web\/wp-json\/wp\/v2\/users\/12"}],"replies":[{"embeddable":true,"href":"https:\/\/conadi.gob.gt\/web\/wp-json\/wp\/v2\/comments?post=12615"}],"version-history":[{"count":2,"href":"https:\/\/conadi.gob.gt\/web\/wp-json\/wp\/v2\/posts\/12615\/revisions"}],"predecessor-version":[{"id":12627,"href":"https:\/\/conadi.gob.gt\/web\/wp-json\/wp\/v2\/posts\/12615\/revisions\/12627"}],"wp:featuredmedia":[{"embeddable":true,"href":"https:\/\/conadi.gob.gt\/web\/wp-json\/wp\/v2\/media\/12626"}],"wp:attachment":[{"href":"https:\/\/conadi.gob.gt\/web\/wp-json\/wp\/v2\/media?parent=12615"}],"wp:term":[{"taxonomy":"category","embeddable":true,"href":"https:\/\/conadi.gob.gt\/web\/wp-json\/wp\/v2\/categories?post=12615"},{"taxonomy":"post_tag","embeddable":true,"href":"https:\/\/conadi.gob.gt\/web\/wp-json\/wp\/v2\/tags?post=12615"}],"curies":[{"name":"wp","href":"https:\/\/api.w.org\/{rel}","templated":true}]}}