{"id":12923,"date":"2023-03-03T21:29:30","date_gmt":"2023-03-03T21:29:30","guid":{"rendered":"https:\/\/conadi.gob.gt\/web\/?p=12923"},"modified":"2023-03-07T15:51:56","modified_gmt":"2023-03-07T15:51:56","slug":"profesionales-de-la-salud-se-capacitan-sobre-certificacion-de-la-discapacidad","status":"publish","type":"post","link":"https:\/\/conadi.gob.gt\/web\/profesionales-de-la-salud-se-capacitan-sobre-certificacion-de-la-discapacidad\/","title":{"rendered":"Profesionales de la salud se capacitan sobre: \u00abClasificaci\u00f3n del funcionamiento de la discapacidad y de la salud CIF\u00bb, en seguimiento al proceso de Certificaci\u00f3n de la Discapacidad"},"content":{"rendered":"\n<figure class=\"wp-block-image size-large\"><img loading=\"lazy\" decoding=\"async\" width=\"1024\" height=\"682\" src=\"https:\/\/conadi.gob.gt\/web\/wp-content\/uploads\/2023\/03\/95c2295a-ec60-44bf-a480-269d92176cce-1024x682.jpg\" alt=\"\" class=\"wp-image-12924\" srcset=\"https:\/\/conadi.gob.gt\/web\/wp-content\/uploads\/2023\/03\/95c2295a-ec60-44bf-a480-269d92176cce-1024x682.jpg 1024w, https:\/\/conadi.gob.gt\/web\/wp-content\/uploads\/2023\/03\/95c2295a-ec60-44bf-a480-269d92176cce-300x200.jpg 300w, https:\/\/conadi.gob.gt\/web\/wp-content\/uploads\/2023\/03\/95c2295a-ec60-44bf-a480-269d92176cce-768x512.jpg 768w, https:\/\/conadi.gob.gt\/web\/wp-content\/uploads\/2023\/03\/95c2295a-ec60-44bf-a480-269d92176cce-1536x1023.jpg 1536w, https:\/\/conadi.gob.gt\/web\/wp-content\/uploads\/2023\/03\/95c2295a-ec60-44bf-a480-269d92176cce.jpg 1600w\" sizes=\"auto, (max-width: 1024px) 100vw, 1024px\" \/><\/figure>\n\n\n\n<p><\/p>\n\n\n\n<p>Alrededor de 70 profesionales de la salud del Ministerio de Salud P\u00fablica y Asistencia Social (MSPAS), participaron en el segundo curso \u201cTaller \u2013 Capacitaci\u00f3n a profesionales de los hospitales nacionales en la clasificaci\u00f3n del funcionamiento de la discapacidad y de la salud CIF\u201d. Este taller tuvo una duraci\u00f3n de 5 d\u00edas h\u00e1biles, en jornada completa y modalidad h\u00edbrida.<\/p>\n\n\n\n<p><br \/>Tanto en el acto inaugural y de clausura particip\u00f3 Clarivel Castillo, presidenta del CONADI, quien hizo entrega de los diplomas a los participantes. Castillo, exhort\u00f3 a los profesionales a formar parte del avance de la tem\u00e1tica de discapacidad y dar respuesta a las observaciones y recomendaciones emitidas por Expertos de Naciones Unidas respecto al cumplimiento de la Convenci\u00f3n sobre los Derechos de las Personas con Discapacidad.<\/p>\n\n\n\n<figure class=\"wp-block-image size-large\"><img loading=\"lazy\" decoding=\"async\" width=\"1024\" height=\"715\" src=\"https:\/\/conadi.gob.gt\/web\/wp-content\/uploads\/2023\/03\/33f02538-77ee-4308-a6dc-91278d5361c9-1-1024x715.jpg\" alt=\"\" class=\"wp-image-12926\" srcset=\"https:\/\/conadi.gob.gt\/web\/wp-content\/uploads\/2023\/03\/33f02538-77ee-4308-a6dc-91278d5361c9-1-1024x715.jpg 1024w, https:\/\/conadi.gob.gt\/web\/wp-content\/uploads\/2023\/03\/33f02538-77ee-4308-a6dc-91278d5361c9-1-300x210.jpg 300w, https:\/\/conadi.gob.gt\/web\/wp-content\/uploads\/2023\/03\/33f02538-77ee-4308-a6dc-91278d5361c9-1-768x537.jpg 768w, https:\/\/conadi.gob.gt\/web\/wp-content\/uploads\/2023\/03\/33f02538-77ee-4308-a6dc-91278d5361c9-1.jpg 1105w\" sizes=\"auto, (max-width: 1024px) 100vw, 1024px\" \/><\/figure>\n\n\n\n<p><br \/>En el taller participaron delegados en las especialidades de Fisioterapia, Psicolog\u00eda y Trabajo Social, por ser los profesionales que integrar\u00e1n la Junta evaluadora para la certificaci\u00f3n de la discapacidad en los hospitales Roosevelt, General San Juan de Dios, Ortopedia y Rehabilitaci\u00f3n \u201cJorge Von Ahn\u201d, Especializado de Villa Nueva, Infantil de Infectolog\u00eda y Rehabilitaci\u00f3n, Salud Mental, Cob\u00e1n, Chimaltenango, Regional de Occidente Quetzaltenango, Totonicap\u00e1n y San Benito, Pet\u00e9n.<\/p>\n\n\n\n<p><\/p>\n\n\n\n<p><br \/>La actividad fue realizada en seguimiento al Acuerdo Ministerial de Salud No. 214-2022 de fecha 19 de agosto del mismo a\u00f1o, sobre la creaci\u00f3n de la comisi\u00f3n intrainstitucional para la implementaci\u00f3n del Sistema Nacional de Certificaci\u00f3n de personas con discapacidad, coordinado por el Consejo Nacional para la Atenci\u00f3n de las Personas con Discapacidad (CONADI), Ministerio de Salud P\u00fablica y Asistencia Social (MSPAS) y Programa de las Naciones Unidas para el Desarrollo (PNUD).<\/p>\n\n\n\n<figure class=\"wp-block-image size-large\"><img loading=\"lazy\" decoding=\"async\" width=\"1024\" height=\"682\" src=\"https:\/\/conadi.gob.gt\/web\/wp-content\/uploads\/2023\/03\/b25ffcdc-f4c1-4ad3-8547-716167abb41e-1024x682.jpg\" alt=\"\" class=\"wp-image-12927\" srcset=\"https:\/\/conadi.gob.gt\/web\/wp-content\/uploads\/2023\/03\/b25ffcdc-f4c1-4ad3-8547-716167abb41e-1024x682.jpg 1024w, https:\/\/conadi.gob.gt\/web\/wp-content\/uploads\/2023\/03\/b25ffcdc-f4c1-4ad3-8547-716167abb41e-300x200.jpg 300w, https:\/\/conadi.gob.gt\/web\/wp-content\/uploads\/2023\/03\/b25ffcdc-f4c1-4ad3-8547-716167abb41e-768x512.jpg 768w, https:\/\/conadi.gob.gt\/web\/wp-content\/uploads\/2023\/03\/b25ffcdc-f4c1-4ad3-8547-716167abb41e-1536x1023.jpg 1536w, https:\/\/conadi.gob.gt\/web\/wp-content\/uploads\/2023\/03\/b25ffcdc-f4c1-4ad3-8547-716167abb41e.jpg 1600w\" sizes=\"auto, (max-width: 1024px) 100vw, 1024px\" \/><\/figure>\n","protected":false},"excerpt":{"rendered":"<p>Alrededor de 70 profesionales de la salud del Ministerio de Salud P\u00fablica y Asistencia Social (MSPAS), participaron en el segundo curso \u201cTaller \u2013 Capacitaci\u00f3n a profesionales de los hospitales nacionales en la clasificaci\u00f3n del funcionamiento de la discapacidad y de la salud CIF\u201d. Este taller tuvo una duraci\u00f3n de 5 d\u00edas h\u00e1biles, en jornada completa &hellip; <\/p>\n<p class=\"link-more\"><a href=\"https:\/\/conadi.gob.gt\/web\/profesionales-de-la-salud-se-capacitan-sobre-certificacion-de-la-discapacidad\/\" class=\"more-link\">Leer m\u00e1s<span class=\"screen-reader-text\"> \u00abProfesionales de la salud se capacitan sobre: \u00abClasificaci\u00f3n del funcionamiento de la discapacidad y de la salud CIF\u00bb, en seguimiento al proceso de Certificaci\u00f3n de la Discapacidad\u00bb<\/span><\/a><\/p>\n","protected":false},"author":12,"featured_media":12924,"comment_status":"closed","ping_status":"closed","sticky":false,"template":"","format":"standard","meta":{"footnotes":""},"categories":[3],"tags":[],"class_list":["post-12923","post","type-post","status-publish","format-standard","has-post-thumbnail","hentry","category-noticias"],"_links":{"self":[{"href":"https:\/\/conadi.gob.gt\/web\/wp-json\/wp\/v2\/posts\/12923","targetHints":{"allow":["GET"]}}],"collection":[{"href":"https:\/\/conadi.gob.gt\/web\/wp-json\/wp\/v2\/posts"}],"about":[{"href":"https:\/\/conadi.gob.gt\/web\/wp-json\/wp\/v2\/types\/post"}],"author":[{"embeddable":true,"href":"https:\/\/conadi.gob.gt\/web\/wp-json\/wp\/v2\/users\/12"}],"replies":[{"embeddable":true,"href":"https:\/\/conadi.gob.gt\/web\/wp-json\/wp\/v2\/comments?post=12923"}],"version-history":[{"count":3,"href":"https:\/\/conadi.gob.gt\/web\/wp-json\/wp\/v2\/posts\/12923\/revisions"}],"predecessor-version":[{"id":12964,"href":"https:\/\/conadi.gob.gt\/web\/wp-json\/wp\/v2\/posts\/12923\/revisions\/12964"}],"wp:featuredmedia":[{"embeddable":true,"href":"https:\/\/conadi.gob.gt\/web\/wp-json\/wp\/v2\/media\/12924"}],"wp:attachment":[{"href":"https:\/\/conadi.gob.gt\/web\/wp-json\/wp\/v2\/media?parent=12923"}],"wp:term":[{"taxonomy":"category","embeddable":true,"href":"https:\/\/conadi.gob.gt\/web\/wp-json\/wp\/v2\/categories?post=12923"},{"taxonomy":"post_tag","embeddable":true,"href":"https:\/\/conadi.gob.gt\/web\/wp-json\/wp\/v2\/tags?post=12923"}],"curies":[{"name":"wp","href":"https:\/\/api.w.org\/{rel}","templated":true}]}}