{"id":12936,"date":"2023-03-06T17:51:06","date_gmt":"2023-03-06T17:51:06","guid":{"rendered":"https:\/\/conadi.gob.gt\/web\/?p=12936"},"modified":"2023-03-06T18:42:27","modified_gmt":"2023-03-06T18:42:27","slug":"conadi-comparte-informacion-estadistica","status":"publish","type":"post","link":"https:\/\/conadi.gob.gt\/web\/conadi-comparte-informacion-estadistica\/","title":{"rendered":"CONADI COMPARTE INFORMACI\u00d3N ESTADISTICA"},"content":{"rendered":"\n<p>Fortalecer y dotar a las instituciones p\u00fablicas, acad\u00e9micas, de cooperaci\u00f3n y sociedad civil del Departamento de Guatemala sobre los datos de registros a nivel nacional y departamental sobre las personas con discapacidad, se lleva a cabo el \u201cTaller de coordinaci\u00f3n y socializaci\u00f3n de estudios, informes y datos estad\u00edsticos de personas con discapacidad\u201d realizado por el Departamento de Desarrollo de Investigaci\u00f3n y An\u00e1lisis de la Informaci\u00f3n del CONADI.<\/p>\n\n\n\n<figure class=\"wp-block-image size-large\"><img loading=\"lazy\" decoding=\"async\" width=\"1024\" height=\"683\" src=\"https:\/\/conadi.gob.gt\/web\/wp-content\/uploads\/2023\/03\/WhatsApp-Image-2023-03-06-at-11.22.47-2-1-1024x683.jpeg\" alt=\"\" class=\"wp-image-12945\" srcset=\"https:\/\/conadi.gob.gt\/web\/wp-content\/uploads\/2023\/03\/WhatsApp-Image-2023-03-06-at-11.22.47-2-1-1024x683.jpeg 1024w, https:\/\/conadi.gob.gt\/web\/wp-content\/uploads\/2023\/03\/WhatsApp-Image-2023-03-06-at-11.22.47-2-1-300x200.jpeg 300w, https:\/\/conadi.gob.gt\/web\/wp-content\/uploads\/2023\/03\/WhatsApp-Image-2023-03-06-at-11.22.47-2-1-768x512.jpeg 768w, https:\/\/conadi.gob.gt\/web\/wp-content\/uploads\/2023\/03\/WhatsApp-Image-2023-03-06-at-11.22.47-2-1.jpeg 1500w\" sizes=\"auto, (max-width: 1024px) 100vw, 1024px\" \/><\/figure>\n\n\n\n<p>En el acto protocolario participaron Clarivel Castillo, presidenta del CONADI; Dania Moscoso, directora General y Thal\u00eda Hidalgo, promotora de la Pol\u00edtica de Discapacidad en el Departamento de Guatemala del Consejo. En su mensaje institucional, Castillo resalt\u00f3 que este taller busca incidir en la generaci\u00f3n de investigaciones y datos estad\u00edsticos para orientar sus planificaciones y toma de decisiones en favor de este sector.<\/p>\n\n\n\n<figure class=\"wp-block-image size-large\"><img loading=\"lazy\" decoding=\"async\" width=\"1024\" height=\"683\" src=\"https:\/\/conadi.gob.gt\/web\/wp-content\/uploads\/2023\/03\/333628721_3377882779137814_7085706267259379695_n-1024x683.jpg\" alt=\"\" class=\"wp-image-12944\" srcset=\"https:\/\/conadi.gob.gt\/web\/wp-content\/uploads\/2023\/03\/333628721_3377882779137814_7085706267259379695_n-1024x683.jpg 1024w, https:\/\/conadi.gob.gt\/web\/wp-content\/uploads\/2023\/03\/333628721_3377882779137814_7085706267259379695_n-300x200.jpg 300w, https:\/\/conadi.gob.gt\/web\/wp-content\/uploads\/2023\/03\/333628721_3377882779137814_7085706267259379695_n-768x512.jpg 768w, https:\/\/conadi.gob.gt\/web\/wp-content\/uploads\/2023\/03\/333628721_3377882779137814_7085706267259379695_n-1536x1024.jpg 1536w, https:\/\/conadi.gob.gt\/web\/wp-content\/uploads\/2023\/03\/333628721_3377882779137814_7085706267259379695_n-2000x1333.jpg 2000w, https:\/\/conadi.gob.gt\/web\/wp-content\/uploads\/2023\/03\/333628721_3377882779137814_7085706267259379695_n.jpg 2048w\" sizes=\"auto, (max-width: 1024px) 100vw, 1024px\" \/><\/figure>\n\n\n\n<p>Tambi\u00e9n, participaron representantes del Ministerio de Salud P\u00fablica y Asistencia Social (MSPAS); Ministerio de Educaci\u00f3n (MINEDUC; Secretaria Presidencial de la Mujer (SEPREM); Registro Nacional de las Personas (RENAP); Ministerio de Agricultura, Ganader\u00eda y Alimentaci\u00f3n (MAGA); Ministerio de Desarrollo Social (MIDES); Ministerio de Trabajo y Previsi\u00f3n Social (MINTRAB); Ministerio de Econom\u00eda (MINECO); Comisi\u00f3n Presidencial por la Paz y los Derechos Humanos (COPADEH) y Oficinas Municipales de Discapacidad de Ciudad de Guatemala, Villa Nueva, San Juan Sacatep\u00e9quez y Palencia.<\/p>\n\n\n\n<div class=\"wp-block-columns is-layout-flex wp-container-core-columns-is-layout-28f84493 wp-block-columns-is-layout-flex\">\n<div class=\"wp-block-column is-layout-flow wp-block-column-is-layout-flow\">\n<figure class=\"wp-block-image size-large\"><img loading=\"lazy\" decoding=\"async\" width=\"1024\" height=\"683\" src=\"https:\/\/conadi.gob.gt\/web\/wp-content\/uploads\/2023\/03\/WhatsApp-Image-2023-03-06-at-11.22.47-4-1024x683.jpeg\" alt=\"\" class=\"wp-image-12942\" srcset=\"https:\/\/conadi.gob.gt\/web\/wp-content\/uploads\/2023\/03\/WhatsApp-Image-2023-03-06-at-11.22.47-4-1024x683.jpeg 1024w, https:\/\/conadi.gob.gt\/web\/wp-content\/uploads\/2023\/03\/WhatsApp-Image-2023-03-06-at-11.22.47-4-300x200.jpeg 300w, https:\/\/conadi.gob.gt\/web\/wp-content\/uploads\/2023\/03\/WhatsApp-Image-2023-03-06-at-11.22.47-4-768x512.jpeg 768w, https:\/\/conadi.gob.gt\/web\/wp-content\/uploads\/2023\/03\/WhatsApp-Image-2023-03-06-at-11.22.47-4.jpeg 1500w\" sizes=\"auto, (max-width: 1024px) 100vw, 1024px\" \/><\/figure>\n<\/div>\n\n\n\n<div class=\"wp-block-column is-layout-flow wp-block-column-is-layout-flow\">\n<figure class=\"wp-block-image size-large\"><img loading=\"lazy\" decoding=\"async\" width=\"1024\" height=\"683\" src=\"https:\/\/conadi.gob.gt\/web\/wp-content\/uploads\/2023\/03\/333908682_761271049002164_107726191073919288_n-1024x683.jpg\" alt=\"\" class=\"wp-image-12947\" srcset=\"https:\/\/conadi.gob.gt\/web\/wp-content\/uploads\/2023\/03\/333908682_761271049002164_107726191073919288_n-1024x683.jpg 1024w, https:\/\/conadi.gob.gt\/web\/wp-content\/uploads\/2023\/03\/333908682_761271049002164_107726191073919288_n-300x200.jpg 300w, https:\/\/conadi.gob.gt\/web\/wp-content\/uploads\/2023\/03\/333908682_761271049002164_107726191073919288_n-768x512.jpg 768w, https:\/\/conadi.gob.gt\/web\/wp-content\/uploads\/2023\/03\/333908682_761271049002164_107726191073919288_n-1536x1024.jpg 1536w, https:\/\/conadi.gob.gt\/web\/wp-content\/uploads\/2023\/03\/333908682_761271049002164_107726191073919288_n-2000x1333.jpg 2000w, https:\/\/conadi.gob.gt\/web\/wp-content\/uploads\/2023\/03\/333908682_761271049002164_107726191073919288_n.jpg 2048w\" sizes=\"auto, (max-width: 1024px) 100vw, 1024px\" \/><\/figure>\n<\/div>\n\n\n\n<div class=\"wp-block-column is-layout-flow wp-block-column-is-layout-flow\">\n<figure class=\"wp-block-image size-large\"><img loading=\"lazy\" decoding=\"async\" width=\"1024\" height=\"683\" src=\"https:\/\/conadi.gob.gt\/web\/wp-content\/uploads\/2023\/03\/WhatsApp-Image-2023-03-06-at-11.22.46-1024x683.jpeg\" alt=\"\" class=\"wp-image-12941\" srcset=\"https:\/\/conadi.gob.gt\/web\/wp-content\/uploads\/2023\/03\/WhatsApp-Image-2023-03-06-at-11.22.46-1024x683.jpeg 1024w, https:\/\/conadi.gob.gt\/web\/wp-content\/uploads\/2023\/03\/WhatsApp-Image-2023-03-06-at-11.22.46-300x200.jpeg 300w, https:\/\/conadi.gob.gt\/web\/wp-content\/uploads\/2023\/03\/WhatsApp-Image-2023-03-06-at-11.22.46-768x512.jpeg 768w, https:\/\/conadi.gob.gt\/web\/wp-content\/uploads\/2023\/03\/WhatsApp-Image-2023-03-06-at-11.22.46.jpeg 1500w\" sizes=\"auto, (max-width: 1024px) 100vw, 1024px\" \/><\/figure>\n<\/div>\n<\/div>\n\n\n\n<div class=\"wp-block-columns is-layout-flex wp-container-core-columns-is-layout-28f84493 wp-block-columns-is-layout-flex\">\n<div class=\"wp-block-column is-layout-flow wp-block-column-is-layout-flow\">\n<figure class=\"wp-block-image size-large\"><img loading=\"lazy\" decoding=\"async\" width=\"1024\" height=\"683\" src=\"https:\/\/conadi.gob.gt\/web\/wp-content\/uploads\/2023\/03\/WhatsApp-Image-2023-03-06-at-11.22.47-1-1024x683.jpeg\" alt=\"\" class=\"wp-image-12939\" srcset=\"https:\/\/conadi.gob.gt\/web\/wp-content\/uploads\/2023\/03\/WhatsApp-Image-2023-03-06-at-11.22.47-1-1024x683.jpeg 1024w, https:\/\/conadi.gob.gt\/web\/wp-content\/uploads\/2023\/03\/WhatsApp-Image-2023-03-06-at-11.22.47-1-300x200.jpeg 300w, https:\/\/conadi.gob.gt\/web\/wp-content\/uploads\/2023\/03\/WhatsApp-Image-2023-03-06-at-11.22.47-1-768x512.jpeg 768w, https:\/\/conadi.gob.gt\/web\/wp-content\/uploads\/2023\/03\/WhatsApp-Image-2023-03-06-at-11.22.47-1.jpeg 1500w\" sizes=\"auto, (max-width: 1024px) 100vw, 1024px\" \/><\/figure>\n<\/div>\n\n\n\n<div class=\"wp-block-column is-layout-flow wp-block-column-is-layout-flow\">\n<figure class=\"wp-block-image size-large\"><img loading=\"lazy\" decoding=\"async\" width=\"1024\" height=\"683\" src=\"https:\/\/conadi.gob.gt\/web\/wp-content\/uploads\/2023\/03\/WhatsApp-Image-2023-03-06-at-11.22.47-1024x683.jpeg\" alt=\"\" class=\"wp-image-12937\" srcset=\"https:\/\/conadi.gob.gt\/web\/wp-content\/uploads\/2023\/03\/WhatsApp-Image-2023-03-06-at-11.22.47-1024x683.jpeg 1024w, https:\/\/conadi.gob.gt\/web\/wp-content\/uploads\/2023\/03\/WhatsApp-Image-2023-03-06-at-11.22.47-300x200.jpeg 300w, https:\/\/conadi.gob.gt\/web\/wp-content\/uploads\/2023\/03\/WhatsApp-Image-2023-03-06-at-11.22.47-768x512.jpeg 768w, https:\/\/conadi.gob.gt\/web\/wp-content\/uploads\/2023\/03\/WhatsApp-Image-2023-03-06-at-11.22.47.jpeg 1500w\" sizes=\"auto, (max-width: 1024px) 100vw, 1024px\" \/><\/figure>\n<\/div>\n\n\n\n<div class=\"wp-block-column is-layout-flow wp-block-column-is-layout-flow\">\n<figure class=\"wp-block-image size-large\"><img loading=\"lazy\" decoding=\"async\" width=\"1024\" height=\"683\" src=\"https:\/\/conadi.gob.gt\/web\/wp-content\/uploads\/2023\/03\/WhatsApp-Image-2023-03-06-at-11.22.47-3-1024x683.jpeg\" alt=\"\" class=\"wp-image-12940\" srcset=\"https:\/\/conadi.gob.gt\/web\/wp-content\/uploads\/2023\/03\/WhatsApp-Image-2023-03-06-at-11.22.47-3-1024x683.jpeg 1024w, https:\/\/conadi.gob.gt\/web\/wp-content\/uploads\/2023\/03\/WhatsApp-Image-2023-03-06-at-11.22.47-3-300x200.jpeg 300w, https:\/\/conadi.gob.gt\/web\/wp-content\/uploads\/2023\/03\/WhatsApp-Image-2023-03-06-at-11.22.47-3-768x512.jpeg 768w, https:\/\/conadi.gob.gt\/web\/wp-content\/uploads\/2023\/03\/WhatsApp-Image-2023-03-06-at-11.22.47-3.jpeg 1500w\" sizes=\"auto, (max-width: 1024px) 100vw, 1024px\" \/><\/figure>\n<\/div>\n<\/div>\n","protected":false},"excerpt":{"rendered":"<p>Fortalecer y dotar a las instituciones p\u00fablicas, acad\u00e9micas, de cooperaci\u00f3n y sociedad civil del Departamento de Guatemala sobre los datos de registros a nivel nacional y departamental sobre las personas con discapacidad, se lleva a cabo el \u201cTaller de coordinaci\u00f3n y socializaci\u00f3n de estudios, informes y datos estad\u00edsticos de personas con discapacidad\u201d realizado por el &hellip; <\/p>\n<p class=\"link-more\"><a href=\"https:\/\/conadi.gob.gt\/web\/conadi-comparte-informacion-estadistica\/\" class=\"more-link\">Leer m\u00e1s<span class=\"screen-reader-text\"> \u00abCONADI COMPARTE INFORMACI\u00d3N ESTADISTICA\u00bb<\/span><\/a><\/p>\n","protected":false},"author":12,"featured_media":12938,"comment_status":"closed","ping_status":"closed","sticky":false,"template":"","format":"standard","meta":{"footnotes":""},"categories":[3],"tags":[],"class_list":["post-12936","post","type-post","status-publish","format-standard","has-post-thumbnail","hentry","category-noticias"],"_links":{"self":[{"href":"https:\/\/conadi.gob.gt\/web\/wp-json\/wp\/v2\/posts\/12936","targetHints":{"allow":["GET"]}}],"collection":[{"href":"https:\/\/conadi.gob.gt\/web\/wp-json\/wp\/v2\/posts"}],"about":[{"href":"https:\/\/conadi.gob.gt\/web\/wp-json\/wp\/v2\/types\/post"}],"author":[{"embeddable":true,"href":"https:\/\/conadi.gob.gt\/web\/wp-json\/wp\/v2\/users\/12"}],"replies":[{"embeddable":true,"href":"https:\/\/conadi.gob.gt\/web\/wp-json\/wp\/v2\/comments?post=12936"}],"version-history":[{"count":3,"href":"https:\/\/conadi.gob.gt\/web\/wp-json\/wp\/v2\/posts\/12936\/revisions"}],"predecessor-version":[{"id":12950,"href":"https:\/\/conadi.gob.gt\/web\/wp-json\/wp\/v2\/posts\/12936\/revisions\/12950"}],"wp:featuredmedia":[{"embeddable":true,"href":"https:\/\/conadi.gob.gt\/web\/wp-json\/wp\/v2\/media\/12938"}],"wp:attachment":[{"href":"https:\/\/conadi.gob.gt\/web\/wp-json\/wp\/v2\/media?parent=12936"}],"wp:term":[{"taxonomy":"category","embeddable":true,"href":"https:\/\/conadi.gob.gt\/web\/wp-json\/wp\/v2\/categories?post=12936"},{"taxonomy":"post_tag","embeddable":true,"href":"https:\/\/conadi.gob.gt\/web\/wp-json\/wp\/v2\/tags?post=12936"}],"curies":[{"name":"wp","href":"https:\/\/api.w.org\/{rel}","templated":true}]}}